{"id":151118,"date":"2025-06-04T09:45:13","date_gmt":"2025-06-04T09:45:13","guid":{"rendered":"https:\/\/www.europesays.com\/fr\/151118\/"},"modified":"2025-06-04T09:45:13","modified_gmt":"2025-06-04T09:45:13","slug":"pourquoi-la-mise-en-service-complete-de-la-tranchee-couverte-est-reportee","status":"publish","type":"post","link":"https:\/\/www.europesays.com\/fr\/151118\/","title":{"rendered":"pourquoi la mise en service compl\u00e8te de la tranch\u00e9e couverte est report\u00e9e"},"content":{"rendered":"<p>Ce mercredi 4\u00a0juin au matin devait marquer le d\u00e9but de la mise en service compl\u00e8te de la nouvelle tranch\u00e9e couverte de l\u2019\u00e9changeur du <a href=\"https:\/\/www.ledauphine.com\/d\/echangeur-du-rondeau-ou-en-est-le-chantier-95a8e06d-60b2-410a-b4e4-3210965d68d5\" target=\"_blank\" rel=\"noopener\">Rondeau<\/a>. Mardi dernier en effet, c\u2019est <a href=\"https:\/\/www.ledauphine.com\/transport\/2025\/05\/26\/isere-metropole-de-grenoble-rondeau-la-tranchee-couverte-ouvre-en-partie-ce-mardi\" target=\"_blank\" rel=\"noopener\">la partie nord<\/a>, dans le sens Chamb\u00e9ry &#8211; A480, donc, qui avait \u00e9t\u00e9 \u00e9t\u00e9 ouverte aux automobilistes.<\/p>\n<p>La mise en service du tube sud \u00e9tait pr\u00e9vue ce mardi 3\u00a0juin pour la liaison entre Sisteron et Chamb\u00e9ry et ce 4\u00a0juin, pour la liaison entre Lyon et Chamb\u00e9ry. Sauf que les services de la pr\u00e9fecture de l\u2019Is\u00e8re ont annonc\u00e9 ce mercredi que \u00ab\u00a0les conditions m\u00e9t\u00e9orologiques n\u00e9cessitent un d\u00e9calage du calendrier. En effet, le marquage d\u00e9finitif permettant la liaison avec la voirie existante doit \u00eatre obligatoirement r\u00e9alis\u00e9 au dernier moment.\u00a0Or, cette op\u00e9ration doit \u00eatre report\u00e9e en raison des r\u00e9centes pluies\u00a0\u00bb.<\/p>\n<p>Si l\u2019\u00c9tat assure que \u00ab\u00a0les \u00e9quipes travaillent pour une mise en service dans les plus brefs d\u00e9lais\u00a0\u00bb, aucune date n\u2019a pour l\u2019heure \u00e9t\u00e9 communiqu\u00e9e.<\/p>\n","protected":false},"excerpt":{"rendered":"Ce mercredi 4\u00a0juin au matin devait marquer le d\u00e9but de la mise en service compl\u00e8te de la nouvelle&hellip;\n","protected":false},"author":2,"featured_media":151119,"comment_status":"","ping_status":"","sticky":false,"template":"","format":"standard","meta":{"footnotes":""},"categories":[9566],"tags":[1111,11,2430,3542,9852,9853,112,1777,674,1011,27,2731,108,12,25,2803],"class_list":{"0":"post-151118","1":"post","2":"type-post","3":"status-publish","4":"format-standard","5":"has-post-thumbnail","7":"category-grenoble","8":"tag-actu","9":"tag-actualites","10":"tag-auvergne-rhone-alpes","11":"tag-circulation","12":"tag-echirolles","13":"tag-echirolles-bassin","14":"tag-edition-grenoble-agglomeration","15":"tag-eu","16":"tag-europe","17":"tag-fr","18":"tag-france","19":"tag-grenoble","20":"tag-isere","21":"tag-news","22":"tag-republique-francaise","23":"tag-transport"},"share_on_mastodon":{"url":"https:\/\/pubeurope.com\/@fr\/114624457854990666","error":""},"_links":{"self":[{"href":"https:\/\/www.europesays.com\/fr\/wp-json\/wp\/v2\/posts\/151118","targetHints":{"allow":["GET"]}}],"collection":[{"href":"https:\/\/www.europesays.com\/fr\/wp-json\/wp\/v2\/posts"}],"about":[{"href":"https:\/\/www.europesays.com\/fr\/wp-json\/wp\/v2\/types\/post"}],"author":[{"embeddable":true,"href":"https:\/\/www.europesays.com\/fr\/wp-json\/wp\/v2\/users\/2"}],"replies":[{"embeddable":true,"href":"https:\/\/www.europesays.com\/fr\/wp-json\/wp\/v2\/comments?post=151118"}],"version-history":[{"count":0,"href":"https:\/\/www.europesays.com\/fr\/wp-json\/wp\/v2\/posts\/151118\/revisions"}],"wp:featuredmedia":[{"embeddable":true,"href":"https:\/\/www.europesays.com\/fr\/wp-json\/wp\/v2\/media\/151119"}],"wp:attachment":[{"href":"https:\/\/www.europesays.com\/fr\/wp-json\/wp\/v2\/media?parent=151118"}],"wp:term":[{"taxonomy":"category","embeddable":true,"href":"https:\/\/www.europesays.com\/fr\/wp-json\/wp\/v2\/categories?post=151118"},{"taxonomy":"post_tag","embeddable":true,"href":"https:\/\/www.europesays.com\/fr\/wp-json\/wp\/v2\/tags?post=151118"}],"curies":[{"name":"wp","href":"https:\/\/api.w.org\/{rel}","templated":true}]}}