{"id":15112,"date":"2025-04-10T13:57:22","date_gmt":"2025-04-10T13:57:22","guid":{"rendered":"https:\/\/www.europesays.com\/fr\/15112\/"},"modified":"2025-04-10T13:57:22","modified_gmt":"2025-04-10T13:57:22","slug":"un-motard-meurt-en-percutant-une-vache-en-divagation-leleveur-juge-a-nantes","status":"publish","type":"post","link":"https:\/\/www.europesays.com\/fr\/15112\/","title":{"rendered":"un motard meurt en percutant une vache en divagation, l\u2019\u00e9leveur jug\u00e9 \u00e0 Nantes"},"content":{"rendered":"<p>Dix-huit mois de prison avec sursis ont \u00e9t\u00e9 requis contre un agriculteur d\u2019Aigrefeuille-sur-Maine (<a target=\"_self\" href=\"https:\/\/www.lanouvellerepublique.fr\/loire-atlantique\/loire-atlantique-ce-village-va-bientot-se-doter-d-une-superette-autonome-sans-caissiers-1744123339\" rel=\"noopener\">Loire-Atlantique<\/a>) jug\u00e9 pour homicide involontaire devant le tribunal correctionnel de Nantes jeudi 3\u00a0avril 2025. En 2023, l\u2019une de ses vaches avait \u00e9t\u00e9 percut\u00e9e par un motard. Victime d\u2019un traumatisme cr\u00e2nien, ce dernier n\u2019avait pas surv\u00e9cu \u00e0 l\u2019accident, rapporte <a target=\"_blank\" href=\"https:\/\/actu.fr\/pays-de-la-loire\/aigrefeuille-sur-maine_44002\/un-eleveur-de-loire-atlantique-juge-apres-quune-de-ses-vaches-en-divagation-ait-tue-un-motard_62478255.html\" rel=\"noopener\">L\u2019Hebdo de S\u00e8vre &amp; Maine<\/a>.<\/p>\n<p>Les faits se sont produits le 23\u00a0f\u00e9vrier 2023 sur une route d\u00e9partementale mouill\u00e9e et plong\u00e9e dans le noir. La victime, un policier \u00e0 la retraite de 62\u00a0ans, circulait en \u00ab\u00a0tricycle\u00a0\u00bb et avait percut\u00e9 \u00ab\u00a0une vache en divagation\u00a0\u00bb, avant de succomber \u00e0 ses blessures, comme l\u2019a rappel\u00e9 l\u2019huissier d\u2019audience, cit\u00e9 par nos confr\u00e8res.<\/p>\n<p>Pas d\u2019\u00e9lectricit\u00e9 sur la cl\u00f4ture<\/p>\n<p>D\u2019apr\u00e8s l\u2019enqu\u00eate, le courant de la cl\u00f4ture \u00e9lectrique de l\u2019enclos des vaches avait \u00e9t\u00e9 coup\u00e9 par l\u2019agriculteur pour cause de travaux, pr\u00e9cise le journal local. \u00ab\u00a0Je ne crois pas que les animaux soient sortis parce qu\u2019il n\u2019y avait pas d\u2019\u00e9lectricit\u00e9\u00a0: ils ont pu \u00eatre affol\u00e9s par un gibier ou des sangliers et avoir couru vers la cl\u00f4ture\u00a0\u00bb, a estim\u00e9 le mis en cause.<\/p>\n<p>Mais selon le procureur de la R\u00e9publique, l\u2019\u00e9leveur avait bien \u00ab\u00a0cr\u00e9\u00e9 une situation de danger\u00a0\u00bb parce qu\u2019il n\u2019a volontairement pas remis l\u2019\u00e9lectricit\u00e9. Le magistrat a \u00e9galement rappel\u00e9 que ses bovins avaient \u00ab\u00a0d\u00e9j\u00e0 \u00e9t\u00e9 aper\u00e7us\u00a0\u00bb en dehors de leur zone quatre jours auparavant. \u00c0 la barre, le pr\u00e9venu, sous \u00ab\u00a0le poids de la culpabilit\u00e9\u00a0\u00bb, a pr\u00e9sent\u00e9 ses \u00ab\u00a0excuses\u00a0\u00bb aux proches de la victime.<\/p>\n<p>La d\u00e9cision du tribunal est attendue pour d\u00e9but mai, note L\u2019Hebdo de S\u00e8vre &amp; Maine.<\/p>\n","protected":false},"excerpt":{"rendered":"Dix-huit mois de prison avec sursis ont \u00e9t\u00e9 requis contre un agriculteur d\u2019Aigrefeuille-sur-Maine (Loire-Atlantique) jug\u00e9 pour homicide involontaire&hellip;\n","protected":false},"author":2,"featured_media":15113,"comment_status":"","ping_status":"","sticky":false,"template":"","format":"standard","meta":{"footnotes":""},"categories":[2818],"tags":[1111,11,1674,1777,674,274,1011,27,3047,766,12,2636,25],"class_list":{"0":"post-15112","1":"post","2":"type-post","3":"status-publish","4":"format-standard","5":"has-post-thumbnail","7":"category-nantes","8":"tag-actu","9":"tag-actualites","10":"tag-communes","11":"tag-eu","12":"tag-europe","13":"tag-faits-divers-justice","14":"tag-fr","15":"tag-france","16":"tag-loire-atlantique","17":"tag-nantes","18":"tag-news","19":"tag-pays-de-la-loire","20":"tag-republique-francaise"},"share_on_mastodon":{"url":"https:\/\/pubeurope.com\/@fr\/114314021704842029","error":""},"_links":{"self":[{"href":"https:\/\/www.europesays.com\/fr\/wp-json\/wp\/v2\/posts\/15112","targetHints":{"allow":["GET"]}}],"collection":[{"href":"https:\/\/www.europesays.com\/fr\/wp-json\/wp\/v2\/posts"}],"about":[{"href":"https:\/\/www.europesays.com\/fr\/wp-json\/wp\/v2\/types\/post"}],"author":[{"embeddable":true,"href":"https:\/\/www.europesays.com\/fr\/wp-json\/wp\/v2\/users\/2"}],"replies":[{"embeddable":true,"href":"https:\/\/www.europesays.com\/fr\/wp-json\/wp\/v2\/comments?post=15112"}],"version-history":[{"count":0,"href":"https:\/\/www.europesays.com\/fr\/wp-json\/wp\/v2\/posts\/15112\/revisions"}],"wp:featuredmedia":[{"embeddable":true,"href":"https:\/\/www.europesays.com\/fr\/wp-json\/wp\/v2\/media\/15113"}],"wp:attachment":[{"href":"https:\/\/www.europesays.com\/fr\/wp-json\/wp\/v2\/media?parent=15112"}],"wp:term":[{"taxonomy":"category","embeddable":true,"href":"https:\/\/www.europesays.com\/fr\/wp-json\/wp\/v2\/categories?post=15112"},{"taxonomy":"post_tag","embeddable":true,"href":"https:\/\/www.europesays.com\/fr\/wp-json\/wp\/v2\/tags?post=15112"}],"curies":[{"name":"wp","href":"https:\/\/api.w.org\/{rel}","templated":true}]}}