{"id":151122,"date":"2025-06-04T09:47:16","date_gmt":"2025-06-04T09:47:16","guid":{"rendered":"https:\/\/www.europesays.com\/fr\/151122\/"},"modified":"2025-06-04T09:47:16","modified_gmt":"2025-06-04T09:47:16","slug":"confondu-par-une-video-un-policier-condamne-pour-des-violences-en-manifestation","status":"publish","type":"post","link":"https:\/\/www.europesays.com\/fr\/151122\/","title":{"rendered":"Confondu par une vid\u00e9o, un policier condamn\u00e9 pour des violences en manifestation"},"content":{"rendered":"<p><strong>tribunal &#8211; Les violences avaient \u00e9t\u00e9 commises en mars\u00a02023 pendant la mobilisation contre la r\u00e9forme des retraites<\/strong><\/p>\n<p>Les images ont parl\u00e9. Tourn\u00e9es en mars\u00a02023 en marge d\u2019une manifestation contre la <a href=\"https:\/\/www.20minutes.fr\/dossier\/reforme_des_retraites?at_medium=RSS%20feed&amp;at_campaign=ynews&amp;utm_source=yahoo&amp;utm_medium=rss&amp;utm_campaign=news_feed&amp;utm_content=in_article_link\" rel=\"nofollow noopener\" target=\"_blank\" data-ylk=\"slk:r\u00e9forme des retraites;elm:context_link;itc:0;sec:content-canvas\" class=\"link \">r\u00e9forme des retraites<\/a>, elles montrent les violences commises par un policier sur deux manifestants. La sc\u00e8ne se passe aux abords de l\u2019ancien cin\u00e9ma L\u2019Arvor, que des opposants \u00e0 la r\u00e9forme <a href=\"https:\/\/www.20minutes.fr\/societe\/4027482-20230312-reforme-retraites-rennes-ancien-cinema-occupe-opposants?at_medium=RSS%20feed&amp;at_campaign=ynews&amp;utm_source=yahoo&amp;utm_medium=rss&amp;utm_campaign=news_feed&amp;utm_content=in_article_link\" rel=\"nofollow noopener\" target=\"_blank\" data-ylk=\"slk:avaient occup\u00e9 en marge de leur mouvement de protestation;elm:context_link;itc:0;sec:content-canvas\" class=\"link \">avaient occup\u00e9 en marge de leur mouvement de protestation<\/a>. Confondu sur la vid\u00e9o, le policier a \u00e9t\u00e9 condamn\u00e9 \u00e0 cinq mois de prison avec sursis par le tribunal correctionnel de Rennes mardi. Le parquet avait requis six mois de prison avec sursis.<\/p>\n<p>L\u2019intervention s\u2019\u00e9tait d\u00e9roul\u00e9e en marge de l\u2019occupation de l\u2019ancien cin\u00e9ma d\u00e9saffect\u00e9, o\u00f9 une cinquantaine de personnes s\u2019\u00e9taient enferm\u00e9es. Une mission de maintien de l\u2019ordre compliqu\u00e9e, <a href=\"https:\/\/www.20minutes.fr\/societe\/reforme_des_retraites\/4029368-20230323-greve-23-mars-rennes-maire-appelle-emmanuel-macron-sortir-spirale?at_medium=RSS%20feed&amp;at_campaign=ynews&amp;utm_source=yahoo&amp;utm_medium=rss&amp;utm_campaign=news_feed&amp;utm_content=in_article_link\" rel=\"nofollow noopener\" target=\"_blank\" data-ylk=\"slk:dans une situation tendue;elm:context_link;itc:0;sec:content-canvas\" class=\"link \">dans une situation tendue<\/a>. A plusieurs reprises, <a href=\"https:\/\/www.20minutes.fr\/societe\/reforme_des_retraites\/4028337-20230317-reforme-retraites-desolant-stupeur-rennes-apres-saccage-ville-casseurs?at_medium=RSS%20feed&amp;at_campaign=ynews&amp;utm_source=yahoo&amp;utm_medium=rss&amp;utm_campaign=news_feed&amp;utm_content=in_article_link\" rel=\"nofollow noopener\" target=\"_blank\" data-ylk=\"slk:des commerces avaient \u00e9t\u00e9 saccag\u00e9s et pill\u00e9s;elm:context_link;itc:0;sec:content-canvas\" class=\"link \">des commerces avaient \u00e9t\u00e9 saccag\u00e9s et pill\u00e9s<\/a> et de nombreux b\u00e2timents d\u00e9grad\u00e9s par des manifestants. Vers 19h30, deux hommes \u00e2g\u00e9s aujourd\u2019hui de 35 ans et membres des syndicats \u00c9ducation et Sud Collectivit\u00e9s territoriales, avaient subi des violences par un policier.<\/p>\n<p>L\u2019un des deux hommes a eu un bras cass\u00e9 \u00e0 la suite d\u2019un coup de tonfa (une matraque \u00e0 poign\u00e9e) avec une ITT de 45 jours tandis que le second a subi diverses contusions valant deux jours d\u2019ITT. Mes clients \u00ab\u00a0n\u2019ont eu aucun geste violent ni aucune agressivit\u00e9 envers les policiers. La multiplicit\u00e9 des coups et leur violence, et m\u00eame leur localisation, a \u00e9t\u00e9 consid\u00e9r\u00e9e par le tribunal comme \u00e9tant tout \u00e0 fait excessives\u00a0\u00bb, a rappel\u00e9 Me Olivier Pacheu, avocat des plaignants.<\/p>\n<p><img decoding=\"async\" class=\"caas-img caas-lazy has-preview\" alt=\"null\" src=\"https:\/\/www.europesays.com\/fr\/wp-content\/uploads\/2025\/06\/035f651b923676f88e4136a2e1187d80.jpeg\"\/><\/p>\n<p>null<\/p>\n<p>(&#8230;)<\/p>\n<p><a href=\"https:\/\/www.20minutes.fr\/justice\/4156857-20250604-rennes-confondu-video-policier-condamne-violences-manifestation?at_medium=RSS%20feed&amp;at_campaign=ynews&amp;utm_source=yahoo&amp;utm_medium=rss&amp;utm_campaign=news_feed&amp;utm_content=read_more_link&quot;\" rel=\"nofollow noopener\" target=\"_blank\" data-ylk=\"slk:Lire la suite sur 20minutes;elm:context_link;itc:0;sec:content-canvas\" class=\"link \">Lire la suite sur 20minutes<\/a><\/p>\n<p>\u00c0 lire aussi :<br \/><a href=\"https:\/\/www.20minutes.fr\/faits_divers\/4156664-20250603-mort-nahel-policier-auteur-tir-juge-meurtre-assises?at_medium=RSS%20feed&amp;at_campaign=ynews&amp;utm_source=yahoo&amp;utm_medium=rss&amp;utm_campaign=news_feed&amp;utm_content=related_content_link\" rel=\"nofollow noopener\" target=\"_blank\" data-ylk=\"slk:Mort de Nahel\u00a0: Le policier auteur du tir sera jug\u00e9 pour meurtre aux assises;elm:context_link;itc:0;sec:content-canvas\" class=\"link \">Mort de Nahel\u00a0: Le policier auteur du tir sera jug\u00e9 pour meurtre aux assises<\/a><br \/><a href=\"https:\/\/www.20minutes.fr\/societe\/4156287-20250601-psg-inter-deux-morts-559-interpellations-toute-france?at_medium=RSS%20feed&amp;at_campaign=ynews&amp;utm_source=yahoo&amp;utm_medium=rss&amp;utm_campaign=news_feed&amp;utm_content=related_content_link\" rel=\"nofollow noopener\" target=\"_blank\" data-ylk=\"slk:PSG-Inter: Deux morts et 559 interpellations dans toute la France, le ministre de l\u2019Int\u00e9rieur \u00e9voque des \u00ab\u00a0barbares\u00a0\u00bb;elm:context_link;itc:0;sec:content-canvas\" class=\"link \">PSG-Inter: Deux morts et 559 interpellations dans toute la France, le ministre de l\u2019Int\u00e9rieur \u00e9voque des \u00ab\u00a0barbares\u00a0\u00bb<\/a><\/p>\n","protected":false},"excerpt":{"rendered":"tribunal &#8211; Les violences avaient \u00e9t\u00e9 commises en mars\u00a02023 pendant la mobilisation contre la r\u00e9forme des retraites Les&hellip;\n","protected":false},"author":2,"featured_media":151123,"comment_status":"","ping_status":"","sticky":false,"template":"","format":"standard","meta":{"footnotes":""},"categories":[2821],"tags":[1111,11,829,1777,674,1011,27,28051,12,10910,13454,11036,584,25,25463,2949],"class_list":{"0":"post-151122","1":"post","2":"type-post","3":"status-publish","4":"format-standard","5":"has-post-thumbnail","7":"category-rennes","8":"tag-actu","9":"tag-actualites","10":"tag-bretagne","11":"tag-eu","12":"tag-europe","13":"tag-fr","14":"tag-france","15":"tag-maintien-de-lordre","16":"tag-news","17":"tag-policier","18":"tag-prison-avec-sursis","19":"tag-reforme-des-retraites","20":"tag-rennes","21":"tag-republique-francaise","22":"tag-tribunal-correctionnel","23":"tag-violences"},"share_on_mastodon":{"url":"https:\/\/pubeurope.com\/@fr\/114624465872642852","error":""},"_links":{"self":[{"href":"https:\/\/www.europesays.com\/fr\/wp-json\/wp\/v2\/posts\/151122","targetHints":{"allow":["GET"]}}],"collection":[{"href":"https:\/\/www.europesays.com\/fr\/wp-json\/wp\/v2\/posts"}],"about":[{"href":"https:\/\/www.europesays.com\/fr\/wp-json\/wp\/v2\/types\/post"}],"author":[{"embeddable":true,"href":"https:\/\/www.europesays.com\/fr\/wp-json\/wp\/v2\/users\/2"}],"replies":[{"embeddable":true,"href":"https:\/\/www.europesays.com\/fr\/wp-json\/wp\/v2\/comments?post=151122"}],"version-history":[{"count":0,"href":"https:\/\/www.europesays.com\/fr\/wp-json\/wp\/v2\/posts\/151122\/revisions"}],"wp:featuredmedia":[{"embeddable":true,"href":"https:\/\/www.europesays.com\/fr\/wp-json\/wp\/v2\/media\/151123"}],"wp:attachment":[{"href":"https:\/\/www.europesays.com\/fr\/wp-json\/wp\/v2\/media?parent=151122"}],"wp:term":[{"taxonomy":"category","embeddable":true,"href":"https:\/\/www.europesays.com\/fr\/wp-json\/wp\/v2\/categories?post=151122"},{"taxonomy":"post_tag","embeddable":true,"href":"https:\/\/www.europesays.com\/fr\/wp-json\/wp\/v2\/tags?post=151122"}],"curies":[{"name":"wp","href":"https:\/\/api.w.org\/{rel}","templated":true}]}}