{"id":151126,"date":"2025-06-04T09:49:27","date_gmt":"2025-06-04T09:49:27","guid":{"rendered":"https:\/\/www.europesays.com\/fr\/151126\/"},"modified":"2025-06-04T09:49:27","modified_gmt":"2025-06-04T09:49:27","slug":"un-hopital-fait-passer-des-irm-a-des-cochons-avant-des-patients-cancereux","status":"publish","type":"post","link":"https:\/\/www.europesays.com\/fr\/151126\/","title":{"rendered":"un h\u00f4pital fait passer des IRM \u00e0 des cochons avant des patients canc\u00e9reux"},"content":{"rendered":"<p class=\"article-p mdl\">Il s&rsquo;agit d&rsquo;une histoire insolite qui s&rsquo;est d\u00e9roul\u00e9e aux H\u00f4pitaux Universitaires de Strasbourg : des dizaines de patients ont vu leur rendez-vous d&rsquo;IRM annul\u00e9. Il s&rsquo;agissait essentiellement de patients atteints d&rsquo;un cancer\u00a0<a class=\"link\" href=\"https:\/\/www.lepoint.fr\/sante\/les-cochons-prioritaires-sur-les-cancereux-aux-hopitaux-universitaires-de-strasbourg-21-05-2025-2590163_40.php?at_variante=Community%20Management&amp;at_creation=Facebook&amp;at_campaign=Page%20Facebook%20Le%20Point&amp;at_medium=Social%20Management\" target=\"_blank\" rel=\"noopener\">explique Le Point<\/a>, comme St\u00e9phane, souffrant d&rsquo;un cancer du c\u00f4lon m\u00e9tastas\u00e9 au foie et \u00e9paul\u00e9 par son fr\u00e8re jumeau \u00c9ric.\u00a0<\/p>\n<p class=\"article-p mdl\">Le 26 mars 2025, il devait passer une IRM pour \u00e9valuer les effets de sa chimioth\u00e9rapie. Ce rendez-vous important devait d\u00e9terminer la suite de son traitement. En cas de nouvelle positive, St\u00e9phane peut alors envisager une op\u00e9ration pour enlever sa m\u00e9tastase sur le foie.<\/p>\n<p class=\"article-p mdl\">Mais un jour, il re\u00e7oit un coup de fil : l&rsquo;IRM est annul\u00e9e. On ne lui propose pas d&rsquo;autre date, on ne l&rsquo;oriente pas vers un autre \u00e9tablissement, rien. Tout ce qu&rsquo;on lui dit, c&rsquo;est qu&rsquo;il y a un manque de personnel.<\/p>\n<p>            L&rsquo;IHU en pleine crise de gouvernance<\/p>\n<p class=\"article-p mdl\">Deux mois plus tard, les deux fr\u00e8res\u00a0<a class=\"link\" href=\"https:\/\/www.lepoint.fr\/sante\/ils-ont-annule-le-rendez-vous-de-mon-frere-malade-pour-faire-l-irm-d-un-cochon-02-06-2025-2591054_40.php\" target=\"_blank\" rel=\"noopener\">d\u00e9couvrent dans le magazine Le Point<\/a>\u00a0la vraie raison de cette annulation : <strong>l&rsquo;h\u00f4pital a donn\u00e9 la priorit\u00e9 \u00e0 des cochons<\/strong>. Parce qu&rsquo;il a sign\u00e9 un contrat de recherche avec deux entreprises, une allemande et une fran\u00e7aise, le service d&rsquo;imagerie est mobilis\u00e9 pour des exp\u00e9riences, et pratique des IRM sur des porcs ou sur des cadavres.\u00a0<\/p>\n<p class=\"article-p mdl\">Il y a un probl\u00e8me de personnel : l&rsquo;IHU est en pleine crise de gouvernance, les soignants sont en d\u00e9tresse, il y a eu toute une s\u00e9rie de d\u00e9missions et d&rsquo;arr\u00eats maladie. R\u00e9sultat : il ne reste<strong> plus que 2 manipulateurs radio sur 11<\/strong>. Il faut donc faire des choix. <strong>La recherche n&rsquo;a rien d&rsquo;urgent mais elle est factur\u00e9e<\/strong>, le choix est alors vite fait.\u00a0<\/p>\n<p class=\"article-p mdl\">Le doyen de la facult\u00e9\u00a0<a class=\"link\" href=\"https:\/\/www.lepoint.fr\/sante\/les-cochons-prioritaires-sur-les-cancereux-aux-hopitaux-universitaires-de-strasbourg-21-05-2025-2590163_40.php?at_variante=Community%20Management&amp;at_creation=Facebook&amp;at_campaign=Page%20Facebook%20Le%20Point&amp;at_medium=Social%20Management\" target=\"_blank\" rel=\"noopener\">\u00e9voque dans un mail<\/a>\u00a0\u00ab\u00a0l&rsquo;int\u00e9r\u00eat g\u00e9n\u00e9ral de l&rsquo;h\u00f4pital\u00a0\u00bb qui \u00ab\u00a0doit primer\u00a0\u00bb. Rien d&rsquo;ill\u00e9gal mais ce n&rsquo;est pas vraiment moral ou fid\u00e8le au serment d&rsquo;Hippocrate. D&rsquo;ailleurs, le personnel de l&rsquo;imagerie a protest\u00e9. Mais aucun responsable n&rsquo;assume cette d\u00e9cision. Suite \u00e0\u00a0<a class=\"link\" href=\"https:\/\/www.lepoint.fr\/sante\/les-cochons-prioritaires-sur-les-cancereux-aux-hopitaux-universitaires-de-strasbourg-21-05-2025-2590163_40.php?at_variante=Community%20Management&amp;at_creation=Facebook&amp;at_campaign=Page%20Facebook%20Le%20Point&amp;at_medium=Social%20Management\" target=\"_blank\" rel=\"noopener\">l&rsquo;enqu\u00eate men\u00e9e par Le Point<\/a>, le minist\u00e8re de la Sant\u00e9 a saisi l&rsquo;Inspection g\u00e9n\u00e9rale des affaires sociales.<\/p>\n<p>            Quelles sont les cons\u00e9quences sur la sant\u00e9 des patients?<\/p>\n<p class=\"article-p mdl\">Si on reprend le cas de St\u00e9phane. Son IRM devait \u00eatre pratiqu\u00e9e entre son quatri\u00e8me et son sixi\u00e8me cycle de chimioth\u00e9rapie et entre chaque cycle, il y a 15 jours, donc un cr\u00e9neau d&rsquo;un mois environ. L&rsquo;IHU l&rsquo;a rappel\u00e9 pour un nouveau rendez-vous, au bout d&rsquo;un mois et demi, trop tard donc. Heureusement, St\u00e9phane a pu trouver un rendez-vous juste \u00e0 temps dans un autre h\u00f4pital. R\u00e9sultat positif : la chimioth\u00e9rapie a fait effet et un chirurgien a pu enlever le nodule m\u00e9tastas\u00e9 sur son foie. Et il a repris son traitement avec l&rsquo;espoir que le cancer reste un vilain souvenir. Mais tout le monde n&rsquo;a pas eu autant de chance. Au 22 mai, selon Le Point, une dizaine de patients n&rsquo;avaient toujours pas de rendez-vous pour leur examen. Avec cette perte de chance, quel risque peut-on \u00e9valuer ? Impossible \u00e0 dire.<\/p>\n<p>    La r\u00e9daction vous recommande<\/p>\n<p class=\"s-newsletter__title\">\n                L\u2019actualit\u00e9 par la r\u00e9daction de RTL dans votre bo\u00eete mail.\n            <\/p>\n<p class=\"s-newsletter__subtitle\">\n                Gr\u00e2ce \u00e0 votre compte RTL abonnez-vous \u00e0 la newsletter RTL info pour suivre toute l&rsquo;actualit\u00e9 au quotidien\n            <\/p>\n<p>\n                                    Lire la suite\n                                <\/p>\n","protected":false},"excerpt":{"rendered":"Il s&rsquo;agit d&rsquo;une histoire insolite qui s&rsquo;est d\u00e9roul\u00e9e aux H\u00f4pitaux Universitaires de Strasbourg : des dizaines de patients&hellip;\n","protected":false},"author":2,"featured_media":151127,"comment_status":"","ping_status":"","sticky":false,"template":"","format":"standard","meta":{"footnotes":""},"categories":[2820],"tags":[1111,11,101,1777,674,6383,107,1011,27,775,1922,12,959,362,360,25,71,640],"class_list":{"0":"post-151126","1":"post","2":"type-post","3":"status-publish","4":"format-standard","5":"has-post-thumbnail","7":"category-strasbourg","8":"tag-actu","9":"tag-actualites","10":"tag-cancer","11":"tag-eu","12":"tag-europe","13":"tag-experience","14":"tag-fil-info","15":"tag-fr","16":"tag-france","17":"tag-grand-est","18":"tag-info","19":"tag-news","20":"tag-recherche","21":"tag-replay","22":"tag-replay-integral","23":"tag-republique-francaise","24":"tag-sante","25":"tag-strasbourg"},"share_on_mastodon":{"url":"https:\/\/pubeurope.com\/@fr\/114624473555014909","error":""},"_links":{"self":[{"href":"https:\/\/www.europesays.com\/fr\/wp-json\/wp\/v2\/posts\/151126","targetHints":{"allow":["GET"]}}],"collection":[{"href":"https:\/\/www.europesays.com\/fr\/wp-json\/wp\/v2\/posts"}],"about":[{"href":"https:\/\/www.europesays.com\/fr\/wp-json\/wp\/v2\/types\/post"}],"author":[{"embeddable":true,"href":"https:\/\/www.europesays.com\/fr\/wp-json\/wp\/v2\/users\/2"}],"replies":[{"embeddable":true,"href":"https:\/\/www.europesays.com\/fr\/wp-json\/wp\/v2\/comments?post=151126"}],"version-history":[{"count":0,"href":"https:\/\/www.europesays.com\/fr\/wp-json\/wp\/v2\/posts\/151126\/revisions"}],"wp:featuredmedia":[{"embeddable":true,"href":"https:\/\/www.europesays.com\/fr\/wp-json\/wp\/v2\/media\/151127"}],"wp:attachment":[{"href":"https:\/\/www.europesays.com\/fr\/wp-json\/wp\/v2\/media?parent=151126"}],"wp:term":[{"taxonomy":"category","embeddable":true,"href":"https:\/\/www.europesays.com\/fr\/wp-json\/wp\/v2\/categories?post=151126"},{"taxonomy":"post_tag","embeddable":true,"href":"https:\/\/www.europesays.com\/fr\/wp-json\/wp\/v2\/tags?post=151126"}],"curies":[{"name":"wp","href":"https:\/\/api.w.org\/{rel}","templated":true}]}}