{"id":151129,"date":"2025-06-04T09:51:09","date_gmt":"2025-06-04T09:51:09","guid":{"rendered":"https:\/\/www.europesays.com\/fr\/151129\/"},"modified":"2025-06-04T09:51:09","modified_gmt":"2025-06-04T09:51:09","slug":"une-inquietante-intrusion-dans-une-mosquee-a-la-veille-de-laid-el-kebir","status":"publish","type":"post","link":"https:\/\/www.europesays.com\/fr\/151129\/","title":{"rendered":"une \u00abinqui\u00e9tante\u00bb intrusion dans une mosqu\u00e9e \u00e0 la veille de l\u2019A\u00efd-el-K\u00e9bir"},"content":{"rendered":"<p>La mosqu\u00e9e de la Madeleine a \u00e9t\u00e9 vis\u00e9e lundi soir par une intrusion jug\u00e9e suspecte. L\u2019Union des Musulmans des Alpes-Maritimes redoute un rep\u00e9rage avant une action et demande une protection renforc\u00e9e.<\/p>\n<p class=\"fig-paragraph\">Un homme s\u2019est introduit lundi soir vers 21h30 dans la mosqu\u00e9e de la Madeleine \u00e0\u00a0<a href=\"http:\/\/www.lefigaro.fr\/sciences\/a-nice-un-preambule-scientifique-avant-la-grande-conference-des-nations-unies-sur-l-ocean-20250602\" data-fig-type=\"Article\" data-gtm-custom-categorie=\"navigation\" data-gtm-custom-action=\"crossclick\" data-gtm-custom-label=\"Contextuel\" data-gtm-event=\"customEventSPE\" data-fig-domain=\"LEFIGARO\" target=\"_blank\" rel=\"noopener\">Nice\u00a0<\/a>(Alpes-Maritimes), suscitant une vive inqui\u00e9tude au sein de la communaut\u00e9 musulmane locale. Selon l\u2019Union des Musulmans des Alpes-Maritimes (UMAM), qui d\u00e9nonce une \u00abinqui\u00e9tante intrusion\u00bb, un individu inconnu des lieux a film\u00e9 l\u2019int\u00e9rieur avec son t\u00e9l\u00e9phone portable avant de repartir pr\u00e9cipitamment. \u00abTout laisse penser qu\u2019il s\u2019agissait d\u2019un rep\u00e9rage en vue d\u2019une action ult\u00e9rieure\u00bb, affirme l\u2019organisation dans un communiqu\u00e9 diffus\u00e9 mardi.<\/p>\n<p class=\"fig-paragraph\">L\u2019homme, qui a march\u00e9 chauss\u00e9 sur les tapis de pri\u00e8re, a \u00e9t\u00e9 film\u00e9 par les cam\u00e9ras de vid\u00e9osurveillance. Une plainte a \u00e9t\u00e9 d\u00e9pos\u00e9e par le directeur de la mosqu\u00e9e. L\u2019UMAM r\u00e9clame d\u00e9sormais une \u00abprotection renforc\u00e9e\u00a0 des lieux de culte, alors que l\u2019A\u00efd-el-K\u00e9bir, l\u2019une des principales f\u00eates musulmanes, est pr\u00e9vue vendredi 6 juin.<\/p>\n<p>Contexte national tendu<\/p>\n<p class=\"fig-paragraph\">Cette intrusion survient dans un contexte national tendu, marqu\u00e9 par deux faits divers r\u00e9cents. Le 31 mai au soir,\u00a0<a href=\"http:\/\/www.lefigaro.fr\/politique\/meurtre-d-un-tunisien-dans-le-var-la-france-n-est-pas-raciste-repond-eric-ciotti-a-olivier-faure-20250604\" data-fig-type=\"NewsFlash\" data-gtm-custom-categorie=\"navigation\" data-gtm-custom-action=\"crossclick\" data-gtm-custom-label=\"Contextuel\" data-gtm-event=\"customEventSPE\" data-fig-domain=\"LEFIGARO\" target=\"_blank\" rel=\"noopener\">un Tunisien<\/a>\u00a0de 52 ans a \u00e9t\u00e9 tu\u00e9 de cinq balles \u00e0 Puget-sur-Argens (Var) par un voisin qui a diffus\u00e9 des vid\u00e9os racistes sur les r\u00e9seaux sociaux. Quelques semaines plus t\u00f4t, un sexag\u00e9naire a \u00e9t\u00e9 \u00e9crou\u00e9 apr\u00e8s avoir abattu un fid\u00e8le\u00a0<a href=\"http:\/\/www.lefigaro.fr\/faits-divers\/meurtre-dans-une-mosquee-du-gard-le-suspect-mis-en-examen-et-ecroue-pour-assassinat-en-raison-de-la-religion-20250509\" data-fig-type=\"NewsFlash\" data-gtm-custom-categorie=\"navigation\" data-gtm-custom-action=\"crossclick\" data-gtm-custom-label=\"Contextuel\" data-gtm-event=\"customEventSPE\" data-fig-domain=\"LEFIGARO\" target=\"_blank\" rel=\"noopener\">dans une mosqu\u00e9e du Gard<\/a>, l\u2019enqu\u00eate ayant conclu \u00e0 un mobile religieux.<\/p>\n<p class=\"fig-paragraph\">R\u00e9agissant \u00e0 cette nouvelle affaire, le maire (Horizons) de Nice<a href=\"http:\/\/www.lefigaro.fr\/nice\/videosurveillance-algorithmique-a-nice-christian-estrosi-encore-furieux-contre-la-cnil-20250530\" data-fig-type=\"NewsFlash\" data-gtm-custom-categorie=\"navigation\" data-gtm-custom-action=\"crossclick\" data-gtm-custom-label=\"Contextuel\" data-gtm-event=\"customEventSPE\" data-fig-domain=\"LEFIGARO\" target=\"_blank\" rel=\"noopener\">\u00a0Christian Estrosi<\/a>\u00a0a apport\u00e9 son soutien \u00e0 la communaut\u00e9 musulmane, rappelant qu\u2019\u00aben R\u00e9publique, les lieux de culte doivent \u00eatre respect\u00e9s et prot\u00e9g\u00e9s\u00bb. Son premier adjoint, Anthony Borr\u00e9, a \u00e9galement exprim\u00e9 sa solidarit\u00e9 avec les fid\u00e8les, appelant \u00e0 son tour au renforcement de la s\u00e9curit\u00e9 autour des lieux de culte. Dans son communiqu\u00e9, l\u2019UMAM met en garde contre une menace \u00abqui n\u2019est pas une vue de l\u2019esprit\u00bb et appelle chacun \u00e0 la vigilance. \u00abIl en va de la coh\u00e9sion nationale\u00bb, conclut-elle.<\/p>\n","protected":false},"excerpt":{"rendered":"La mosqu\u00e9e de la Madeleine a \u00e9t\u00e9 vis\u00e9e lundi soir par une intrusion jug\u00e9e suspecte. L\u2019Union des Musulmans&hellip;\n","protected":false},"author":2,"featured_media":151130,"comment_status":"","ping_status":"","sticky":false,"template":"","format":"standard","meta":{"footnotes":""},"categories":[2819],"tags":[1111,11,2898,2829,2971,2972,2397,2973,2974,1777,674,2975,6017,1011,27,2969,2970,2987,2980,14577,28052,12,2401,2897,2976,2977,2978,2985,2986,2979,2981,2982,2983,2984,2991,2992,2993,2994,2996,2997,2998,2999,3000,3001,3002,2995,3003,3004,3005,3007,2268,882,25,2988,2989,2990,2968,3006],"class_list":{"0":"post-151129","1":"post","2":"type-post","3":"status-publish","4":"format-standard","5":"has-post-thumbnail","7":"category-nice","8":"tag-actu","9":"tag-actualites","10":"tag-alpes-maritimes","11":"tag-baumettes","12":"tag-carabacel","13":"tag-caucade","14":"tag-christian-estrosi","15":"tag-cimiez","16":"tag-cremat","17":"tag-eu","18":"tag-europe","19":"tag-fabron","20":"tag-fait-divers","21":"tag-fr","22":"tag-france","23":"tag-larenas","24":"tag-lariane","25":"tag-le-ray","26":"tag-lingostiere","27":"tag-mosquee","28":"tag-musulman","29":"tag-news","30":"tag-nice","31":"tag-nice-cote-dazur","32":"tag-nice-gairaut","33":"tag-nice-gambetta","34":"tag-nice-jean-medecin","35":"tag-nice-le-piol","36":"tag-nice-le-port","37":"tag-nice-liberation","38":"tag-nice-magnan","39":"tag-nice-mantega-mont-boron","40":"tag-nice-pasteur","41":"tag-nice-pessicart","42":"tag-nice-rue-de-france","43":"tag-nice-saint-antoine","44":"tag-nice-saint-augustin","45":"tag-nice-saint-isidore","46":"tag-nice-saint-maurice","47":"tag-nice-saint-pancrace","48":"tag-nice-saint-philippe","49":"tag-nice-saint-pierre-de-feric","50":"tag-nice-saint-roch","51":"tag-nice-saint-roman-de-bellet","52":"tag-nice-saint-sylvestre","53":"tag-nice-sainte-marguerite","54":"tag-nice-thiers","55":"tag-nice-ventabrun","56":"tag-nice-vernier","57":"tag-nice-vinaigrier","58":"tag-ogc-nice","59":"tag-provence-alpes-cote-dazur","60":"tag-republique-francaise","61":"tag-rimiez","62":"tag-riquier","63":"tag-roquebilliere","64":"tag-sud-est","65":"tag-vieux-nice"},"share_on_mastodon":{"url":"","error":"Validation failed: Text character limit of 500 exceeded"},"_links":{"self":[{"href":"https:\/\/www.europesays.com\/fr\/wp-json\/wp\/v2\/posts\/151129","targetHints":{"allow":["GET"]}}],"collection":[{"href":"https:\/\/www.europesays.com\/fr\/wp-json\/wp\/v2\/posts"}],"about":[{"href":"https:\/\/www.europesays.com\/fr\/wp-json\/wp\/v2\/types\/post"}],"author":[{"embeddable":true,"href":"https:\/\/www.europesays.com\/fr\/wp-json\/wp\/v2\/users\/2"}],"replies":[{"embeddable":true,"href":"https:\/\/www.europesays.com\/fr\/wp-json\/wp\/v2\/comments?post=151129"}],"version-history":[{"count":0,"href":"https:\/\/www.europesays.com\/fr\/wp-json\/wp\/v2\/posts\/151129\/revisions"}],"wp:featuredmedia":[{"embeddable":true,"href":"https:\/\/www.europesays.com\/fr\/wp-json\/wp\/v2\/media\/151130"}],"wp:attachment":[{"href":"https:\/\/www.europesays.com\/fr\/wp-json\/wp\/v2\/media?parent=151129"}],"wp:term":[{"taxonomy":"category","embeddable":true,"href":"https:\/\/www.europesays.com\/fr\/wp-json\/wp\/v2\/categories?post=151129"},{"taxonomy":"post_tag","embeddable":true,"href":"https:\/\/www.europesays.com\/fr\/wp-json\/wp\/v2\/tags?post=151129"}],"curies":[{"name":"wp","href":"https:\/\/api.w.org\/{rel}","templated":true}]}}