{"id":151139,"date":"2025-06-04T09:56:08","date_gmt":"2025-06-04T09:56:08","guid":{"rendered":"https:\/\/www.europesays.com\/fr\/151139\/"},"modified":"2025-06-04T09:56:08","modified_gmt":"2025-06-04T09:56:08","slug":"hommage-au-celebre-tenor-toulousain-victor-capoul","status":"publish","type":"post","link":"https:\/\/www.europesays.com\/fr\/151139\/","title":{"rendered":"Hommage au c\u00e9l\u00e8bre\u00a0 t\u00e9nor Toulousain Victor CAPOUL"},"content":{"rendered":"<p>Un diner concert exceptionnel en hommage au c\u00e9l\u00e8bre\u00a0 t\u00e9nor Toulousain Victor CAPOUL se tiendra le 26 juin en l&rsquo; \u00e9glise de Pujaudran 32<br \/>&#13;<br \/>\n\u00a0\u00a0<br \/>&#13;<br \/>\nCe concert sera interpret\u00e9 par les \u00e9l\u00e8ves des classes de chant du conservatoire \u00e0 Rayonnement R\u00e9gional de Toulouse, en partenariat avec l&rsquo;<br \/>&#13;<br \/>\nassociation chemin de St Jacques, sentiers de Pujaudran, histoire et mise en valeur du patrimoine local<\/p>\n<p>Rejoignez nous pour honorer la m\u00e9moire de Victor Capoul autour d&rsquo; un menu sp\u00e9cial,\u00a0 restaurant\u00a0\u00bb au bistrophil\u00a0\u00bb et d&rsquo; une ambiance chaleureuse<br \/>&#13;<br \/>\n\u00e0 l&rsquo; image de l&rsquo; homme qu&rsquo; il \u00e9tait avant le concert \u00e0 21h30 en l&rsquo; \u00e9glise Sainte Pudentienne.<\/p>\n<p>R\u00e9servation vivement conseill\u00e9e sur le Bistrophil ou\u00a0 06 6261 42 44 DINER CONCERT<br \/>&#13;<br \/>\n\u00a0Concert seul renseignements 0658 26 60 21<\/p>\n","protected":false},"excerpt":{"rendered":"Un diner concert exceptionnel en hommage au c\u00e9l\u00e8bre\u00a0 t\u00e9nor Toulousain Victor CAPOUL se tiendra le 26 juin en&hellip;\n","protected":false},"author":2,"featured_media":151140,"comment_status":"","ping_status":"","sticky":false,"template":"","format":"standard","meta":{"footnotes":""},"categories":[2816],"tags":[1111,11,1777,674,1011,27,28053,12,2680,25,2312],"class_list":{"0":"post-151139","1":"post","2":"type-post","3":"status-publish","4":"format-standard","5":"has-post-thumbnail","7":"category-toulouse","8":"tag-actu","9":"tag-actualites","10":"tag-eu","11":"tag-europe","12":"tag-fr","13":"tag-france","14":"tag-hommage-au-celebre-tenor-toulousain-victor-capoulle-journal-du-gers-journal-en-ligne-numerique-en-continu-journal-du-gers-actualites-gersoises-auch","15":"tag-news","16":"tag-occitanie","17":"tag-republique-francaise","18":"tag-toulouse"},"share_on_mastodon":{"url":"https:\/\/pubeurope.com\/@fr\/114624501298361271","error":""},"_links":{"self":[{"href":"https:\/\/www.europesays.com\/fr\/wp-json\/wp\/v2\/posts\/151139","targetHints":{"allow":["GET"]}}],"collection":[{"href":"https:\/\/www.europesays.com\/fr\/wp-json\/wp\/v2\/posts"}],"about":[{"href":"https:\/\/www.europesays.com\/fr\/wp-json\/wp\/v2\/types\/post"}],"author":[{"embeddable":true,"href":"https:\/\/www.europesays.com\/fr\/wp-json\/wp\/v2\/users\/2"}],"replies":[{"embeddable":true,"href":"https:\/\/www.europesays.com\/fr\/wp-json\/wp\/v2\/comments?post=151139"}],"version-history":[{"count":0,"href":"https:\/\/www.europesays.com\/fr\/wp-json\/wp\/v2\/posts\/151139\/revisions"}],"wp:featuredmedia":[{"embeddable":true,"href":"https:\/\/www.europesays.com\/fr\/wp-json\/wp\/v2\/media\/151140"}],"wp:attachment":[{"href":"https:\/\/www.europesays.com\/fr\/wp-json\/wp\/v2\/media?parent=151139"}],"wp:term":[{"taxonomy":"category","embeddable":true,"href":"https:\/\/www.europesays.com\/fr\/wp-json\/wp\/v2\/categories?post=151139"},{"taxonomy":"post_tag","embeddable":true,"href":"https:\/\/www.europesays.com\/fr\/wp-json\/wp\/v2\/tags?post=151139"}],"curies":[{"name":"wp","href":"https:\/\/api.w.org\/{rel}","templated":true}]}}