{"id":151143,"date":"2025-06-04T09:58:16","date_gmt":"2025-06-04T09:58:16","guid":{"rendered":"https:\/\/www.europesays.com\/fr\/151143\/"},"modified":"2025-06-04T09:58:16","modified_gmt":"2025-06-04T09:58:16","slug":"des-collegiens-presentent-leurs-projets-pour-le-climat-lors-de-soutenances-encadrees-par-sciences-po","status":"publish","type":"post","link":"https:\/\/www.europesays.com\/fr\/151143\/","title":{"rendered":"des coll\u00e9giens pr\u00e9sentent leurs projets pour le climat lors de soutenances encadr\u00e9es par Sciences Po"},"content":{"rendered":"<p>            Par<br \/>\n        <strong><br \/>\n            <a href=\"https:\/\/actu.fr\/auteur\/journaliste-br\" title=\"Consulter tous les articles de R\u00e9daction Coulommiers\" rel=\"nofollow noopener\" target=\"_blank\">R\u00e9daction Coulommiers<\/a><br \/>\n        <\/strong><\/p>\n<p>        Publi\u00e9 le<\/p>\n<p>            4 juin 2025 \u00e0 10h36        <\/p>\n<p>Une grande journ\u00e9e s\u2019est d\u00e9roul\u00e9e \u00e0 Laon, au Conseil d\u00e9partemental de l\u2019<a href=\"https:\/\/actu.fr\/hauts-de-france\/aisne_02\" rel=\"nofollow noopener\" target=\"_blank\">Aisne<\/a> avec les soutenances orales d\u00e9coulant des travaux r\u00e9alis\u00e9s dans le cadre des <b>Programmes d\u2019\u00c9tudes Int\u00e9gr\u00e9es (PEI) port\u00e9s par Sciences Po Lille<\/b>. En 2025, quatre coll\u00e8ges du d\u00e9partement ont pr\u00e9sent\u00e9 leurs projets.<\/p>\n<p class=\" wall-content\">Ce programme vise \u00e0 faire travailler des coll\u00e9giens sur des th\u00e9matiques pr\u00e9cises, le tout encadr\u00e9 par des \u00e9tudiants.<\/p>\n<p class=\" wall-content\">Les \u00e9l\u00e8ves ont pu <b>d\u00e9couvrir le monde de l\u2019enseignement sup\u00e9rieur<\/b> et <b>pr\u00e9parer une soutenance orale<\/b>.<\/p>\n<p class=\" wall-content\">Pour cette \u00e9dition, les 38\u00a0\u00e9l\u00e8ves ont d\u00fb travailler sur la probl\u00e9matique, qu\u2019ils ont ensuite pr\u00e9sent\u00e9e devant un jury : \u00ab Quel projet proposer pour <b>r\u00e9pondre au changement global et agir<\/b>, m\u00eame modestement, en tant que citoyen ? \u00bb.<\/p>\n<p>Le palmar\u00e8s<\/p>\n<p class=\" wall-content\">Coll\u00e8ge Jean-Rostand (<a href=\"https:\/\/actu.fr\/hauts-de-france\/chateau-thierry_02168\" rel=\"nofollow noopener\" target=\"_blank\">Ch\u00e2teau-Thierry<\/a>), prix PEI des coll\u00e8ges 2024-2025 : \u00ab Quelles solutions pour pr\u00e9venir et g\u00e9rer les inondations de plus en plus fr\u00e9quentes en raison du changement climatique, tout en participant au d\u00e9veloppement de la biodiversit\u00e9 dans le coll\u00e8ge Jean-Rostand ? \u00bb<\/p>\n<p class=\" wall-content\">Vient ensuite le coll\u00e8ge Jacques-Pr\u00e9vert (<a href=\"https:\/\/actu.fr\/hauts-de-france\/marle_02468\" rel=\"nofollow noopener\" target=\"_blank\">Marle<\/a>), prix de la pers\u00e9v\u00e9rance et de la sinc\u00e9rit\u00e9 : \u00ab Lutter contre le changement global \u00e0 la cantine \u00bb.<\/p>\n<p>Vid\u00e9os : en ce moment sur Actu<\/p>\n<p class=\" wall-content\">Puis le coll\u00e8ge Georges Cobast (<a href=\"https:\/\/actu.fr\/hauts-de-france\/hirson_02381\" rel=\"nofollow noopener\" target=\"_blank\">Hirson<\/a>), prix pour un avenir radieux : \u00ab Comment d\u00e9velopper la biodiversit\u00e9 au coll\u00e8ge pour le rendre plus agr\u00e9able \u00e0 vivre et le rendre utile aux usagers du coll\u00e8ge et du voisinage ? \u00bb<\/p>\n<p class=\" wall-content\">Et enfin le coll\u00e8ge Charlemagne (<a href=\"https:\/\/actu.fr\/hauts-de-france\/laon_02408\" rel=\"nofollow noopener\" target=\"_blank\">Laon<\/a>), prix des ambassadeurs : \u00ab Vers un coll\u00e8ge plus vert pour des \u00e9l\u00e8ves plus terre \u00e0 Terre : la qu\u00eate d\u2019une citoyennet\u00e9 pl\u2019Aisne de sagesse. \u00bb<\/p>\n<p class=\" wall-content\">Suivez toute l\u2019actualit\u00e9 de vos villes et m\u00e9dias favoris en vous inscrivant \u00e0 <a href=\"https:\/\/moncompte.actu.fr\" title=\"D\u00e9couvez Mon Actu\" rel=\"nofollow noopener\" data-trk=\"{&quot;cta&quot;:{&quot;action&quot;:&quot;https:\\\/\\\/moncompte.actu.fr&quot;,&quot;category&quot;:&quot;mon compte&quot;,&quot;from&quot;:&quot;article footer&quot;,&quot;name&quot;:&quot;Mon actu&quot;,&quot;type&quot;:&quot;cta&quot;}}\" target=\"_blank\">Mon Actu<\/a>.<\/p>\n","protected":false},"excerpt":{"rendered":"Par R\u00e9daction Coulommiers Publi\u00e9 le 4 juin 2025 \u00e0 10h36 Une grande journ\u00e9e s\u2019est d\u00e9roul\u00e9e \u00e0 Laon, au&hellip;\n","protected":false},"author":2,"featured_media":151144,"comment_status":"","ping_status":"","sticky":false,"template":"","format":"standard","meta":{"footnotes":""},"categories":[2815],"tags":[1111,11,1057,1777,674,1011,27,811,1307,12,25,104],"class_list":{"0":"post-151143","1":"post","2":"type-post","3":"status-publish","4":"format-standard","5":"has-post-thumbnail","7":"category-lille","8":"tag-actu","9":"tag-actualites","10":"tag-education","11":"tag-eu","12":"tag-europe","13":"tag-fr","14":"tag-france","15":"tag-hauts-de-france","16":"tag-lille","17":"tag-news","18":"tag-republique-francaise","19":"tag-societe"},"share_on_mastodon":{"url":"https:\/\/pubeurope.com\/@fr\/114624509300099946","error":""},"_links":{"self":[{"href":"https:\/\/www.europesays.com\/fr\/wp-json\/wp\/v2\/posts\/151143","targetHints":{"allow":["GET"]}}],"collection":[{"href":"https:\/\/www.europesays.com\/fr\/wp-json\/wp\/v2\/posts"}],"about":[{"href":"https:\/\/www.europesays.com\/fr\/wp-json\/wp\/v2\/types\/post"}],"author":[{"embeddable":true,"href":"https:\/\/www.europesays.com\/fr\/wp-json\/wp\/v2\/users\/2"}],"replies":[{"embeddable":true,"href":"https:\/\/www.europesays.com\/fr\/wp-json\/wp\/v2\/comments?post=151143"}],"version-history":[{"count":0,"href":"https:\/\/www.europesays.com\/fr\/wp-json\/wp\/v2\/posts\/151143\/revisions"}],"wp:featuredmedia":[{"embeddable":true,"href":"https:\/\/www.europesays.com\/fr\/wp-json\/wp\/v2\/media\/151144"}],"wp:attachment":[{"href":"https:\/\/www.europesays.com\/fr\/wp-json\/wp\/v2\/media?parent=151143"}],"wp:term":[{"taxonomy":"category","embeddable":true,"href":"https:\/\/www.europesays.com\/fr\/wp-json\/wp\/v2\/categories?post=151143"},{"taxonomy":"post_tag","embeddable":true,"href":"https:\/\/www.europesays.com\/fr\/wp-json\/wp\/v2\/tags?post=151143"}],"curies":[{"name":"wp","href":"https:\/\/api.w.org\/{rel}","templated":true}]}}