{"id":151155,"date":"2025-06-04T10:04:08","date_gmt":"2025-06-04T10:04:08","guid":{"rendered":"https:\/\/www.europesays.com\/fr\/151155\/"},"modified":"2025-06-04T10:04:08","modified_gmt":"2025-06-04T10:04:08","slug":"du-haut-de-ses-231-m-et-62-centimetres-la-colline-delancourt-est-bien-le-point-culminant-dile-de-france","status":"publish","type":"post","link":"https:\/\/www.europesays.com\/fr\/151155\/","title":{"rendered":"Du haut de ses 231 m&#8230; et 62 centim\u00e8tres, la colline d\u2019Elancourt est bien le point culminant d\u2019\u00cele-de-France !"},"content":{"rendered":"<p class=\"paragraph text_align_left\">Les tours de la D\u00e9fense \u00e0 gauche, la tour Eiffel \u00e0 droite, la ville nouvelle en contrebas&#8230; Ce mardi midi, une petite t\u00e2che jaune est venue s\u2019ajouter au panorama qui s\u2019\u00e9tire \u00e0 vue d\u2019oeil au sommet de<a href=\"https:\/\/www.leparisien.fr\/jo-paris-2024\/jo-paris-2024-derriere-la-colline-du-vtt-lhistoire-meconnue-des-ouvriers-italiens-qui-ont-fui-le-fascisme-15-06-2024-AUJWKF4I4FEQJMSNUEUHJNAGXM.php\" target=\"_self\" rel=\"nofollow noopener\"> la colline d\u2019Elancourt (Yvelines).<\/a> Une borne de couleur avec l\u2019inscription \u00ab point culminant d\u2019\u00cele-de-France \u00bb symbolise d\u00e9sormais les lieux qui se dressent \u00e0 231,62 m, tr\u00e8s exactement. <\/p>\n<p class=\"paragraph text_align_left\">La mesure a \u00e9t\u00e9 officialis\u00e9e ce mardi par des professionnels \u00e0 l\u2019occasion de la semaine annuelle des G\u00e9om\u00e8tres-Experts. Depuis le 28 avril, les sp\u00e9cialistes se sont arm\u00e9s de leurs meilleurs outils pour r\u00e9aliser les relev\u00e9s les plus pr\u00e9cis, \u00e0 commencer par des drones \u00e9quip\u00e9s de cam\u00e9ras et de capteurs Lidar (qui d\u00e9tectent par laser).<\/p>\n<p>Un relev\u00e9 pr\u00e9cis \u00e0 l\u2019aide de drones<\/p>\n<p class=\"paragraph text_align_left\">Leurs travaux ont permis de confirmer que la \u00ab butte \u00bb des Yvelines, r\u00e9sultat artificiel de l\u2019accumulation des gravats extraits lors la construction de la ville nouvelle de Saint-Quentin-en-Yvelines dans les ann\u00e9es 60 et 70 culminait bien au sommet de la r\u00e9gion Ile-de-France. Avec ses 231,62 m, la colline d\u2019Elancourt s\u2019\u00e9l\u00e8ve m\u00eame plus haut que la c\u00e9l\u00e8bre butte Montmartre (130,53 m\u00e8tres), point culminant, cette fois \u00ab naturel \u00bb, de Paris. <\/p>\n<p>\u00ab Dans notre m\u00e9tier, le moindre centim\u00e8tre est important \u00bb<\/p>\n<p class=\"paragraph text_align_left\">Aude Steiger, g\u00e9om\u00e8tre-experte, a particip\u00e9 au relev\u00e9 altim\u00e9trique de la colline aux c\u00f4t\u00e9s de l\u2019Union Nationale des G\u00e9om\u00e8tres Experts (UNGE). Tout l\u2019enjeu \u00e9tait de mod\u00e9liser l\u2019ensemble de la colline afin de pouvoir mesurer sa hauteur totale gr\u00e2ce \u00e0 des technologies et strat\u00e9gies innovantes. \u00ab Dans notre m\u00e9tier, le moindre centim\u00e8tre est important \u00bb, r\u00e9sume l\u2019int\u00e9ress\u00e9e, en rapport \u00e0 l\u2019ancienne mesure connue de 231 m.<\/p>\n<p class=\"paragraph text_align_left\">R\u00e9ouverts au public le 17 mai dernier, <a href=\"https:\/\/www.leparisien.fr\/yvelines-78\/yvelines-sur-la-colline-delancourt-les-pistes-de-vtt-vont-porter-le-nom-des-champions-01-04-2025-3I44KIQNFFH7PITMXUBHU2TUSM.php\" target=\"_self\" rel=\"nofollow noopener\">les lieux ont accueilli les \u00e9preuves de VTT des derniers Jeux Olympiques de Paris 2024.<\/a> Ils constituent aujourd\u2019hui un formidable h\u00e9ritage pour le territoire. \u00ab Cette r\u00e9habilitation est d\u2019utilit\u00e9 publique \u00bb, appuie m\u00eame Aude Steiger.<\/p>\n<p class=\"paragraph text_align_left\">\u00ab C\u2019est devenu un point strat\u00e9gique de reconnaissance, l\u2019\u00e9tendard d\u2019un terrain d\u00e9valoris\u00e9 \u00bb, abonde Jean-Michel Fourgous, le pr\u00e9sident de l\u2019agglom\u00e9ration de Saint-Quentin-en-Yvelines (SQY), propri\u00e9taire du site. <\/p>\n<p class=\"paragraph text_align_left\">\u00bb. <\/p>\n<p>L\u2019h\u00e9ritage des Jeux<\/p>\n<p class=\"paragraph text_align_left\">Avant d\u2019\u00eatre transform\u00e9 en h\u00e9ritage des Jeux, le terrain \u00e9tait en effet peu populaire. Les Jeux lui ont offert une magnifique exposition, avec des spectateurs et t\u00e9l\u00e9spectateurs aux anges devant <a href=\"https:\/\/www.leparisien.fr\/jo-paris-2024\/vtt\/pauline-ferrand-prevot-a-regle-ses-comptes-avec-les-jo-des-histoires-comme-ca-il-nen-existe-pas-beaucoup-28-07-2024-A2GKBEDDGZERFJJXJKZAIJSVFI.php\" target=\"_self\" rel=\"nofollow noopener\">les exploits des v\u00e9t\u00e9tistes fran\u00e7ais et notamment Pauline Ferrand-Pr\u00e9vot, enfin sacr\u00e9e sur le sol olympique. <\/a><\/p>\n<p class=\"paragraph text_align_left\">Ce nouveau regard se prolonge pour les visiteurs qui profitent depuis d\u2019un r\u00e9am\u00e9nagement important autour de pistes de VTT (pour tous niveaux) et de parcours de randonn\u00e9es p\u00e9destres qui font le bonheur des familles. <\/p>\n<p class=\"paragraph text_align_left\">En d\u00e9pit des contraintes \u00e9cologiques et des d\u00e9saccords avec certaines associations environnementales, le projet s\u2019est aussi voulu \u00e9co-responsable avec une gestion durable de ces espaces naturels.<\/p>\n<p class=\"paragraph text_align_left\">Aujourd\u2019hui, la mat\u00e9rialisation officielle de ce point culminant d\u2019\u00cele-de-France confirme, pour Jean-Michel Fourgous, que Saint-Quentin-en-Yvelines est vu comme \u00ab secteur strat\u00e9gique \u00bb et \u00ab une terre d\u2019innovations \u00bb. Du haut de ces 231,62 m, on distingue \u00e9galement<a href=\"https:\/\/www.leparisien.fr\/essonne-91\/essonne-le-futur-batiment-vitrine-de-luniversite-paris-saclay-poursuit-sa-transformation-02-12-2024-SQ3BEFUBWFEDXDPQ7Z377YFJEE.php\" target=\"_self\" rel=\"nofollow noopener\"> le campus de Paris-Saclay <\/a>qui en mati\u00e8re d\u2019innovations fait aussi figure de site en pointe. <\/p>\n<p class=\"paragraph text_align_left\">D\u2019ailleurs, c\u2019est avec une pointe de malice que Aude Steigner a formul\u00e9 un voeu ce mardi : qu\u2019une \u00e9cole de g\u00e9om\u00e8tres y voit le jour dans les prochaines ann\u00e9es. <\/p>\n","protected":false},"excerpt":{"rendered":"Les tours de la D\u00e9fense \u00e0 gauche, la tour Eiffel \u00e0 droite, la ville nouvelle en contrebas&#8230; Ce&hellip;\n","protected":false},"author":2,"featured_media":151156,"comment_status":"","ping_status":"","sticky":false,"template":"","format":"standard","meta":{"footnotes":""},"categories":[1592],"tags":[1111,11,1777,674,1011,27,662,1944,12,626,25,1938],"class_list":{"0":"post-151155","1":"post","2":"type-post","3":"status-publish","4":"format-standard","5":"has-post-thumbnail","7":"category-ile-de-france","8":"tag-actu","9":"tag-actualites","10":"tag-eu","11":"tag-europe","12":"tag-fr","13":"tag-france","14":"tag-ile-de-france","15":"tag-ma-ville","16":"tag-news","17":"tag-paris","18":"tag-republique-francaise","19":"tag-yvelines"},"share_on_mastodon":{"url":"https:\/\/pubeurope.com\/@fr\/114624533714941196","error":""},"_links":{"self":[{"href":"https:\/\/www.europesays.com\/fr\/wp-json\/wp\/v2\/posts\/151155","targetHints":{"allow":["GET"]}}],"collection":[{"href":"https:\/\/www.europesays.com\/fr\/wp-json\/wp\/v2\/posts"}],"about":[{"href":"https:\/\/www.europesays.com\/fr\/wp-json\/wp\/v2\/types\/post"}],"author":[{"embeddable":true,"href":"https:\/\/www.europesays.com\/fr\/wp-json\/wp\/v2\/users\/2"}],"replies":[{"embeddable":true,"href":"https:\/\/www.europesays.com\/fr\/wp-json\/wp\/v2\/comments?post=151155"}],"version-history":[{"count":0,"href":"https:\/\/www.europesays.com\/fr\/wp-json\/wp\/v2\/posts\/151155\/revisions"}],"wp:featuredmedia":[{"embeddable":true,"href":"https:\/\/www.europesays.com\/fr\/wp-json\/wp\/v2\/media\/151156"}],"wp:attachment":[{"href":"https:\/\/www.europesays.com\/fr\/wp-json\/wp\/v2\/media?parent=151155"}],"wp:term":[{"taxonomy":"category","embeddable":true,"href":"https:\/\/www.europesays.com\/fr\/wp-json\/wp\/v2\/categories?post=151155"},{"taxonomy":"post_tag","embeddable":true,"href":"https:\/\/www.europesays.com\/fr\/wp-json\/wp\/v2\/tags?post=151155"}],"curies":[{"name":"wp","href":"https:\/\/api.w.org\/{rel}","templated":true}]}}