{"id":151159,"date":"2025-06-04T10:06:08","date_gmt":"2025-06-04T10:06:08","guid":{"rendered":"https:\/\/www.europesays.com\/fr\/151159\/"},"modified":"2025-06-04T10:06:08","modified_gmt":"2025-06-04T10:06:08","slug":"le-rer-e-totalement-interrompu-plusieurs-heures-la-gare-magenta-fermee","status":"publish","type":"post","link":"https:\/\/www.europesays.com\/fr\/151159\/","title":{"rendered":"le RER E totalement interrompu plusieurs heures, la gare Magenta ferm\u00e9e"},"content":{"rendered":"<p>            Par<br \/>\n        <strong><br \/>\n            <a href=\"https:\/\/actu.fr\/auteur\/redaction-paris\" title=\"Consulter tous les articles de R\u00e9daction Paris\" rel=\"nofollow noopener\" target=\"_blank\">R\u00e9daction Paris<\/a><br \/>\n        <\/strong><\/p>\n<p>        Publi\u00e9 le<\/p>\n<p>            4 juin 2025 \u00e0 10h16        <\/p>\n<p>[MAJ 10h45 : le trafic est interrompu entre Nanterre la Folie et Rosa Parks jusqu\u2019\u00e0 13 heures et perturb\u00e9 sur le reste de la ligne]<\/p>\n<p class=\" wall-content\">D\u00e9but de journ\u00e9e chaotique pour les usagers des transports franciliens. Apr\u00e8s une <a href=\"https:\/\/actu.fr\/ile-de-france\/paris_75056\/sncf-grosse-panne-sur-une-partie-du-rer-c-la-circulation-interrompue-jusqu-en-fin-de-matinee-a-paris_62725813.html\" rel=\"nofollow noopener\" target=\"_blank\">panne \u00e9lectrique sur le RER C<\/a>, c\u2019est au tour du <a href=\"https:\/\/actu.fr\/tag\/rer-e\" rel=\"nofollow noopener\" target=\"_blank\">RER E<\/a> d\u2019\u00eatre impact\u00e9 par un incident \u00e9lectrique, ce mercredi 4\u00a0juin 2025. Selon le compte X de la ligne, <strong>\u00ab\u2009les premiers \u00e9l\u00e9ments confirment bien une explosion sur une cat\u00e9naire\u2009\u00bb<\/strong> dans le secteur de Magenta (<a href=\"https:\/\/actu.fr\/paris\/\" rel=\"nofollow noopener\" target=\"_blank\">Paris<\/a>, 10e). La circulation est interrompue pendant plusieurs heures. \u00ab\u2009La r\u00e9alimentation est en cours\u2009\u00bb, pr\u00e9cise la <a href=\"https:\/\/actu.fr\/tag\/sncf\" rel=\"nofollow noopener\" target=\"_blank\">SNCF<\/a> aupr\u00e8s d\u2019actu Paris.<\/p>\n<p>Les voyageurs de la gare Magenta \u00e9vacu\u00e9s<\/p>\n<p class=\" wall-content\">D\u2019apr\u00e8s le RER E, le trafic est interrompu sur l\u2019ensemble de la ligne jusqu\u2019\u00e0 13\u00a0heures. Pour des mesures de s\u00e9curit\u00e9, <strong>la gare de Magenta est ferm\u00e9e<\/strong> et les voyageurs \u00e9vacu\u00e9s de la gare. Tous les trains sont mis \u00e0 quai dans les gares respectives.<\/p>\n<p class=\" wall-content\">\n<p class=\" wall-content\">Selon la SNCF, \u00ab\u2009les premi\u00e8res constatations font \u00e9tat <strong>d\u2019une d\u00e9tonation sur une cat\u00e9naire<\/strong> provoquant une coupure d\u2019alimentation \u00e9lectrique sur l\u2019ensemble de la ligne\u2009\u00bb.<\/p>\n<p class=\" wall-content\">Plus d\u2019informations \u00e0 venir\u2026<\/p>\n<p class=\" wall-content\">Suivez toute l\u2019actualit\u00e9 de vos villes et m\u00e9dias favoris en vous inscrivant \u00e0 <a href=\"https:\/\/moncompte.actu.fr\" title=\"D\u00e9couvez Mon Actu\" rel=\"nofollow noopener\" data-trk=\"{&quot;cta&quot;:{&quot;action&quot;:&quot;https:\\\/\\\/moncompte.actu.fr&quot;,&quot;category&quot;:&quot;mon compte&quot;,&quot;from&quot;:&quot;article footer&quot;,&quot;name&quot;:&quot;Mon actu&quot;,&quot;type&quot;:&quot;cta&quot;}}\" target=\"_blank\">Mon Actu<\/a>.<\/p>\n","protected":false},"excerpt":{"rendered":"Par R\u00e9daction Paris Publi\u00e9 le 4 juin 2025 \u00e0 10h16 [MAJ 10h45 : le trafic est interrompu entre&hellip;\n","protected":false},"author":2,"featured_media":151160,"comment_status":"","ping_status":"","sticky":false,"template":"","format":"standard","meta":{"footnotes":""},"categories":[1888],"tags":[1111,1928,11,1927,1777,674,1011,27,12,1926,626,1925,25,8691,2215,104],"class_list":{"0":"post-151159","1":"post","2":"type-post","3":"status-publish","4":"format-standard","5":"has-post-thumbnail","7":"category-paris","8":"tag-actu","9":"tag-actu-paris","10":"tag-actualites","11":"tag-actualites-paris","12":"tag-eu","13":"tag-europe","14":"tag-fr","15":"tag-france","16":"tag-news","17":"tag-news-paris","18":"tag-paris","19":"tag-paris-news","20":"tag-republique-francaise","21":"tag-rer-e","22":"tag-sncf","23":"tag-societe"},"share_on_mastodon":{"url":"","error":""},"_links":{"self":[{"href":"https:\/\/www.europesays.com\/fr\/wp-json\/wp\/v2\/posts\/151159","targetHints":{"allow":["GET"]}}],"collection":[{"href":"https:\/\/www.europesays.com\/fr\/wp-json\/wp\/v2\/posts"}],"about":[{"href":"https:\/\/www.europesays.com\/fr\/wp-json\/wp\/v2\/types\/post"}],"author":[{"embeddable":true,"href":"https:\/\/www.europesays.com\/fr\/wp-json\/wp\/v2\/users\/2"}],"replies":[{"embeddable":true,"href":"https:\/\/www.europesays.com\/fr\/wp-json\/wp\/v2\/comments?post=151159"}],"version-history":[{"count":0,"href":"https:\/\/www.europesays.com\/fr\/wp-json\/wp\/v2\/posts\/151159\/revisions"}],"wp:featuredmedia":[{"embeddable":true,"href":"https:\/\/www.europesays.com\/fr\/wp-json\/wp\/v2\/media\/151160"}],"wp:attachment":[{"href":"https:\/\/www.europesays.com\/fr\/wp-json\/wp\/v2\/media?parent=151159"}],"wp:term":[{"taxonomy":"category","embeddable":true,"href":"https:\/\/www.europesays.com\/fr\/wp-json\/wp\/v2\/categories?post=151159"},{"taxonomy":"post_tag","embeddable":true,"href":"https:\/\/www.europesays.com\/fr\/wp-json\/wp\/v2\/tags?post=151159"}],"curies":[{"name":"wp","href":"https:\/\/api.w.org\/{rel}","templated":true}]}}