{"id":151165,"date":"2025-06-04T10:09:09","date_gmt":"2025-06-04T10:09:09","guid":{"rendered":"https:\/\/www.europesays.com\/fr\/151165\/"},"modified":"2025-06-04T10:09:09","modified_gmt":"2025-06-04T10:09:09","slug":"ou-et-quand-trouver-des-billets","status":"publish","type":"post","link":"https:\/\/www.europesays.com\/fr\/151165\/","title":{"rendered":"o\u00f9 et quand trouver des billets ?"},"content":{"rendered":"<p>Le rappeur embl\u00e9matique sera enfin de retour en France avec deux dates exceptionnelles les 7 et 8 septembre 2025 \u00e0 l\u2019Accor Arena de Paris.<\/p>\n<p>Apr\u00e8s l\u2019Australie, la tourn\u00e9e $ome $exy $ongs 4 U de <a href=\"https:\/\/www.fnac.com\/Drake\/ia259804\" target=\"_blank\" rel=\"noreferrer noopener nofollow\">Drake<\/a> se poursuit. L\u2019artiste sera, en effet, de retour en Europe pour plusieurs repr\u00e9sentations exceptionnelles, avec notamment un passage en Angleterre, au Pays-Bas, en Belgique, en Suisse, en Italie, en Allemagne et, surtout, en France. Les 7 et 8 septembre 2025, Drake sera donc de retour \u00e0 l\u2019Accor Arena de Paris, accompagn\u00e9 du rappeur <a href=\"https:\/\/www.fnac.com\/ia3563710\/PartyNextDoor\" target=\"_blank\" rel=\"noreferrer noopener nofollow\">PartyNextDoor<\/a>.<\/p>\n<p>Cela faisait d\u00e9j\u00e0 six ans que Drake n\u2019avait plus propos\u00e9 de concerts dans l\u2019Hexagone. De quoi rendre ces deux dates particuli\u00e8rement \u00e9v\u00e8nementielles, attendues et convoit\u00e9es. <a href=\"https:\/\/www.fnacspectacles.com\/artist\/drake\/?srsltid=AfmBOoqq2IvaiNF6etBL3eacl1jRbph_HeLsxQB5Qw_B4hsFRno-hA5b\" target=\"_blank\" rel=\"noreferrer noopener nofollow\">La billetterie pour le retour de Drake \u00e0 Paris ouvrira le 6 juin 2025 \u00e0 12h<\/a>.<\/p>\n<blockquote class=\"instagram-media\" data-instgrm-captioned=\"\" data-instgrm-permalink=\"https:\/\/www.instagram.com\/p\/DKbnz4_xH8z\/?utm_source=ig_embed&amp;utm_campaign=loading\" data-instgrm-version=\"14\" style=\" background:#FFF; border:0; border-radius:3px; box-shadow:0 0 1px 0 rgba(0,0,0,0.5),0 1px 10px 0 rgba(0,0,0,0.15); margin: 1px; max-width:540px; min-width:326px; padding:0; width:99.375%; width:-webkit-calc(100% - 2px); width:calc(100% - 2px);\"\/>\n<p>Un album collaboratif<\/p>\n<p>En f\u00e9vrier 2025, Drake a sorti un album en collaboration avec PartyNextDoor, intitul\u00e9 $ome $exy $ongs 4 U. Un album port\u00e9 sur le d\u00e9sir, explicitement sensuel, mais ayant rencontr\u00e9 des critiques mitig\u00e9es, loin de l\u2019accueil triomphal et <a href=\"https:\/\/leclaireur.fnac.com\/article\/362808-drake-apres-une-longue-attente-son-nouvel-album-est-enfin-disponible\/\" target=\"_blank\" rel=\"noreferrer noopener nofollow\">du succ\u00e8s international de For All The Dogs<\/a>, sorti en 2023 et consid\u00e9r\u00e9 par beaucoup comme \u00e9tant l\u2019un des meilleurs albums de Drake.<\/p>\n<p>La tourn\u00e9e europ\u00e9enne de $ome $exy $ongs 4 U permettra au rappeur et \u00e0 PartyNextDoor de d\u00e9fendre leur collaboration en live devant le public, tout en proposant, \u00e9galement, quelques-uns des titres les plus embl\u00e9matiques de Drake.<\/p>\n<p><strong class=\"small\">En stock<\/strong><\/p>\n<p>        Acheter sur Fnac.com<\/p>\n<p>Seulement quelques mois apr\u00e8s Kendrick Lamar<\/p>\n<p>Drake demeure l\u2019une des figures les plus importantes du rap. Par ailleurs, le Canadien continue de marquer l\u2019actualit\u00e9, m\u00eame quand il ne s\u2019agit pas de sa <a href=\"https:\/\/www.fnac.com\/musique.asp\" target=\"_blank\" rel=\"noreferrer noopener nofollow\">musique<\/a>. La guerre ouverte entre lui et Kendrick Lamar a particuli\u00e8rement fait parler ces derniers mois, entre la sortie et la cons\u00e9cration de Not Like Us de Kendrick \u2014 qui s\u2019attaque frontalement \u00e0 Drake \u2014 et la performance m\u00e9morable de l\u2019am\u00e9ricain <a href=\"https:\/\/leclaireur.fnac.com\/article\/572920-kendrick-lamar-en-concert-a-paris-ou-et-quand-trouver-les-billets\/\" target=\"_blank\" rel=\"noreferrer noopener nofollow\">lors de la finale du Super Bowl<\/a>. <\/p>\n<p>\u00c0 ce propos, <a href=\"https:\/\/www.fnacspectacles.com\/artist\/kendrick-lamar\/?affiliate=QLY&amp;utm_source=google&amp;utm_medium=cpc&amp;utm_campaign=ar_rap&amp;utm_agid=183347676188&amp;utm_term=kendrick%20lamar%20billetterie&amp;creative=751514096286&amp;device=c&amp;placement=&amp;gad_source=1&amp;gad_campaignid=20312300292&amp;gbraid=0AAAAAo6Qh1IEfz2U3dHMZwZ7E_O3D9DYR&amp;gclid=CjwKCAjw3f_BBhAPEiwAaA3K5IShCSKyd93EAL4NfzLiW1VqhiCWhK2mqocpmQ4xDz_I-Ub7vm7_PRoCxSAQAvD_BwE\" target=\"_blank\" rel=\"noreferrer noopener nofollow\">Kendrick Lamar sera aussi \u00e0 Paris cette ann\u00e9e avec SZA<\/a>, les 15 et 16 juillet \u00e0 Paris La D\u00e9fense Arena. Lors de sa tourn\u00e9e en Australie, Drake avait d\u2019ailleurs r\u00e9pondu \u00e0 Kendrick Lamar en modifiant les paroles de son morceau Knife Talk. Vers une confrontation \u00e0 Paris cette ann\u00e9e entre les deux rappeurs par concerts interpos\u00e9s ? R\u00e9ponse en juillet puis en septembre 2025.<\/p>\n<p>        <script async src=\"\/\/www.instagram.com\/embed.js\"><\/script><\/p>\n","protected":false},"excerpt":{"rendered":"Le rappeur embl\u00e9matique sera enfin de retour en France avec deux dates exceptionnelles les 7 et 8 septembre&hellip;\n","protected":false},"author":2,"featured_media":151166,"comment_status":"","ping_status":"","sticky":false,"template":"","format":"standard","meta":{"footnotes":""},"categories":[1888],"tags":[8677,11,28054,1777,674,1011,27,28055,12,626,6198,25,4441],"class_list":{"0":"post-151165","1":"post","2":"type-post","3":"status-publish","4":"format-standard","5":"has-post-thumbnail","7":"category-paris","8":"tag-accor-arena","9":"tag-actualites","10":"tag-drake","11":"tag-eu","12":"tag-europe","13":"tag-fr","14":"tag-france","15":"tag-kendrick-lamar","16":"tag-news","17":"tag-paris","18":"tag-rappeur","19":"tag-republique-francaise","20":"tag-tournee"},"share_on_mastodon":{"url":"https:\/\/pubeurope.com\/@fr\/114624552155308392","error":""},"_links":{"self":[{"href":"https:\/\/www.europesays.com\/fr\/wp-json\/wp\/v2\/posts\/151165","targetHints":{"allow":["GET"]}}],"collection":[{"href":"https:\/\/www.europesays.com\/fr\/wp-json\/wp\/v2\/posts"}],"about":[{"href":"https:\/\/www.europesays.com\/fr\/wp-json\/wp\/v2\/types\/post"}],"author":[{"embeddable":true,"href":"https:\/\/www.europesays.com\/fr\/wp-json\/wp\/v2\/users\/2"}],"replies":[{"embeddable":true,"href":"https:\/\/www.europesays.com\/fr\/wp-json\/wp\/v2\/comments?post=151165"}],"version-history":[{"count":0,"href":"https:\/\/www.europesays.com\/fr\/wp-json\/wp\/v2\/posts\/151165\/revisions"}],"wp:featuredmedia":[{"embeddable":true,"href":"https:\/\/www.europesays.com\/fr\/wp-json\/wp\/v2\/media\/151166"}],"wp:attachment":[{"href":"https:\/\/www.europesays.com\/fr\/wp-json\/wp\/v2\/media?parent=151165"}],"wp:term":[{"taxonomy":"category","embeddable":true,"href":"https:\/\/www.europesays.com\/fr\/wp-json\/wp\/v2\/categories?post=151165"},{"taxonomy":"post_tag","embeddable":true,"href":"https:\/\/www.europesays.com\/fr\/wp-json\/wp\/v2\/tags?post=151165"}],"curies":[{"name":"wp","href":"https:\/\/api.w.org\/{rel}","templated":true}]}}