{"id":151169,"date":"2025-06-04T10:11:17","date_gmt":"2025-06-04T10:11:17","guid":{"rendered":"https:\/\/www.europesays.com\/fr\/151169\/"},"modified":"2025-06-04T10:11:17","modified_gmt":"2025-06-04T10:11:17","slug":"en-ukraine-lavancee-inexorable-des-russes-vers-soumy","status":"publish","type":"post","link":"https:\/\/www.europesays.com\/fr\/151169\/","title":{"rendered":"En Ukraine, l\u2019avanc\u00e9e inexorable des Russes vers Soumy"},"content":{"rendered":"\n<p>En Ukraine, \u201cl\u2019offensive d\u2019\u00e9t\u00e9\u201d russe \u00e9tait annonc\u00e9e depuis d\u00e9j\u00e0 des semaines dans la presse, \u00e0 la t\u00e9l\u00e9vision et sur les r\u00e9seaux sociaux. Or, durant la semaine \u00e9coul\u00e9e, la situation s\u2019est particuli\u00e8rement durcie au nord de la ville de Soumy, capitale de la r\u00e9gion du m\u00eame nom, une grande ville qui comptait plus de 250\u00a0000\u00a0habitants avant l\u2019invasion.<\/p>\n<p>\u201cDanger pour Soumy, <a class=\"ithalc\" data-ithal=\"lien_externe\" data-ithalc=\"[nav_article]\" target=\"_blank\" href=\"https:\/\/24tv.ua\/nastup-sumshhinu-karta-yaki-tsili-rosiyi-oblasti-novini-ukrayini_n2834648\" rel=\"nofollow noopener\">titre sur son site la cha\u00eene d\u2019information <strong>24<\/strong><\/a><strong>.<\/strong> Les combats continuent dans la r\u00e9gion de Soumy. Les Russes ont accumul\u00e9 des r\u00e9serves et tentent de s\u2019implanter dans les villages frontaliers.\u201d En f\u00e9vrier, rappelle la cha\u00eene, \u201cl\u2019Ukraine a mis fin \u00e0 son op\u00e9ration dans la r\u00e9gion de Koursk. D\u00e8s le d\u00e9but du mois de mars, la Russie a entam\u00e9 une offensive pour p\u00e9n\u00e9trer en profondeur sur le territoire de l\u2019Ukraine. Soumy et sa r\u00e9gion sont devenus un lieu de souffrance pour notre pays.\u201d<\/p>\n<p>\u201cApr\u00e8s avoir proclam\u00e9 son intention de cr\u00e9er une \u2018zone tampon\u2019 \u00e0 la fronti\u00e8re, Moscou poursuit ses efforts dans le nord de la r\u00e9gion de Soumy, <a class=\"ithalc\" data-ithal=\"lien_externe\" data-ithalc=\"[nav_article]\" target=\"_blank\" href=\"https:\/\/glavcom.ua\/digest\/nastup-rf-na-sumshchini-choho-ochikuvati-1061194.html\" rel=\"nofollow noopener\">\u00e9crit le portail d\u2019information <strong>Glavkom<\/strong><\/a><strong>.<\/strong> Ces derniers jours, l\u2019administration militaire de la r\u00e9gion a confirm\u00e9 l\u2019occupation de quatre agglom\u00e9rations.\u201d<\/p>\n<p> La strat\u00e9gie du grignotage <\/p>\n<p>La situation prend de l\u2019ampleur, au point d\u2019inciter les autorit\u00e9s ukrainiennes \u00e0 proc\u00e9der \u00e0 l\u2019\u00e9vacuation des habitants des villages menac\u00e9s, <a class=\"ithalc\" data-ithal=\"lien_externe\" data-ithalc=\"[nav_article]\" target=\"_blank\" href=\"https:\/\/tsn.ua\/ato\/nastup-na-sumshchyni-chy-zmozut-rosiyski-viyska-diyty-do-oblasnoho-tsentru-2839865.html\" rel=\"nofollow noopener\">indique l\u2019\u00e9mission d<\/a><\/p>\n","protected":false},"excerpt":{"rendered":"En Ukraine, \u201cl\u2019offensive d\u2019\u00e9t\u00e9\u201d russe \u00e9tait annonc\u00e9e depuis d\u00e9j\u00e0 des semaines dans la presse, \u00e0 la t\u00e9l\u00e9vision et&hellip;\n","protected":false},"author":2,"featured_media":151170,"comment_status":"","ping_status":"","sticky":false,"template":"","format":"standard","meta":{"footnotes":""},"categories":[1590],"tags":[11,1777,674,1892,131,12,132,220],"class_list":{"0":"post-151169","1":"post","2":"type-post","3":"status-publish","4":"format-standard","5":"has-post-thumbnail","7":"category-ukraine","8":"tag-actualites","9":"tag-eu","10":"tag-europe","11":"tag-gu00e9opolitique","12":"tag-guerre-en-ukraine","13":"tag-news","14":"tag-russie","15":"tag-ukraine"},"share_on_mastodon":{"url":"https:\/\/pubeurope.com\/@fr\/114624560155098954","error":""},"_links":{"self":[{"href":"https:\/\/www.europesays.com\/fr\/wp-json\/wp\/v2\/posts\/151169","targetHints":{"allow":["GET"]}}],"collection":[{"href":"https:\/\/www.europesays.com\/fr\/wp-json\/wp\/v2\/posts"}],"about":[{"href":"https:\/\/www.europesays.com\/fr\/wp-json\/wp\/v2\/types\/post"}],"author":[{"embeddable":true,"href":"https:\/\/www.europesays.com\/fr\/wp-json\/wp\/v2\/users\/2"}],"replies":[{"embeddable":true,"href":"https:\/\/www.europesays.com\/fr\/wp-json\/wp\/v2\/comments?post=151169"}],"version-history":[{"count":0,"href":"https:\/\/www.europesays.com\/fr\/wp-json\/wp\/v2\/posts\/151169\/revisions"}],"wp:featuredmedia":[{"embeddable":true,"href":"https:\/\/www.europesays.com\/fr\/wp-json\/wp\/v2\/media\/151170"}],"wp:attachment":[{"href":"https:\/\/www.europesays.com\/fr\/wp-json\/wp\/v2\/media?parent=151169"}],"wp:term":[{"taxonomy":"category","embeddable":true,"href":"https:\/\/www.europesays.com\/fr\/wp-json\/wp\/v2\/categories?post=151169"},{"taxonomy":"post_tag","embeddable":true,"href":"https:\/\/www.europesays.com\/fr\/wp-json\/wp\/v2\/tags?post=151169"}],"curies":[{"name":"wp","href":"https:\/\/api.w.org\/{rel}","templated":true}]}}