{"id":151190,"date":"2025-06-04T10:23:09","date_gmt":"2025-06-04T10:23:09","guid":{"rendered":"https:\/\/www.europesays.com\/fr\/151190\/"},"modified":"2025-06-04T10:23:09","modified_gmt":"2025-06-04T10:23:09","slug":"aleksander-bublik-lovni-fantasque-kazakhstanais-liberation","status":"publish","type":"post","link":"https:\/\/www.europesays.com\/fr\/151190\/","title":{"rendered":"Aleksander Bublik, l\u2019ovni fantasque kazakhstanais \u2013 Lib\u00e9ration"},"content":{"rendered":"<p class=\"sc-ksZaOG ehjQrN text-element\">Un robot contre un ovni. On exag\u00e8re \u00e0 peine en r\u00e9sumant l\u2019affiche du quart de finale opposant <a href=\"https:\/\/www.liberation.fr\/sports\/tennis\/roland-garros-2025-avec-jannik-sinner-et-iga-swiatek-le-spectre-des-dopages-et-interets-20250524_GZWKGVDJZNE3JH6GDKHJWENAIA\/?redirected=1\" target=\"_blank\" rel=\"noreferrer noopener\" title=\"https:\/\/www.liberation.fr\/sports\/tennis\/roland-garros-2025-avec-jannik-sinner-et-iga-swiatek-le-spectre-des-dopages-et-interets-20250524_GZWKGVDJZNE3JH6GDKHJWENAIA\/?redirected=1\">Jannik Sinner<\/a> \u00e0 Alexander Bublik ce mercredi sur le Central. Le Kazakhstanais, pr\u00e9sent pour la premi\u00e8re fois \u00e0 ce stade d\u2019un Grand Chelem, \u00e0 27 ans, aurait beau jeu de nous contredire. \u00abDe mon point de vue, je suis quelqu\u2019un de normal. Ce sont les autres qui me font me sentir diff\u00e9rent\u00bb, jure Bublik, le \u00abgars que tu peux croiser en train de passer un bon moment dans les rues de Paris le soir avant un match. Pas \u00e0 faire n\u2019importe quoi, mais je suis sociable\u00bb.<\/p>\n<p class=\"sc-ksZaOG ehjQrN text-element\">Un type ordinaire, dont l\u2019attitude colle mal avec le profil st\u00e9r\u00e9otyp\u00e9 du tennisman moderne, au rythme de vie d\u2019asc\u00e8te, quasi monacal. \u00abAujourd\u2019hui, tout le monde est comme des robots, des fous de la performance, s\u2019interroge Bublik. Il y en a qui ont gagn\u00e9 100 millions, 25 titres, et ils en veulent encore plus. Moi, je trouve que \u00e7a, ce n\u2019est pas normal. Mais c\u2019est moi qu\u2019on traite de diff\u00e9rent.\u00bb<\/p>\n<p class=\"sc-ksZaOG ehjQrN text-element\">Dans ce milieu o\u00f9 tout est aseptis\u00e9, contr\u00f4l\u00e9 \u00e0 l\u2019extr\u00eame, o\u00f9 les plus consciencieux se d\u00e9placent <\/p>\n","protected":false},"excerpt":{"rendered":"Un robot contre un ovni. On exag\u00e8re \u00e0 peine en r\u00e9sumant l\u2019affiche du quart de finale opposant Jannik&hellip;\n","protected":false},"author":2,"featured_media":151191,"comment_status":"","ping_status":"","sticky":false,"template":"","format":"standard","meta":{"footnotes":""},"categories":[1415],"tags":[1011,27,4171,60,1467],"class_list":{"0":"post-151190","1":"post","2":"type-post","3":"status-publish","4":"format-standard","5":"has-post-thumbnail","7":"category-tennis","8":"tag-fr","9":"tag-france","10":"tag-roland-garros","11":"tag-sports","12":"tag-tennis"},"share_on_mastodon":{"url":"https:\/\/pubeurope.com\/@fr\/114624607243664971","error":""},"_links":{"self":[{"href":"https:\/\/www.europesays.com\/fr\/wp-json\/wp\/v2\/posts\/151190","targetHints":{"allow":["GET"]}}],"collection":[{"href":"https:\/\/www.europesays.com\/fr\/wp-json\/wp\/v2\/posts"}],"about":[{"href":"https:\/\/www.europesays.com\/fr\/wp-json\/wp\/v2\/types\/post"}],"author":[{"embeddable":true,"href":"https:\/\/www.europesays.com\/fr\/wp-json\/wp\/v2\/users\/2"}],"replies":[{"embeddable":true,"href":"https:\/\/www.europesays.com\/fr\/wp-json\/wp\/v2\/comments?post=151190"}],"version-history":[{"count":0,"href":"https:\/\/www.europesays.com\/fr\/wp-json\/wp\/v2\/posts\/151190\/revisions"}],"wp:featuredmedia":[{"embeddable":true,"href":"https:\/\/www.europesays.com\/fr\/wp-json\/wp\/v2\/media\/151191"}],"wp:attachment":[{"href":"https:\/\/www.europesays.com\/fr\/wp-json\/wp\/v2\/media?parent=151190"}],"wp:term":[{"taxonomy":"category","embeddable":true,"href":"https:\/\/www.europesays.com\/fr\/wp-json\/wp\/v2\/categories?post=151190"},{"taxonomy":"post_tag","embeddable":true,"href":"https:\/\/www.europesays.com\/fr\/wp-json\/wp\/v2\/tags?post=151190"}],"curies":[{"name":"wp","href":"https:\/\/api.w.org\/{rel}","templated":true}]}}