{"id":151194,"date":"2025-06-04T10:26:09","date_gmt":"2025-06-04T10:26:09","guid":{"rendered":"https:\/\/www.europesays.com\/fr\/151194\/"},"modified":"2025-06-04T10:26:09","modified_gmt":"2025-06-04T10:26:09","slug":"quand-lois-boisson-echange-des-balles-avec-jannik-sinner-sur-le-central-avant-son-quart-de-finale","status":"publish","type":"post","link":"https:\/\/www.europesays.com\/fr\/151194\/","title":{"rendered":"quand Lo\u00efs Boisson \u00e9change des balles avec Jannik Sinner sur le Central avant son quart de finale"},"content":{"rendered":"<p><strong>LE SCAN SPORT &#8211;<\/strong> Attendue sur le court Philippe-Chatrier ce mercredi, la derni\u00e8re Fran\u00e7aise en lice s\u2019est \u00e9chauff\u00e9e avec un sparring-partner de choix\u00a0: le num\u00e9ro un mondial italien.<\/p>\n<p class=\"fig-paragraph\">Entra\u00eenement cinq \u00e9toiles. Ce mercredi entre 10h et 11h, la derni\u00e8re fran\u00e7aise en lice \u00e0 Roland-Garros,\u00a0<a href=\"http:\/\/www.lefigaro.fr\/sports\/tennis\/roland-garros\/une-insouciance-et-humilite-qui-font-plaisir-a-voir-a-roland-garros-le-tennis-francais-sous-le-charme-de-la-sensation-lois-boisson-20250603\" target=\"_blank\" data-fig-type=\"Article\" rel=\"noopener\" data-gtm-custom-categorie=\"navigation\" data-gtm-custom-action=\"crossclick\" data-gtm-custom-label=\"Contextuel\" data-gtm-event=\"customEventSPE\" data-fig-domain=\"LEFIGARO\">Lo\u00efs Boisson<\/a>, a effectu\u00e9 son \u00e9chauffement avec&#8230;\u00a0<a href=\"http:\/\/www.lefigaro.fr\/sports\/tennis\/roland-garros\/roland-garros-jannik-sinner-toujours-en-mode-rouleau-compresseur-20250602\" target=\"_blank\" data-fig-type=\"NewsFlash\" rel=\"noopener\" data-gtm-custom-categorie=\"navigation\" data-gtm-custom-action=\"crossclick\" data-gtm-custom-label=\"Contextuel\" data-gtm-event=\"customEventSPE\" data-fig-domain=\"LEFIGARO\">Jannik Sinner<\/a>, l\u2019impressionnant num\u00e9ro un mondial. Temps pluvieux oblige, sous un toit ferm\u00e9, la Tricolore et l\u2019Italien se sont retrouv\u00e9s sur le m\u00eame court Philippe-Chatrier pour \u00e9changer des balles avant leur quart de finale respectif face \u00e0 la Russe Mirra Andreeva et le Kazakh Alexander Bublik.<\/p>\n<p class=\"fig-paragraph\">La prodige Andreeva, 18 ans, \u00e9tait d\u2019ailleurs, elle aussi, sur la terre battue du Central au m\u00eame moment pour s\u2019\u00e9chauffer avec un jeune sparring-partner.<\/p>\n","protected":false},"excerpt":{"rendered":"LE SCAN SPORT &#8211; Attendue sur le court Philippe-Chatrier ce mercredi, la derni\u00e8re Fran\u00e7aise en lice s\u2019est \u00e9chauff\u00e9e&hellip;\n","protected":false},"author":2,"featured_media":151195,"comment_status":"","ping_status":"","sticky":false,"template":"","format":"standard","meta":{"footnotes":""},"categories":[1412],"tags":[4169,105,1451,2199,1452,1453,1454,1455,1011,27,24473,20859,4977,10535,1960,24472,4171,60,1467,4170],"class_list":{"0":"post-151194","1":"post","2":"type-post","3":"status-publish","4":"format-standard","5":"has-post-thumbnail","7":"category-f1","8":"tag-atp","9":"tag-djokovic","10":"tag-f1","11":"tag-federer","12":"tag-formula-1","13":"tag-formula1","14":"tag-formule-1","15":"tag-formule1","16":"tag-fr","17":"tag-france","18":"tag-internationaux-de-france","19":"tag-jannik-sinner","20":"tag-le-scan-sport","21":"tag-lois-boisson","22":"tag-nadal","23":"tag-rg","24":"tag-roland-garros","25":"tag-sports","26":"tag-tennis","27":"tag-wta"},"share_on_mastodon":{"url":"https:\/\/pubeurope.com\/@fr\/114624619210276025","error":""},"_links":{"self":[{"href":"https:\/\/www.europesays.com\/fr\/wp-json\/wp\/v2\/posts\/151194","targetHints":{"allow":["GET"]}}],"collection":[{"href":"https:\/\/www.europesays.com\/fr\/wp-json\/wp\/v2\/posts"}],"about":[{"href":"https:\/\/www.europesays.com\/fr\/wp-json\/wp\/v2\/types\/post"}],"author":[{"embeddable":true,"href":"https:\/\/www.europesays.com\/fr\/wp-json\/wp\/v2\/users\/2"}],"replies":[{"embeddable":true,"href":"https:\/\/www.europesays.com\/fr\/wp-json\/wp\/v2\/comments?post=151194"}],"version-history":[{"count":0,"href":"https:\/\/www.europesays.com\/fr\/wp-json\/wp\/v2\/posts\/151194\/revisions"}],"wp:featuredmedia":[{"embeddable":true,"href":"https:\/\/www.europesays.com\/fr\/wp-json\/wp\/v2\/media\/151195"}],"wp:attachment":[{"href":"https:\/\/www.europesays.com\/fr\/wp-json\/wp\/v2\/media?parent=151194"}],"wp:term":[{"taxonomy":"category","embeddable":true,"href":"https:\/\/www.europesays.com\/fr\/wp-json\/wp\/v2\/categories?post=151194"},{"taxonomy":"post_tag","embeddable":true,"href":"https:\/\/www.europesays.com\/fr\/wp-json\/wp\/v2\/tags?post=151194"}],"curies":[{"name":"wp","href":"https:\/\/api.w.org\/{rel}","templated":true}]}}