{"id":1512,"date":"2025-04-03T22:00:14","date_gmt":"2025-04-03T22:00:14","guid":{"rendered":"https:\/\/www.europesays.com\/fr\/1512\/"},"modified":"2025-04-03T22:00:14","modified_gmt":"2025-04-03T22:00:14","slug":"et-si-le-vaccin-contre-le-zona-nous-protegeait-aussi-contre-alzheimer","status":"publish","type":"post","link":"https:\/\/www.europesays.com\/fr\/1512\/","title":{"rendered":"Et si le vaccin contre le zona nous prot\u00e9geait aussi contre Alzheimer ?"},"content":{"rendered":"<p>             <a href=\"https:\/\/ma-sante.news\/wp-content\/uploads\/2025\/04\/vaccin-zona-alzheimer-demences-maladies-neurodegeneratives-efficace-ma-sante-\u00a9-Freepik.jpg\" data-caption=\"Un simple vaccin contre le zona, au-del\u00e0 de sa vocation premi\u00e8re, pourrait \u00e9galement pr\u00e9venir le risque de d\u00e9velopper une maladie neurod\u00e9g\u00e9n\u00e9rative. \u00a9 Freepik\" target=\"_blank\" rel=\"noopener\"><img loading=\"lazy\" decoding=\"async\" width=\"696\" height=\"447\" class=\"entry-thumb td-modal-image\" src=\"data:image\/svg+xml,%3Csvg%20xmlns=\" http:=\"\" data-lazy- data-lazy- alt=\"Un homme \u00e2g\u00e9 tout juste vaccin\u00e9 du zona.\" title=\"vaccin zona alzheimer demences maladies neurodegeneratives efficace ma sante \u00a9 Freepik\" data-lazy-src=\"https:\/\/www.europesays.com\/fr\/wp-content\/uploads\/2025\/04\/vaccin-zona-alzheimer-demences-maladies-neurodegeneratives-efficace-ma-sante-\u00a9-Freepik-696x447.jpg\"\/><\/a>Un simple vaccin contre le zona, au-del\u00e0 de sa vocation premi\u00e8re, pourrait \u00e9galement pr\u00e9venir le risque de d\u00e9velopper une maladie neurod\u00e9g\u00e9n\u00e9rative. \u00a9 Freepik                                    \t\t\t             <a class=\"gofollow\" data-track=\"MjgsMCwxLDYw\" href=\"https:\/\/ma-sante.news\/inscrivez-vous-a-notre-newsletter\/\" target=\"_blank\" rel=\"noopener\"><img loading=\"lazy\" decoding=\"async\" width=\"1068\" height=\"131\" src=\"data:image\/svg+xml,%3Csvg%20xmlns=\" http:=\"\" data-lazy-src=\"https:\/\/www.europesays.com\/fr\/wp-content\/uploads\/2025\/03\/banniere-newsletter.png\"\/><\/a> <\/p>\n<p>\u200bDes recherches r\u00e9centes sugg\u00e8rent que le vaccin contre le zona pourrait jouer un r\u00f4le significatif dans la r\u00e9duction du <a href=\"https:\/\/ma-sante.news\/maladies-neurodegeneratives-gare-aux-premiers-symptomes\/\" target=\"_blank\" rel=\"noopener\">risque de maladies neurod\u00e9g\u00e9n\u00e9ratives<\/a>, notamment la maladie d\u2019Alzheimer. <\/p>\n<p>Cette d\u00e9couverte ouvre de nouvelles perspectives dans la pr\u00e9vention de ces pathologies qui touchent des centaines de milliers de Fran\u00e7ais (lire \u00c0 SAVOIR), qui <a href=\"https:\/\/ma-sante.news\/alzheimer-mais-pourquoi-la-maladie-touche-de-plus-en-plus-de-monde\/\" target=\"_blank\" rel=\"noopener\">augmentent en raison du vieillissement de la population<\/a> et pour lesquelles il n\u2019existe, \u00e0 ce jour, aucun traitement curatif efficace.\u200b<\/p>\n<p>        Quels sont les liens entre le zona et les maladies neurod\u00e9g\u00e9n\u00e9ratives ?    <\/p>\n<p>Le zona est une <a href=\"https:\/\/ma-sante.news\/zona-quels-sont-les-causes-et-les-traitements\/\" target=\"_blank\" rel=\"noopener\">affection caus\u00e9e par la r\u00e9activation du virus varicelle-zona<\/a> (VZV), contract\u00e9 g\u00e9n\u00e9ralement durant l\u2019enfance sous forme de varicelle. Apr\u00e8s la gu\u00e9rison, le virus demeure latent dans les ganglions nerveux et peut se r\u00e9activer des ann\u00e9es plus tard, provoquant le zona. <\/p>\n<p>Cette r\u00e9activation entra\u00eene une inflammation des nerfs et des douleurs intenses. Des \u00e9tudes ont \u00e9tabli une corr\u00e9lation entre le zona et un risque accru de d\u00e9velopper des d\u00e9mences, y compris la maladie d\u2019Alzheimer. L\u2019inflammation chronique induite par le virus pourrait contribuer \u00e0 la d\u00e9g\u00e9n\u00e9rescence neuronale observ\u00e9e dans ces maladies.\u200b<\/p>\n<p>Une \u00e9tude publi\u00e9e dans la revue <a href=\"https:\/\/www.nature.com\/nm\/\" target=\"_blank\" rel=\"noreferrer noopener\">Nature Medicine<\/a> a examin\u00e9 les effets du vaccin contre le zona sur l\u2019incidence des d\u00e9mences. Les chercheurs ont suivi plus de 280 000 adultes \u00e2g\u00e9s, comparant ceux ayant re\u00e7u le vaccin \u00e0 ceux non vaccin\u00e9s. Les r\u00e9sultats indiquent que les personnes vaccin\u00e9es pr\u00e9sentaient un risque r\u00e9duit de 20 % de d\u00e9velopper une d\u00e9mence au cours des sept ann\u00e9es suivantes, avec un effet particuli\u00e8rement marqu\u00e9 chez les femmes.<\/p>\n<p>Ces conclusions corroborent une autre \u00e9tude men\u00e9e par l\u2019universit\u00e9 d\u2019Oxford, qui a observ\u00e9 une diminution de 17 % du risque de d\u00e9mence chez les individus vaccin\u00e9s. Ces donn\u00e9es renforcent l\u2019hypoth\u00e8se selon laquelle la vaccination contre le zona pourrait avoir un effet neuroprotecteur. \u200b<\/p>\n<p>        Zona et d\u00e9mences : vers une strat\u00e9gie de pr\u00e9vention \u00e9largie    <\/p>\n<p>Bien que les m\u00e9canismes exacts par lesquels le vaccin contre le zona r\u00e9duit le risque de d\u00e9mence ne soient pas enti\u00e8rement \u00e9lucid\u00e9s, plusieurs hypoth\u00e8ses sont avanc\u00e9es. La pr\u00e9vention de la r\u00e9activation du VZV pourrait diminuer l\u2019inflammation chronique du syst\u00e8me nerveux, un facteur connu de la neurod\u00e9g\u00e9n\u00e9rescence. <\/p>\n<p>De plus, le vaccin pourrait induire des modifications b\u00e9n\u00e9fiques du syst\u00e8me immunitaire, offrant une protection suppl\u00e9mentaire contre les processus pathologiques menant aux d\u00e9mences.<\/p>\n<p>En France, le vaccin Shingrix contre le zona est recommand\u00e9 depuis d\u00e9cembre 2024 pour les personnes \u00e2g\u00e9es de 65 ans et plus, ainsi que pour les adultes immunod\u00e9prim\u00e9s de 18 ans et plus. Ce vaccin est rembours\u00e9 \u00e0 hauteur de 65 % par l\u2019Assurance Maladie. <\/p>\n<p>Compte tenu des r\u00e9centes d\u00e9couvertes, cette recommandation pourrait \u00e9galement contribuer \u00e0 la pr\u00e9vention des maladies neurod\u00e9g\u00e9n\u00e9ratives, offrant ainsi un double b\u00e9n\u00e9fice aux personnes vaccin\u00e9es.\u200b<\/p>\n<p>Ces d\u00e9couvertes sugg\u00e8rent que la vaccination contre le zona pourrait devenir un outil pr\u00e9cieux dans la strat\u00e9gie de pr\u00e9vention des maladies neurod\u00e9g\u00e9n\u00e9ratives. Toutefois, des recherches suppl\u00e9mentaires sont n\u00e9cessaires pour confirmer ces r\u00e9sultats et comprendre pleinement les m\u00e9canismes en jeu. <\/p>\n<p>En attendant, les autorit\u00e9s sanitaires encouragent les populations \u00e9ligibles \u00e0 se faire vacciner contre le zona, non seulement pour pr\u00e9venir cette affection douloureuse, mais aussi pour potentiellement r\u00e9duire le risque de d\u00e9velopper des d\u00e9mences \u00e0 l\u2019avenir.<\/p>\n<blockquote class=\"wp-block-quote is-layout-flow wp-block-quote-is-layout-flow\">\n<p><strong>\u00c0 SAVOIR<\/strong><\/p>\n<p>En France, plus de 1,2 million de personnes sont atteintes de maladies neurod\u00e9g\u00e9n\u00e9ratives, dont environ 900 000 souffrent de la maladie d\u2019Alzheimer, selon Sant\u00e9 publique France. Chaque ann\u00e9e, 225 000 nouveaux cas sont diagnostiqu\u00e9s, un chiffre en constante augmentation avec le vieillissement de la population. Ces pathologies, incurables \u00e0 ce jour, repr\u00e9sentent un d\u00e9fi majeur pour le syst\u00e8me de sant\u00e9. Elles affectent non seulement la m\u00e9moire et les fonctions cognitives, mais aussi l\u2019autonomie et la qualit\u00e9 de vie des patients. Leur impact est \u00e9galement lourd pour les proches aidants et la soci\u00e9t\u00e9 dans son ensemble.<\/p>\n<\/blockquote>\n<p>  <a class=\"gofollow\" data-track=\"MTIsMCwxLDYw\" href=\"https:\/\/ma-sante.news\/annonceurs\/\" target=\"_blank\" rel=\"noopener\"><img loading=\"lazy\" decoding=\"async\" width=\"2560\" height=\"2133\" src=\"data:image\/svg+xml,%3Csvg%20xmlns=\" http:=\"\" data-lazy-src=\"https:\/\/www.europesays.com\/fr\/wp-content\/uploads\/2025\/03\/pub-annonceurs-4-scaled.jpg\"\/><\/a>    <img loading=\"lazy\" decoding=\"async\" width=\"755\" height=\"495\" src=\"data:image\/svg+xml,%3Csvg%20xmlns=\" http:=\"\" data-lazy-src=\"https:\/\/www.europesays.com\/fr\/wp-content\/uploads\/2025\/03\/Image1.jpg\"\/>Inscrivez-vous \u00e0 notre newsletter <br \/>Ma Sant\u00e9                      <\/p>\n","protected":false},"excerpt":{"rendered":"Un simple vaccin contre le zona, au-del\u00e0 de sa vocation premi\u00e8re, pourrait \u00e9galement pr\u00e9venir le risque de d\u00e9velopper&hellip;\n","protected":false},"author":2,"featured_media":1513,"comment_status":"","ping_status":"","sticky":false,"template":"","format":"standard","meta":{"footnotes":""},"categories":[10],"tags":[1093,1011,27,72,1094,71],"class_list":{"0":"post-1512","1":"post","2":"type-post","3":"status-publish","4":"format-standard","5":"has-post-thumbnail","7":"category-sante","8":"tag-du00e9mence","9":"tag-fr","10":"tag-france","11":"tag-health","12":"tag-maladies-neurodu00e9gu00e9nu00e9ratives","13":"tag-sante"},"share_on_mastodon":{"url":"https:\/\/pubeurope.com\/@fr\/114276284722916884","error":""},"_links":{"self":[{"href":"https:\/\/www.europesays.com\/fr\/wp-json\/wp\/v2\/posts\/1512","targetHints":{"allow":["GET"]}}],"collection":[{"href":"https:\/\/www.europesays.com\/fr\/wp-json\/wp\/v2\/posts"}],"about":[{"href":"https:\/\/www.europesays.com\/fr\/wp-json\/wp\/v2\/types\/post"}],"author":[{"embeddable":true,"href":"https:\/\/www.europesays.com\/fr\/wp-json\/wp\/v2\/users\/2"}],"replies":[{"embeddable":true,"href":"https:\/\/www.europesays.com\/fr\/wp-json\/wp\/v2\/comments?post=1512"}],"version-history":[{"count":0,"href":"https:\/\/www.europesays.com\/fr\/wp-json\/wp\/v2\/posts\/1512\/revisions"}],"wp:featuredmedia":[{"embeddable":true,"href":"https:\/\/www.europesays.com\/fr\/wp-json\/wp\/v2\/media\/1513"}],"wp:attachment":[{"href":"https:\/\/www.europesays.com\/fr\/wp-json\/wp\/v2\/media?parent=1512"}],"wp:term":[{"taxonomy":"category","embeddable":true,"href":"https:\/\/www.europesays.com\/fr\/wp-json\/wp\/v2\/categories?post=1512"},{"taxonomy":"post_tag","embeddable":true,"href":"https:\/\/www.europesays.com\/fr\/wp-json\/wp\/v2\/tags?post=1512"}],"curies":[{"name":"wp","href":"https:\/\/api.w.org\/{rel}","templated":true}]}}