{"id":151202,"date":"2025-06-04T10:30:10","date_gmt":"2025-06-04T10:30:10","guid":{"rendered":"https:\/\/www.europesays.com\/fr\/151202\/"},"modified":"2025-06-04T10:30:10","modified_gmt":"2025-06-04T10:30:10","slug":"huit-artistes-vont-sculpter-en-direct-pendant-dix-jours","status":"publish","type":"post","link":"https:\/\/www.europesays.com\/fr\/151202\/","title":{"rendered":"huit artistes vont sculpter en direct pendant dix jours"},"content":{"rendered":"<p>            Par<br \/>\n        <strong><br \/>\n            <a href=\"https:\/\/actu.fr\/auteur\/manuel-rodriguez\" title=\"Consulter tous les articles de Manuel Rodriguez\" rel=\"nofollow noopener\" target=\"_blank\">Manuel Rodriguez<\/a><br \/>\n        <\/strong><\/p>\n<p>        Publi\u00e9 le<\/p>\n<p>            4 juin 2025 \u00e0 7h56        <\/p>\n<p>Huit sculpteurs s\u2019installent \u00e0 <a href=\"https:\/\/actu.fr\/la-chronique-republicaine\/\" rel=\"nofollow noopener\" target=\"_blank\">Foug\u00e8res<\/a> <b>(Ille-et-Vilaine)<\/b> du 5 au 15 juin. Bois, pierre, m\u00e9tal et m\u00eame grillage\u2026 Pendant dix jours, ils travailleront leurs mati\u00e8res de pr\u00e9dilection \u00e0<b> la Chapelle de la Verrerie<\/b> et cr\u00e9eront des \u0153uvres tout droit sorties de leur imagination. \u00ab Il n\u2019y a aucun th\u00e8me impos\u00e9. Chaque artiste va laisser libre cours \u00e0 son imagination, sa cr\u00e9ativit\u00e9 \u00bb, explique <b>Philippe Andr\u00e9.<\/b><\/p>\n<p class=\" wall-content\">Propri\u00e9taire de la chapelle, le sculpteur fougerais, sp\u00e9cialiste de la pierre, organise cet \u00e9v\u00e9nement. Il ajoute : \u00ab On veut ce moment comme une rencontre, un \u00e9change. \u00c0 la fois entre les artistes, mais aussi avec le public. \u00bb<\/p>\n<p class=\" wall-content\">Le public pourra y assister en direct et ainsi appr\u00e9cier le savoir-faire de ces artistes aux mains en or.<\/p>\n<blockquote class=\"ac-article-quote wall-content\">\n<p>Il y aura du monde tous les jours \u00e0 travailler \u00e0 la chapelle. Mais le temps fort aura lieu le samedi 7 et dimanche 8 juin, tous les artistes seront l\u00e0 en m\u00eame temps.<\/p>\n<p>Philippe Andr\u00e9<\/p><\/blockquote>\n<p class=\" wall-content\">A travers ces rencontres, le sculpteur fougerais veut rendre hommage \u00e0 Colette, une cliente et m\u00e9c\u00e8ne atteinte par la maladie d\u2019Alzheimer. Il conclut, dans un sourire : \u00ab Il y aura un peu de bruit et de poussi\u00e8re \u00bb.<\/p>\n<p>\u00ab Je d\u00e9couvre les personnages coinc\u00e9s dans les troncs \u00bb<br \/>\n    <img   decoding=\"async\" loading=\"lazy\" class=\"size-large\" src=\"https:\/\/www.europesays.com\/fr\/wp-content\/uploads\/2025\/06\/81d40cd1d6386d5d40cd1d638b9d40v-685x640.jpg\" alt=\"ss\" width=\"685\" height=\"640\"\/><br \/>\n    La femme aux Foyers d\u2019Esther Seguin. \u00a9Photo transmise par Philippe Andr\u00e9Vid\u00e9os : en ce moment sur Actu<\/p>\n<p class=\" wall-content\">Honneur aux jeunes, pour commencer. Originaire de La Bou\u00ebxi\u00e8re, <b>Esther Seguin<\/b> est \u00ab une valeur montante \u00bb pour Philippe Andr\u00e9.<\/p>\n<p class=\" wall-content\">La jeune femme sculpte le bois : \u00ab Comme une arch\u00e9ologue, je d\u00e9couvre les personnages coinc\u00e9s dans les troncs avec ma tron\u00e7onneuse et mes gouges. Mes sujets sont surtout le corps humain, mais aussi l\u2019animal et l\u2019architecture \u00bb, d\u00e9crit-elle sur le site internet de la chapelle de la Verrerie.<\/p>\n<p class=\" wall-content\"><b>Fred Nobili <\/b>\u0153uvre aussi cette mati\u00e8re. \u00ab Sculpter, c\u2019est pour moi apprivoiser la mati\u00e8re sans la dominer mais en la sublimant \u00e0 travers mes mains et mes outils [\u2026] Cr\u00e9er, c\u2019est offrir de l\u2019\u00e9motion, partager permettre une pause. \u00bb<\/p>\n<p class=\" wall-content\">Ils seront trois \u00e0 travailler le granit : Philippe Andr\u00e9, Aymeric Louvet et<b> Coralie Quincey<\/b>. Le premier, local de l\u2019\u00e9tape, dit se soigner \u00ab en sculptant dans la pierre dure, tous mes amours, pulsions, r\u00eaves, interrogations et traumatismes li\u00e9s \u00e0 mon id\u00e9al \u00bb noy\u00e9 \u00ab dans notre soci\u00e9t\u00e9 d\u00e9jant\u00e9e. \u00bb<\/p>\n<p class=\" wall-content\"><b>Aymeric Louvet<\/b>, dont l\u2019atelier se situe entre Dinan et Saint-Malo, revisite \u00ab les arts ancestraux, primaires, alchimiques ou religieux [\u2026] Mon travail invite \u00e0 revenir \u00e0 l\u2019essentiel, perdre une part de soi pour se retrouver au c\u0153ur du vivant au pr\u00e9sent \u00e0 la mati\u00e8re et \u00e0 l\u2019antimati\u00e8re. \u00bb<\/p>\n<p class=\" wall-content\"><b>Coralie Qunicey<\/b>, elle, avoue \u00eatre \u00ab en qu\u00eate de formes pures et harmonieuses \u00bb : \u00ab Au d\u00e9part, il y a la mati\u00e8re brute extraite du ventre de la Terre : un bloc de pierre compact et hostile. Sa beaut\u00e9 myst\u00e9rieuse m\u2019attire, et je fouille inlassablement ce creuset de vie. \u00bb<\/p>\n<p class=\" wall-content\"><b>Margot Lasalle<\/b> a un penchant pour le marbre. L\u2019artiste se dire \u00ab \u00e9plucheuse de cailloux, qui part en recherche int\u00e9rieure de la sculpture cach\u00e9e \u00bb. Elle cherche \u00ab \u00e0 transmettre une sorte d\u2019intimit\u00e9 \u00bb, d\u2019appropriation de ses sculptures, \u00ab qu\u2019on les pense, qu\u2019on les touche, qu\u2019elles vivent \u00bb.<\/p>\n<p>    <img   decoding=\"async\" loading=\"lazy\" class=\"size-large\" src=\"https:\/\/www.europesays.com\/fr\/wp-content\/uploads\/2025\/06\/abd686acc6386bfd686acc638d3e68v-960x640.jpg\" alt=\"Claudia Capaccioli travaille le grillage et cr\u00e9e des \u0153uvres transparentes.\" width=\"960\" height=\"640\"\/><br \/>\n    Claudia Capaccioli travaille le grillage et cr\u00e9e des \u0153uvres transparentes. \u00a9Claudi CapaccioliLes \u0153uvres transparentes et en grillage de Daniela Capaccioli<\/p>\n<p class=\" wall-content\"><b>Olena Dodatko<\/b> travaille aussi le marbre. Artiste et sculptrice ukrainienne, elle a obtenu son dipl\u00f4me de l\u2019Acad\u00e9mie des Beaux-Arts et d\u2019Architecture de Kiev. Olena se consacre principalement \u00e0 la sculpture de grandes dimensions. Elle a particip\u00e9 \u00e0 de nombreux symposiums internationaux de sculpture et ses \u0153uvres sont expos\u00e9es dans des espaces publics en Ukraine, en Pologne, en Italie, en Allemagne, en R\u00e9publique tch\u00e8que, en France et en Espagne.<\/p>\n<p class=\" wall-content\"><b>Daniela Capaccioli<\/b> sculpte une mati\u00e8re moins r\u00e9pandue : le grillage. Artiste plasticienne, dipl\u00f4m\u00e9e en sc\u00e9nographie de l\u2019Acad\u00e9mie des Beaux-Arts de Brera \u00e0 Milan, elle cr\u00e9e des sculptures \u00e0 la fois l\u00e9g\u00e8res, transparentes et puissantes.<\/p>\n<p class=\" wall-content\">Elle expose ses \u0153uvres dans des lieux publics et festivals en France et en Italie et ses cr\u00e9ations ont \u00e9t\u00e9 pr\u00e9sent\u00e9es dans des lieux prestigieux tels que le Parc Floral, le Parc Montsouris et les Serres D\u2019Auteuil \u00e0 Paris.<\/p>\n<p>Rencontres de sculptures \u00e0 la chapelle de la Verrerie, 128 avenue de la Verrerie \u00e0 Foug\u00e8res. Du 5 au 15\u00a0juin, de 10 h \u00e0 18 h. Entr\u00e9e libre. Plus d\u2019infos sur : <a href=\"http:\/\/www.lachapelledelaverrerie.com\/\" rel=\"nofollow noopener\" target=\"_blank\">www.lachapelledelaverrerie.com<\/a><\/p>\n<p class=\" wall-content\">Suivez toute l\u2019actualit\u00e9 de vos villes et m\u00e9dias favoris en vous inscrivant \u00e0 <a href=\"https:\/\/moncompte.actu.fr\" title=\"D\u00e9couvez Mon Actu\" rel=\"nofollow noopener\" data-trk=\"{&quot;cta&quot;:{&quot;action&quot;:&quot;https:\\\/\\\/moncompte.actu.fr&quot;,&quot;category&quot;:&quot;mon compte&quot;,&quot;from&quot;:&quot;article footer&quot;,&quot;name&quot;:&quot;Mon actu&quot;,&quot;type&quot;:&quot;cta&quot;}}\" target=\"_blank\">Mon Actu<\/a>.<\/p>\n","protected":false},"excerpt":{"rendered":"Par Manuel Rodriguez Publi\u00e9 le 4 juin 2025 \u00e0 7h56 Huit sculpteurs s\u2019installent \u00e0 Foug\u00e8res (Ille-et-Vilaine) du 5&hellip;\n","protected":false},"author":2,"featured_media":151203,"comment_status":"","ping_status":"","sticky":false,"template":"","format":"standard","meta":{"footnotes":""},"categories":[1358],"tags":[1063,1477,1348,1384,1385,1386,58,59,1011,27,1652,4054],"class_list":{"0":"post-151202","1":"post","2":"type-post","3":"status-publish","4":"format-standard","5":"has-post-thumbnail","7":"category-arts-et-design","8":"tag-animations","9":"tag-artisanat","10":"tag-arts","11":"tag-arts-and-design","12":"tag-arts-et-design","13":"tag-design","14":"tag-divertissement","15":"tag-entertainment","16":"tag-fr","17":"tag-france","18":"tag-loisirs-culture","19":"tag-sortir-a-fougeres"},"share_on_mastodon":{"url":"https:\/\/pubeurope.com\/@fr\/114624634864861318","error":""},"_links":{"self":[{"href":"https:\/\/www.europesays.com\/fr\/wp-json\/wp\/v2\/posts\/151202","targetHints":{"allow":["GET"]}}],"collection":[{"href":"https:\/\/www.europesays.com\/fr\/wp-json\/wp\/v2\/posts"}],"about":[{"href":"https:\/\/www.europesays.com\/fr\/wp-json\/wp\/v2\/types\/post"}],"author":[{"embeddable":true,"href":"https:\/\/www.europesays.com\/fr\/wp-json\/wp\/v2\/users\/2"}],"replies":[{"embeddable":true,"href":"https:\/\/www.europesays.com\/fr\/wp-json\/wp\/v2\/comments?post=151202"}],"version-history":[{"count":0,"href":"https:\/\/www.europesays.com\/fr\/wp-json\/wp\/v2\/posts\/151202\/revisions"}],"wp:featuredmedia":[{"embeddable":true,"href":"https:\/\/www.europesays.com\/fr\/wp-json\/wp\/v2\/media\/151203"}],"wp:attachment":[{"href":"https:\/\/www.europesays.com\/fr\/wp-json\/wp\/v2\/media?parent=151202"}],"wp:term":[{"taxonomy":"category","embeddable":true,"href":"https:\/\/www.europesays.com\/fr\/wp-json\/wp\/v2\/categories?post=151202"},{"taxonomy":"post_tag","embeddable":true,"href":"https:\/\/www.europesays.com\/fr\/wp-json\/wp\/v2\/tags?post=151202"}],"curies":[{"name":"wp","href":"https:\/\/api.w.org\/{rel}","templated":true}]}}