{"id":151211,"date":"2025-06-04T10:35:08","date_gmt":"2025-06-04T10:35:08","guid":{"rendered":"https:\/\/www.europesays.com\/fr\/151211\/"},"modified":"2025-06-04T10:35:08","modified_gmt":"2025-06-04T10:35:08","slug":"pourquoi-les-cas-de-cancer-de-la-peau-ont-triple-en-france-en-30-ans","status":"publish","type":"post","link":"https:\/\/www.europesays.com\/fr\/151211\/","title":{"rendered":"Pourquoi les cas de cancer de la peau ont tripl\u00e9 en France en 30 ans"},"content":{"rendered":"<p><strong>D\u00c9CRYPTAGE &#8211; <\/strong>Les cancers cutan\u00e9s repr\u00e9sentent les tumeurs les plus fr\u00e9quentes en France, en particulier chez les moins de 50 ans. Un ph\u00e9nom\u00e8ne qui n\u2019a rien de myst\u00e9rieux pour les sp\u00e9cialistes.<\/p>\n<p class=\"fig-paragraph\">C\u2019est un constat alarmant\u00a0: entre 1990 et 2023, le nombre de nouveaux cas de cancers de la peau a \u00e9t\u00e9 multipli\u00e9 par trois en France. D\u2019apr\u00e8s les estimations de Sant\u00e9 publique France, entre 141 000 et 243 500 nouveaux cas sont ainsi d\u00e9tect\u00e9s chaque ann\u00e9e, ce qui en fait le cancer le plus fr\u00e9quent, mais aussi celui qui augmente le plus. Les diagnostics de m\u00e9lanome &#8211; un type minoritaire mais particuli\u00e8rement agressif de cancer cutan\u00e9 &#8211; ont m\u00eame quintupl\u00e9 ces 30 derni\u00e8res ann\u00e9es chez les hommes. Comment expliquer cette tendance inqui\u00e9tante\u00a0? \u00c0 l\u2019occasion de la\u00a0<a href=\"https:\/\/dermatos.fr\/sauversapeau\/\" target=\"_blank\" rel=\"nofollow noopener\" data-gtm-custom-categorie=\"navigation\" data-gtm-custom-action=\"crossclick\" data-gtm-custom-label=\"Contextuel\" data-gtm-event=\"customEventSPE\">Semaine de pr\u00e9vention et de sensibilisation au d\u00e9pistage cibl\u00e9 des cancers de la peau<\/a>\u00a0organis\u00e9e par le syndicat national des dermatologues-v\u00e9n\u00e9rologues, Le Figaro fait le point.<\/p>\n<p class=\"fig-paragraph\">Rappelons qu\u2019il existe deux sortes de cancers de la peau\u00a0:\u00a0les <strong>m\u00e9lanomes<\/strong> et les <strong>carcinomes cutan\u00e9s <\/strong>(basocellulaires ou \u00e9pidermo\u00efdes). Ces tumeurs se distinguent principalement par le type de cellules \u00e0 partir duquel elles se d\u00e9veloppent. Les m\u00e9lanomes d\u00e9rivent ainsi des m\u00e9lanocytes, les cellules qui fabriquent les pigments de la peau, tandis que les carcinomes proviennent des k\u00e9ratinocytes, qui forment la couche superficielle de la peau. Avec 90% des cas de cancer de la peau, les carcinomes sont de loin les plus fr\u00e9quents. Plus rares (environ 18\u00a0000 cas par an en France), les m\u00e9lanomes sont les tumeurs cutan\u00e9es les plus redoutables du fait de leur capacit\u00e9 \u00e0 donner des m\u00e9tastases.<\/p>\n<p>    Photographie d\u2019un m\u00e9lanome<br \/>\n                St\u00e9phane Dalle<\/p>\n<p>Des causes bien identifi\u00e9es<\/p>\n<p class=\"fig-paragraph\">Si les causes de certains cancers restent encore en partie myst\u00e9rieuses, celles des cancers de la peau sont bien identifi\u00e9es. \u00ab\u00a0Ces cancers sont le plus souvent imputables \u00e0 l\u2019exposition aux rayons ultraviolets du soleil\u00a0\u00bb, rappelle le Pr St\u00e9phane Dalle, dermato-oncologue aux Hospices civils de Lyon. Jusqu\u2019\u00e0 95 % des m\u00e9lanomes cutan\u00e9s seraient caus\u00e9s par l\u2019exposition au soleil. \u00abLes UV traversent la peau, surtout celle des jeunes enfants, qui est plus fine, et atteignent les m\u00e9lanocytes, qui sont \u00e0 quelques microm\u00e8tres sous la surface de la peau. L\u00e0, ils vont d\u00e9grader l\u2019ADN de ces cellules\u00a0\u00bb, d\u00e9taille le m\u00e9decin. Le corps dispose fort heureusement de m\u00e9canismes de r\u00e9paration. Mais cette capacit\u00e9 n\u2019est pas infinie et, en cas d\u2019expositions r\u00e9p\u00e9t\u00e9es, la peau ne parvient plus \u00e0 se d\u00e9fendre contre les d\u00e9g\u00e2ts caus\u00e9s. \u00abDe surcro\u00eet, on sait que les UV affaiblissent le syst\u00e8me immunitaire, ce qui peut favoriser la croissance d\u2019une tumeur\u00bb, ajoute le Pr Dalle.<\/p>\n<p class=\"fig-body-link\">\n            \u00c0 lire aussi<br \/>\n        <a class=\"fig-body-link__link fig-premium-mark\" href=\"http:\/\/www.lefigaro.fr\/sciences\/le-bronzage-artificiel-permet-il-de-preparer-la-peau-au-soleil-20220523\" target=\"_blank\" data-fig-type=\"Article\" rel=\"noopener\" data-gtm-custom-categorie=\"navigation\" data-gtm-custom-action=\"crossclick\" data-gtm-custom-label=\"Contextuel\" data-gtm-event=\"customEventSPE\" data-fig-domain=\"LEFIGARO\">Le bronzage artificiel permet-il vraiment de pr\u00e9parer la peau au soleil\u00a0?<br \/>\n    <\/a>\n<\/p>\n<p class=\"fig-paragraph\">Le soleil n\u2019est toutefois pas le seul coupable. \u00ab\u00a0Le risque de m\u00e9lanome, par exemple, r\u00e9sulte de la combinaison de plusieurs facteurs\u00a0: avoir la peau claire, des coups de soleil intenses et r\u00e9p\u00e9t\u00e9s avant l\u2019\u00e2ge de 25 ans ou encore le fait d\u2019avoir beaucoup de grains de beaut\u00e9\u00a0\u00bb, poursuit le sp\u00e9cialiste. Pour les m\u00e9lanomes, comme pour les carcinomes basocellulaires, le risque est cumulatif\u00a0: plus on prend des coups de soleil \u00e0 partir de la petite enfance, plus la probabilit\u00e9 de d\u00e9velopper une tumeur au cours de sa vie augmente. L\u2019exposition aux UV artificiels des cabines et lampes de bronzage rentre aussi en ligne de compte. Enfin, l\u2019existence de cas de cancer dans la famille est aussi un facteur de risque av\u00e9r\u00e9.<\/p>\n<p>La raison de la hausse dramatique des cas<\/p>\n<p class=\"fig-paragraph\">Sachant cela, l\u2019explosion des cas de cancers de la peau n\u2019est pas difficile \u00e0 comprendre. \u00ab\u00a0C\u2019est un ph\u00e9nom\u00e8ne g\u00e9n\u00e9ralis\u00e9 dans les pays d\u2019Europe de l\u2019ouest, d\u2019Am\u00e9rique du Nord et, encore davantage en Nouvelle-Z\u00e9lande et en Australie\u00a0\u00bb, pr\u00e9cise le Pr Dalle. Autrement dit, dans les pays occidentaux o\u00f9 les peaux claires pr\u00e9dominent et o\u00f9 une large frange de la population peut r\u00e9guli\u00e8rement s\u2019offrir des vacances au soleil. \u00ab\u00a0Il faut dire aussi que, dans ces pays, la g\u00e9n\u00e9ration du baby-boom arrive \u00e0 un \u00e2ge avanc\u00e9 o\u00f9 les cancers apparaissent, particuli\u00e8rement les carcinomes. Et cette g\u00e9n\u00e9ration a connu les d\u00e9buts du tourisme de masse, avec tout ce que cela implique en termes d\u2019exposition solaire\u00a0\u00bb, analyse le Pr Dalle.<\/p>\n<p class=\"fig-paragraph\">Les progr\u00e8s des outils diagnostiques ont \u00e9galement contribu\u00e9 \u00e0 la hausse des cas car \u00abcela augmente m\u00e9caniquement le nombre de cas identifi\u00e9s\u00a0\u00bb, d\u2019apr\u00e8s le sp\u00e9cialiste. Quant aux cas particuliers de l\u2019Australie et de la Nouvelle-Z\u00e9lande, pays les plus touch\u00e9s au monde, c\u2019est leur situation \u00e0 proximit\u00e9 du trou dans la couche d\u2019ozone (qui filtre normalement une grande partie des rayons UV du Soleil) qui a accentu\u00e9 le ph\u00e9nom\u00e8ne. Heureusement, celui-ci est en train de se refermer progressivement.<\/p>\n<p>Les messages de pr\u00e9vention encore mal connus<\/p>\n<p class=\"fig-paragraph\">En d\u00e9pit du fait que les causes de cancers de la peau sont non seulement identifi\u00e9es, mais aussi \u00e9vitables, les m\u00e9decins restent assez pessimistes. \u00abMalgr\u00e9 les recommandations des dermatologues et des professionnels de sant\u00e9, une majorit\u00e9 de Fran\u00e7ais ne se prot\u00e8ge pas syst\u00e9matiquement du soleil\u00bb, constate le syndicat national des dermatologues-v\u00e9n\u00e9rologues dans un communiqu\u00e9 de presse. Les trois quarts des Fran\u00e7ais interrog\u00e9s d\u00e9clarent ne pas se prot\u00e9ger syst\u00e9matiquement du soleil. Et parmi les personnes \u00e0 risque, moins de la moiti\u00e9 adopte les bons gestes. \u00ab\u00a0Pire encore, pr\u00e8s de 4 Fran\u00e7ais sur 5 continuent de s\u2019exposer aux heures les plus dangereuses (entre midi et 16 heures), alors que c\u2019est pendant ces heures les plus chaudes de la journ\u00e9e que les rayons \u00e9mis par le soleil sont les plus intenses et les plus nocifs\u00a0\u00bb, d\u00e9plore le syndicat des dermatologues.<\/p>\n<p class=\"fig-paragraph\">Pour le Pr Dalle, les messages de pr\u00e9vention n\u2019ont pas encore atteint leur cible. \u00ab\u00a0Une partie de la population pense qu\u2019il suffit de mettre une fois de la cr\u00e8me pour pouvoir s\u2019exposer au soleil \u00e0 toute heure de la journ\u00e9e, mais c\u2019est faux. La premi\u00e8re chose \u00e0 faire est de rester \u00e0 l\u2019ombre aux heures les plus chaudes de la journ\u00e9e et, le reste du temps, de garder des v\u00eatements couvrants, chapeau et lunettes de soleil\u00a0\u00bb, rappelle le m\u00e9decin, qui ajoute que les enfants de moins de 3 ans ne doivent pas \u00eatre expos\u00e9s. Bref, pour se d\u00e9barrasser des cancers de la peau, il faudra venir \u00e0 bout de nombreuses id\u00e9es re\u00e7ues sur le soleil, comme celle qui dit qu\u2019une peau bronz\u00e9e est naturellement prot\u00e9g\u00e9e du soleil (c\u2019est faux). \u00ab\u00a0De la m\u00eame mani\u00e8re, il n\u2019y a pas qu\u2019\u00e0 la plage que les rayons UV sont nocifs\u00a0: c\u2019est aussi le cas dans un jardin \u00e0 la campagne ou quand on fait un jogging en ville\u00a0\u00bb, pr\u00e9vient le m\u00e9decin.<\/p>\n<p class=\"fig-paragraph\">Pour en savoir plus sur la pr\u00e9vention solaire, les diff\u00e9rents types de cancers de la peau ou encore les m\u00e9thodes d\u2019auto-d\u00e9pistage, rendez-vous sur le site d\u00e9di\u00e9 du\u00a0<a href=\"https:\/\/dermatos.fr\/sauversapeau\/\" target=\"_blank\" rel=\"noopener\" data-gtm-custom-categorie=\"navigation\" data-gtm-custom-action=\"crossclick\" data-gtm-custom-label=\"Contextuel\" data-gtm-event=\"customEventSPE\">Syndicat National des Dermatologues &#8211; V\u00e9n\u00e9r\u00e9ologues<\/a>.<\/p>\n","protected":false},"excerpt":{"rendered":"D\u00c9CRYPTAGE &#8211; Les cancers cutan\u00e9s repr\u00e9sentent les tumeurs les plus fr\u00e9quentes en France, en particulier chez les moins&hellip;\n","protected":false},"author":2,"featured_media":151212,"comment_status":"","ping_status":"","sticky":false,"template":"","format":"standard","meta":{"footnotes":""},"categories":[10],"tags":[442,228,440,441,436,1011,27,72,226,439,229,71,435,437,227,438],"class_list":{"0":"post-151211","1":"post","2":"type-post","3":"status-publish","4":"format-standard","5":"has-post-thumbnail","7":"category-sante","8":"tag-administration-de-la-sante","9":"tag-diagnostic","10":"tag-droit-a-la-sante","11":"tag-education-sanitaire-education-sanitaire-individuelle-et-collective","12":"tag-environnement","13":"tag-fr","14":"tag-france","15":"tag-health","16":"tag-maladie","17":"tag-niveau-de-vie","18":"tag-pathologie","19":"tag-sante","20":"tag-sante-de-la-population","21":"tag-services-medicaux","22":"tag-traitement","23":"tag-traitement-preventif"},"share_on_mastodon":{"url":"https:\/\/pubeurope.com\/@fr\/114624654480067445","error":""},"_links":{"self":[{"href":"https:\/\/www.europesays.com\/fr\/wp-json\/wp\/v2\/posts\/151211","targetHints":{"allow":["GET"]}}],"collection":[{"href":"https:\/\/www.europesays.com\/fr\/wp-json\/wp\/v2\/posts"}],"about":[{"href":"https:\/\/www.europesays.com\/fr\/wp-json\/wp\/v2\/types\/post"}],"author":[{"embeddable":true,"href":"https:\/\/www.europesays.com\/fr\/wp-json\/wp\/v2\/users\/2"}],"replies":[{"embeddable":true,"href":"https:\/\/www.europesays.com\/fr\/wp-json\/wp\/v2\/comments?post=151211"}],"version-history":[{"count":0,"href":"https:\/\/www.europesays.com\/fr\/wp-json\/wp\/v2\/posts\/151211\/revisions"}],"wp:featuredmedia":[{"embeddable":true,"href":"https:\/\/www.europesays.com\/fr\/wp-json\/wp\/v2\/media\/151212"}],"wp:attachment":[{"href":"https:\/\/www.europesays.com\/fr\/wp-json\/wp\/v2\/media?parent=151211"}],"wp:term":[{"taxonomy":"category","embeddable":true,"href":"https:\/\/www.europesays.com\/fr\/wp-json\/wp\/v2\/categories?post=151211"},{"taxonomy":"post_tag","embeddable":true,"href":"https:\/\/www.europesays.com\/fr\/wp-json\/wp\/v2\/tags?post=151211"}],"curies":[{"name":"wp","href":"https:\/\/api.w.org\/{rel}","templated":true}]}}