{"id":151215,"date":"2025-06-04T10:37:09","date_gmt":"2025-06-04T10:37:09","guid":{"rendered":"https:\/\/www.europesays.com\/fr\/151215\/"},"modified":"2025-06-04T10:37:09","modified_gmt":"2025-06-04T10:37:09","slug":"kim-kardashian-reagit-avec-humour-au-nouveau-visage-de-sa-mere-kris-jenner","status":"publish","type":"post","link":"https:\/\/www.europesays.com\/fr\/151215\/","title":{"rendered":"Kim Kardashian r\u00e9agit avec humour au \u00abnouveau visage\u00bb de sa m\u00e8re, Kris Jenner"},"content":{"rendered":"<p>Apr\u00e8s que la sexag\u00e9naire a d\u00e9voil\u00e9 un tout nouveau visage, sa fille a post\u00e9 une story Instagram, pleine d\u2019humour et d\u2019envie.<\/p>\n<p class=\"fig-paragraph\">Elle a impressionn\u00e9\u00a0<a href=\"https:\/\/madame.lefigaro.fr\/tag\/internet\" target=\"_blank\" rel=\"noopener nofollow\" data-gtm-custom-categorie=\"navigation\" data-gtm-custom-action=\"crossclick\" data-gtm-custom-label=\"Contextuel\" data-gtm-event=\"customEventSPE\">Internet\u00a0<\/a>et les<a href=\"https:\/\/madame.lefigaro.fr\/tag\/reseaux-sociaux\" target=\"_blank\" rel=\"noopener nofollow\" data-gtm-custom-categorie=\"navigation\" data-gtm-custom-action=\"crossclick\" data-gtm-custom-label=\"Contextuel\" data-gtm-event=\"customEventSPE\">\u00a0r\u00e9seaux sociaux<\/a>\u00a0lors de sa venue \u00e0\u00a0<a href=\"https:\/\/madame.lefigaro.fr\/tag\/paris\" target=\"_blank\" rel=\"noopener nofollow\" data-gtm-custom-categorie=\"navigation\" data-gtm-custom-action=\"crossclick\" data-gtm-custom-label=\"Contextuel\" data-gtm-event=\"customEventSPE\">Paris\u00a0<\/a>en mai, pour accompagner sa fille<a href=\"https:\/\/madame.lefigaro.fr\/tag\/kim-kardashian\" target=\"_blank\" rel=\"noopener nofollow\" data-gtm-custom-categorie=\"navigation\" data-gtm-custom-action=\"crossclick\" data-gtm-custom-label=\"Contextuel\" data-gtm-event=\"customEventSPE\">\u00a0Kim Kardashian,<\/a>\u00a0pendant le proc\u00e8s contre ses braqueurs. Entre les photos post\u00e9es par la matriarche et les analyses en tous genres de fans sur\u00a0<a href=\"https:\/\/madame.lefigaro.fr\/tag\/tiktok\" target=\"_blank\" rel=\"noopener nofollow\" data-gtm-custom-categorie=\"navigation\" data-gtm-custom-action=\"crossclick\" data-gtm-custom-label=\"Contextuel\" data-gtm-event=\"customEventSPE\">TikTok<\/a>, comparant des vid\u00e9os avant-apr\u00e8s de ce qui semble \u00eatre le\u00a0<a href=\"http:\/\/madame.lefigaro.fr\/beaute\/lifting-du-visage-le-talent-indeniable-des-chirugiens-francais-20250303\" data-fig-type=\"Article\" data-gtm-custom-categorie=\"navigation\" data-gtm-custom-action=\"crossclick\" data-gtm-custom-label=\"Contextuel\" data-gtm-event=\"customEventSPE\" data-fig-domain=\"MADAME\" rel=\"nofollow noopener\" target=\"_blank\">lifting\u00a0<\/a>ultime,\u00a0<a href=\"http:\/\/madame.lefigaro.fr\/beaute\/beaute-star\/qui-est-le-chirurgien-derriere-le-rajeunissement-spectaculaire-de-kris-jenner-20250529\" data-fig-type=\"Article\" data-gtm-custom-categorie=\"navigation\" data-gtm-custom-action=\"crossclick\" data-gtm-custom-label=\"Contextuel\" data-gtm-event=\"customEventSPE\" data-fig-domain=\"MADAME\" rel=\"nofollow noopener\" target=\"_blank\">Kris Jenner<\/a>, 69 ans, a fait parler d\u2019elle et de son nouveau visage, visiblement rajeuni. Si toute la famille est ouvertement adepte de la\u00a0<a href=\"https:\/\/madame.lefigaro.fr\/tag\/chirurgie-esthetique\" target=\"_blank\" rel=\"noopener nofollow\" data-gtm-custom-categorie=\"navigation\" data-gtm-custom-action=\"crossclick\" data-gtm-custom-label=\"Contextuel\" data-gtm-event=\"customEventSPE\">chirurgie esth\u00e9tique<\/a>, bien que la tendance semble \u00eatre \u00e0 un retour \u00e0 des proportions plus naturelles, Kris Jenner a frapp\u00e9 un grand coup en se faisant refaire l\u2019int\u00e9gralit\u00e9 du visage, accentuant sa ressemblance avec ses filles, et notamment Kim Kardashian.<\/p>\n<p class=\"fig-body-link&#10;    \">\n            \u00c0 lire aussi<br \/>\n        <a class=\"fig-body-link__link\" href=\"http:\/\/madame.lefigaro.fr\/beaute\/beaute-star\/qui-est-le-chirurgien-derriere-le-rajeunissement-spectaculaire-de-kris-jenner-20250529\" data-fig-type=\"Article\" data-gtm-custom-categorie=\"navigation\" data-gtm-custom-action=\"crossclick\" data-gtm-custom-label=\"Contextuel\" data-gtm-event=\"customEventSPE\" data-fig-domain=\"MADAME\" rel=\"nofollow noopener\" target=\"_blank\">Qui est le chirurgien derri\u00e8re le rajeunissement spectaculaire de Kris Jenner\u00a0?<\/a>\n<\/p>\n<p>\u00abUne manucure et un peu de botox\u00bb<\/p>\n<p class=\"fig-paragraph\">Les r\u00e9actions sur les r\u00e9seaux sociaux n\u2019ont pas tra\u00een\u00e9, chacun s\u2019extasiant sur la r\u00e9ussite de ce lifting, ou d\u00e9plorant un recours trop syst\u00e9matique de la chirurgie esth\u00e9tique. Kris Jenner n\u2019a pourtant jamais cach\u00e9 son attrait pour le bistouri, commentant dans les colonnes de\u00a0<a href=\"https:\/\/people.com\/style\/kris-jenner-is-giving-the-gift-of-botox-to-her-family-and-friends-this-holiday-season\/\" target=\"_blank\" rel=\"nofollow noopener\" data-gtm-custom-categorie=\"navigation\" data-gtm-custom-action=\"crossclick\" data-gtm-custom-label=\"Contextuel\" data-gtm-event=\"customEventSPE\">People\u00a0<\/a> : \u00abMa routine est assez simple, mais elle a toujours \u00e9t\u00e9 la mienne. Un\u00a0<a href=\"https:\/\/madame.lefigaro.fr\/tag\/massage\" target=\"_blank\" rel=\"noopener nofollow\" data-gtm-custom-categorie=\"navigation\" data-gtm-custom-action=\"crossclick\" data-gtm-custom-label=\"Contextuel\" data-gtm-event=\"customEventSPE\">massage<\/a>, un soin du visage, une\u00a0<a href=\"https:\/\/madame.lefigaro.fr\/tag\/manucure\" target=\"_blank\" rel=\"noopener nofollow\" data-gtm-custom-categorie=\"navigation\" data-gtm-custom-action=\"crossclick\" data-gtm-custom-label=\"Contextuel\" data-gtm-event=\"customEventSPE\">manucure\u00a0<\/a>et un peu de\u00a0<a href=\"https:\/\/madame.lefigaro.fr\/tag\/botox\" target=\"_blank\" rel=\"noopener nofollow\" data-gtm-custom-categorie=\"navigation\" data-gtm-custom-action=\"crossclick\" data-gtm-custom-label=\"Contextuel\" data-gtm-event=\"customEventSPE\">Botox<\/a>, et je suis pr\u00eate. Je suis plut\u00f4t traditionnelle. Tant que je suis propre et soign\u00e9e, je suis heureuse.\u00bb Le nom de son chirurgien, sans doute l\u2019une des demandes les plus pr\u00e9sentes dans les commentaires des derniers posts de la m\u00e8re de Kylie Jenner, a fini par \u00eatre divulgu\u00e9, il s\u2019agit du<a href=\"https:\/\/www.instagram.com\/stevenlevinemd\/\" target=\"_blank\" rel=\"nofollow noopener\" data-gtm-custom-categorie=\"navigation\" data-gtm-custom-action=\"crossclick\" data-gtm-custom-label=\"Contextuel\" data-gtm-event=\"customEventSPE\">\u00a0Dr Steven Levine<\/a>, bas\u00e9 \u00e0 New York.<\/p>\n<p>La r\u00e9action de Kim<\/p>\n<p class=\"fig-paragraph\">Parmi les r\u00e9actions, \u00e9taient attendues celles de ses filles, et notamment de Kim, l\u2019une des plus m\u00e9diatis\u00e9es. Dans un \u00e9pisode de leur\u00a0<a href=\"https:\/\/madame.lefigaro.fr\/tag\/t%C3%A9lerealite\" target=\"_blank\" rel=\"noopener nofollow\" data-gtm-custom-categorie=\"navigation\" data-gtm-custom-action=\"crossclick\" data-gtm-custom-label=\"Contextuel\" data-gtm-event=\"customEventSPE\">t\u00e9l\u00e9r\u00e9alit\u00e9\u00a0<\/a>familiale, elle \u00e9tait d\u2019ailleurs \u00e0 l\u2019origine d\u2019une chirurgie de l\u2019oreille de sa m\u00e8re, visant \u00e0 r\u00e9duire la taille de son lobe que sa fille critiquait. Mais c\u2019est finalement avec humour que la star a r\u00e9agi au lifting de sa m\u00e8re, en repostant dans sa story\u00a0<a href=\"https:\/\/www.instagram.com\/kimkardashian\/\" target=\"_blank\" rel=\"nofollow noopener\" data-gtm-custom-categorie=\"navigation\" data-gtm-custom-action=\"crossclick\" data-gtm-custom-label=\"Contextuel\" data-gtm-event=\"customEventSPE\">Instagram\u00a0<\/a>une photo de son\u00a0<a href=\"https:\/\/www.instagram.com\/p\/DJS3kimM8F9\/\" target=\"_blank\" rel=\"nofollow noopener\" data-gtm-custom-categorie=\"navigation\" data-gtm-custom-action=\"crossclick\" data-gtm-custom-label=\"Contextuel\" data-gtm-event=\"customEventSPE\">maquilleur\u00a0<\/a>portant un tee-shirt \u00abje prendrai ce que Kris Jenner a pris\u00bb, en r\u00e9f\u00e9rence \u00e0 la c\u00e9l\u00e8bre r\u00e9plique de Quand Harry rencontre Sally, ajoutant en commentaire \u00abmoi aussi b\u00e9b\u00e9\u00a0!!\u00bb. La chirurgie esth\u00e9tique n\u2019a pas fini de modeler le visage de la c\u00e9l\u00e8bre famille.<\/p>\n<p>                                        <script async src=\"\/\/www.instagram.com\/embed.js\"><\/script><\/p>\n","protected":false},"excerpt":{"rendered":"Apr\u00e8s que la sexag\u00e9naire a d\u00e9voil\u00e9 un tout nouveau visage, sa fille a post\u00e9 une story Instagram, pleine&hellip;\n","protected":false},"author":2,"featured_media":151216,"comment_status":"","ping_status":"","sticky":false,"template":"","format":"standard","meta":{"footnotes":""},"categories":[8],"tags":[2424,4983,6731,28058,11608,6729,6728,58,59,1295,1294,638,4988,1011,27,4933,8932,977,6726,6727,2298,4984,517,6730],"class_list":{"0":"post-151215","1":"post","2":"type-post","3":"status-publish","4":"format-standard","5":"has-post-thumbnail","7":"category-divertissement","8":"tag-beaute","9":"tag-bien-etre","10":"tag-bien-fait","11":"tag-botox","12":"tag-chirurgie-esthetique","13":"tag-coiffure","14":"tag-coupe-de-cheveux","15":"tag-divertissement","16":"tag-entertainment","17":"tag-feminin","18":"tag-femme","19":"tag-figaro","20":"tag-forme","21":"tag-fr","22":"tag-france","23":"tag-homme","24":"tag-kim-kardashian","25":"tag-madame","26":"tag-make-up","27":"tag-maquillage","28":"tag-parfum","29":"tag-soins","30":"tag-sport","31":"tag-vernis"},"share_on_mastodon":{"url":"https:\/\/pubeurope.com\/@fr\/114624662337015712","error":""},"_links":{"self":[{"href":"https:\/\/www.europesays.com\/fr\/wp-json\/wp\/v2\/posts\/151215","targetHints":{"allow":["GET"]}}],"collection":[{"href":"https:\/\/www.europesays.com\/fr\/wp-json\/wp\/v2\/posts"}],"about":[{"href":"https:\/\/www.europesays.com\/fr\/wp-json\/wp\/v2\/types\/post"}],"author":[{"embeddable":true,"href":"https:\/\/www.europesays.com\/fr\/wp-json\/wp\/v2\/users\/2"}],"replies":[{"embeddable":true,"href":"https:\/\/www.europesays.com\/fr\/wp-json\/wp\/v2\/comments?post=151215"}],"version-history":[{"count":0,"href":"https:\/\/www.europesays.com\/fr\/wp-json\/wp\/v2\/posts\/151215\/revisions"}],"wp:featuredmedia":[{"embeddable":true,"href":"https:\/\/www.europesays.com\/fr\/wp-json\/wp\/v2\/media\/151216"}],"wp:attachment":[{"href":"https:\/\/www.europesays.com\/fr\/wp-json\/wp\/v2\/media?parent=151215"}],"wp:term":[{"taxonomy":"category","embeddable":true,"href":"https:\/\/www.europesays.com\/fr\/wp-json\/wp\/v2\/categories?post=151215"},{"taxonomy":"post_tag","embeddable":true,"href":"https:\/\/www.europesays.com\/fr\/wp-json\/wp\/v2\/tags?post=151215"}],"curies":[{"name":"wp","href":"https:\/\/api.w.org\/{rel}","templated":true}]}}