{"id":151222,"date":"2025-06-04T10:41:08","date_gmt":"2025-06-04T10:41:08","guid":{"rendered":"https:\/\/www.europesays.com\/fr\/151222\/"},"modified":"2025-06-04T10:41:08","modified_gmt":"2025-06-04T10:41:08","slug":"mort-de-philippe-labro-edouard-philippe-etrille-macron-revolution-penale-souhaitee-par-retailleau-les-3-infos-a-retenir-a-la-mi-journee","status":"publish","type":"post","link":"https:\/\/www.europesays.com\/fr\/151222\/","title":{"rendered":"Mort de Philippe Labro, \u00c9douard Philippe \u00e9trille Macron, \u00abr\u00e9volution p\u00e9nale\u00bb souhait\u00e9e par Retailleau&#8230; Les 3 infos \u00e0 retenir \u00e0 la mi-journ\u00e9e"},"content":{"rendered":"<p><strong>LE POINT DE MIDI &#8211;<\/strong> Retrouvez l\u2019essentiel de l\u2019actualit\u00e9 parue ce mercredi 4 juin au matin sur notre site.<\/p>\n<p>Philippe Labro est mort<\/p>\n<p>    Philippe Labro s\u2019est \u00e9teint \u00e0 l\u2019\u00e2ge de 88 ans.<br \/>\n                Bernaux Edouard\/ABACA<\/p>\n<p class=\"fig-paragraph\">Journaliste, cin\u00e9aste, parolier, \u00e9crivain auteur d\u2019une vingtaine d\u2019ouvrages,\u00a0<a href=\"http:\/\/www.lefigaro.fr\/culture\/mort-du-journaliste-et-ecrivain-philippe-labro-a-l-age-de-88-ans-20250604\" data-fig-type=\"Article\" data-gtm-custom-categorie=\"navigation\" data-gtm-custom-action=\"crossclick\" data-gtm-custom-label=\"Contextuel\" data-gtm-event=\"customEventSPE\" data-fig-domain=\"LEFIGARO\" target=\"_blank\" rel=\"noopener\">l\u2019homme qui avait l\u2019Am\u00e9rique chevill\u00e9e au corps s\u2019est \u00e9teint ce mercredi \u00e0 l\u2019\u00e2ge de 88 ans<\/a>. \u00abC\u2019est une immense figure de RTL qui dispara\u00eet et notre maison, ce matin, est travers\u00e9e par une tr\u00e8s grande \u00e9motion\u00bb, a d\u00e9clar\u00e9 Herv\u00e9 Beroud, directeur de l\u2019information du groupe M6-RTL, en annon\u00e7ant \u00e0 l\u2019antenne la mort de Phillipe Labro. Il en avait \u00e9t\u00e9 le directeur des programmes pendant 15 ans, de 1985 \u00e0 2000, et le vice-pr\u00e9sident, aux c\u00f4t\u00e9s de Jacques Rigaud. Selon Paris Match, un autre de ses anciens employeurs, il est mort \u00abdes suites d\u2019un cancer\u00bb. Son d\u00e9c\u00e8s a suscit\u00e9 une pluie d\u2019hommages, de nombreuses personnalit\u00e9s des m\u00e9dias et de la culture saluant en lui un p\u00e8re spirituel.<\/p>\n<p>\u00c9douard Philippe \u00e9trille le second mandat d\u2019Emmanuel Macron<\/p>\n<p>    Edouard Philippe critique le manque de souffle et de projets du second mandat d\u2019Emmanuel Macron.<br \/>\n                Fran\u00e7ois Bouchon \/ Le Figaro<\/p>\n<p class=\"fig-paragraph\">\u00c0 l\u2019occasion de la sortie de son nouveau livre Le prix de nos mensonges,\u00a0<a href=\"http:\/\/www.lefigaro.fr\/politique\/pas-de-grand-projet-pas-de-grand-souffle-edouard-philippe-etrille-le-second-mandat-d-emmanuel-macron-20250604\" data-fig-type=\"NewsFlash\" data-gtm-custom-categorie=\"navigation\" data-gtm-custom-action=\"crossclick\" data-gtm-custom-label=\"Contextuel\" data-gtm-event=\"customEventSPE\" data-fig-domain=\"LEFIGARO\" target=\"_blank\" rel=\"noopener\">l\u2019ancien premier ministre a d\u00e9plor\u00e9 sur France Inter la fin de \u00abl\u2019\u00e9lan r\u00e9formateur\u00bb<\/a>\u00a0suscit\u00e9 en 2017. \u00abApr\u00e8s 2020, apr\u00e8s la premi\u00e8re phase du Covid, l\u2019\u00e9lan r\u00e9formateur de 2017 s\u2019est assez largement calm\u00e9\u00bb, estime le leader d\u2019Horizons, qui reproche \u00e9galement au chef de l\u2019\u00c9tat de ne pas avoir pr\u00e9sent\u00e9 un programme assez clair pour sa r\u00e9\u00e9lection en 2022. \u00abIl n\u2019y a pas de grand projet, pas de grand souffle, pas de grandes r\u00e9formes. Et personne ne pense une seconde dans ce pays qu\u2019on est en train de pr\u00e9parer l\u2019avenir\u00bb, ajoute le maire du Havre, d\u00e9j\u00e0 candidat \u00e0 la pr\u00e9sidentielle 2027.<\/p>\n<p>Violences apr\u00e8s PSG-Inter\u00a0: Bruno Retailleau appelle \u00e0 une \u00ab r\u00e9volution p\u00e9nale\u00a0\u00bb<\/p>\n<p>    Bruno Retailleau souhaite \u00abune r\u00e9volution p\u00e9nale\u00bb apr\u00e8s les violences qui ont suivi le sacre europ\u00e9en du PSG.<br \/>\n                THOMAS SAMSON \/ AFP<\/p>\n<p class=\"fig-paragraph\">Invit\u00e9 sur RTL,<a href=\"http:\/\/www.lefigaro.fr\/politique\/debordements-apres-la-victoire-du-psg-bruno-retailleau-se-dit-insatisfait-des-premieres-condamnations-20250604\" data-fig-type=\"NewsFlash\" data-gtm-custom-categorie=\"navigation\" data-gtm-custom-action=\"crossclick\" data-gtm-custom-label=\"Contextuel\" data-gtm-event=\"customEventSPE\" data-fig-domain=\"LEFIGARO\" target=\"_blank\" rel=\"noopener\">\u00a0le ministre de l\u2019Int\u00e9rieur s\u2019est dit \u00abinsatisfait\u00bb des premi\u00e8res condamnations apr\u00e8s PSG-Inter et a appel\u00e9 \u00e0 une \u00abr\u00e9volution p\u00e9nale\u00bb\u00a0<\/a>pour faire face \u00e0 la violence dans la soci\u00e9t\u00e9 qu\u2019il juge \u00abend\u00e9mique\u00bb. Bruno Retailleau, qui a d\u00e9fendu le dispositif policier mis en place samedi soir dans toute la France, ne se contente pas de la r\u00e9ponse s\u00e9curitaire. \u00abCe n\u2019est pas l\u00e0 que \u00e7a se passe d\u00e9sormais\u00bb, a-t-il soulign\u00e9. Pour le pr\u00e9sident de LR, \u00abil y a d\u2019autres r\u00e9ponses \u00e0 apporter. Elles sont judiciaires, technologiques\u00bb, comme l\u2019utilisation de la reconnaissance faciale dans le cadre d\u2019enqu\u00eates judiciaires.<\/p>\n<p>Le chiffre du jour\u00a0: 3<\/p>\n<p class=\"fig-paragraph\">Entre 1990 et 2023,\u00a0<a href=\"http:\/\/sante.lefigaro.fr\/social\/sante-publique\/pourquoi-les-cas-de-cancer-de-la-peau-ont-triple-en-france-en-30-ans-20250604\" data-fig-type=\"Article\" data-gtm-custom-categorie=\"navigation\" data-gtm-custom-action=\"crossclick\" data-gtm-custom-label=\"Contextuel\" data-gtm-event=\"customEventSPE\" data-fig-domain=\"SANTE\" target=\"_blank\" rel=\"noopener\">le nombre de nouveaux cas de cancers de la peau a \u00e9t\u00e9 multipli\u00e9 par trois en France<\/a>. D\u2019apr\u00e8s les estimations de Sant\u00e9 publique France, entre 141.000 et 243.500 nouveaux cas sont ainsi d\u00e9tect\u00e9s chaque ann\u00e9e, ce qui en fait le cancer le plus fr\u00e9quent, mais aussi celui qui augmente le plus.<\/p>\n<p>Les hommages<\/p>\n<blockquote class=\"fig-quote&#10;    \">\n<p class=\"fig-quote__text\">Elle \u00e9tait absolument incroyable\u00a0! Une artiste d\u2019une puissance ph\u00e9nom\u00e9nale\u00a0! Une personnalit\u00e9 tellement forte et volontaire. Inoubliable. Nous l\u2019aimions<\/p>\n<p>            Laurence Boccolini apr\u00e8s la mort de Nicole Croisille\n    <\/p><\/blockquote>\n<p class=\"fig-paragraph\">Apr\u00e8s la mort de Nicole Croisille \u00e0 l\u2019\u00e2ge de 88 ans, de nombreuses personnalit\u00e9s rendent hommage \u00e0 la chanteuse \u00e0 la carri\u00e8re impressionnante, connue pour ses titres Parlez-moi de lui ou Une femme avec toi.<\/p>\n<p class=\"fig-body-cta-link\" data-module=\"fig-cta-link\" data-context=\"was @visible\">\n    <a class=\"fig-body-cta-link__link\" href=\"https:\/\/tvmag.lefigaro.fr\/programme-tv\/actu-tele\/une-grande-dame-laurence-boccolini-jean-pierre-foucault-nikos-aliagas-saluent-la-memoire-de-nicole-croisille-20250604\" target=\"_self\" rel=\"follow noopener\" data-js-gtm=\"{&quot;event&quot;:&quot;customEventGA4&quot;,&quot;eventName&quot;:&quot;click_navigation&quot;,&quot;button_action&quot;:&quot;crossclick&quot;,&quot;feature&quot;:&quot;Contextuel_bouton&quot;,&quot;feature_details&quot;:&quot;NOTRE ARTICLE&quot;,&quot;link_url&quot;:&quot;https:\\\/\\\/tvmag.lefigaro.fr\\\/programme-tv\\\/actu-tele\\\/une-grande-dame-laurence-boccolini-jean-pierre-foucault-nikos-aliagas-saluent-la-memoire-de-nicole-croisille-20250604&quot;}\"><br \/>\n                NOTRE ARTICLE<br \/>\n    <\/a>\n<\/p>\n<p>La photo \u00e0 retenir<\/p>\n<p>    Des panaches de cendres volcaniques s\u2019\u00e9l\u00e8vent du mont Etna en \u00e9ruption, en Italie.<br \/>\n                MARCO RESTIVO \/ REUTERS<\/p>\n<p>La vid\u00e9o du jour<\/p>\n","protected":false},"excerpt":{"rendered":"LE POINT DE MIDI &#8211; Retrouvez l\u2019essentiel de l\u2019actualit\u00e9 parue ce mercredi 4 juin au matin sur notre&hellip;\n","protected":false},"author":2,"featured_media":151223,"comment_status":"","ping_status":"","sticky":false,"template":"","format":"standard","meta":{"footnotes":""},"categories":[4],"tags":[1111,47,11,1109,1112,118,1108,107,1106,1107,1011,27,1110,1114,14,12,1113,316,25],"class_list":{"0":"post-151222","1":"post","2":"type-post","3":"status-publish","4":"format-standard","5":"has-post-thumbnail","7":"category-france","8":"tag-actu","9":"tag-actualite","10":"tag-actualites","11":"tag-breves","12":"tag-depeches","13":"tag-faits-divers","14":"tag-fil","15":"tag-fil-info","16":"tag-flash","17":"tag-flash-actu","18":"tag-fr","19":"tag-france","20":"tag-informations","21":"tag-infos","22":"tag-international","23":"tag-news","24":"tag-nouvelles","25":"tag-politique","26":"tag-republique-francaise"},"share_on_mastodon":{"url":"https:\/\/pubeurope.com\/@fr\/114624678120949872","error":""},"_links":{"self":[{"href":"https:\/\/www.europesays.com\/fr\/wp-json\/wp\/v2\/posts\/151222","targetHints":{"allow":["GET"]}}],"collection":[{"href":"https:\/\/www.europesays.com\/fr\/wp-json\/wp\/v2\/posts"}],"about":[{"href":"https:\/\/www.europesays.com\/fr\/wp-json\/wp\/v2\/types\/post"}],"author":[{"embeddable":true,"href":"https:\/\/www.europesays.com\/fr\/wp-json\/wp\/v2\/users\/2"}],"replies":[{"embeddable":true,"href":"https:\/\/www.europesays.com\/fr\/wp-json\/wp\/v2\/comments?post=151222"}],"version-history":[{"count":0,"href":"https:\/\/www.europesays.com\/fr\/wp-json\/wp\/v2\/posts\/151222\/revisions"}],"wp:featuredmedia":[{"embeddable":true,"href":"https:\/\/www.europesays.com\/fr\/wp-json\/wp\/v2\/media\/151223"}],"wp:attachment":[{"href":"https:\/\/www.europesays.com\/fr\/wp-json\/wp\/v2\/media?parent=151222"}],"wp:term":[{"taxonomy":"category","embeddable":true,"href":"https:\/\/www.europesays.com\/fr\/wp-json\/wp\/v2\/categories?post=151222"},{"taxonomy":"post_tag","embeddable":true,"href":"https:\/\/www.europesays.com\/fr\/wp-json\/wp\/v2\/tags?post=151222"}],"curies":[{"name":"wp","href":"https:\/\/api.w.org\/{rel}","templated":true}]}}