{"id":151228,"date":"2025-06-04T10:44:10","date_gmt":"2025-06-04T10:44:10","guid":{"rendered":"https:\/\/www.europesays.com\/fr\/151228\/"},"modified":"2025-06-04T10:44:10","modified_gmt":"2025-06-04T10:44:10","slug":"saint-etienne-ou-fait-il-bon-vivre-pour-les-seniors-la-ville-dans-le-top-6","status":"publish","type":"post","link":"https:\/\/www.europesays.com\/fr\/151228\/","title":{"rendered":"Saint-Etienne. O\u00f9 fait-il bon vivre pour les seniors\u00a0? La Ville dans le top 6"},"content":{"rendered":"<p>On ne pourrait pas mieux vivre \u00e0 Saint-\u00c9tienne quand on a pass\u00e9 la barre des 62 ans. Enfin, c\u2019est ce que le label \u00ab\u00a0Ville amie des a\u00een\u00e9s\u00a0\u00bb couleur platine annonce. Sur le territoire fran\u00e7ais, 38 villes sont labellis\u00e9es, mais six seulement ont obtenu la plus haute distinction. Car ce label se base sur 108 crit\u00e8res, autour de l\u2019autonomie, le lien social, l\u2019engagement citoyen, le soin\u2026 Et \u00e0 Saint-\u00c9tienne, ce sont 44\u00a0000 St\u00e9phanois qui sont consid\u00e9r\u00e9s comme seniors, soit \u00bc de la population.<\/p>\n<p>  Une note totale \u00e0 plus de 98\u00a0% pour la ville<\/p>\n<p>C\u2019est Nicole Aubourdy, adjointe charg\u00e9e des personnes \u00e2g\u00e9es, qui s\u2019est d\u00e9men\u00e9 pendant plusieurs ann\u00e9es pour d\u00e9crocher ce label, mais surtout, pour \u00ab\u00a0au moins ramener l\u2019or\u00a0!\u00a0\u00bb Accueillie sous un tonnerre d\u2019applaudissements lors de son arriv\u00e9e \u00e0 la c\u00e9r\u00e9monie de remerciements, sa voix tremblotante trahie son \u00e9motion. \u00ab\u00a0Ce label prouve que l\u2019ancienne g\u00e9n\u00e9ration participe enti\u00e8rement \u00e0 la vie de la ville, et que personne n\u2019est laiss\u00e9 au bout du chemin\u00a0\u00bb, confie-t-elle.<\/p>\n<p>Ga\u00ebl Perdriau, semble lui aussi tr\u00e8s fier de cette distinction, mettant en avant ces 105\u00a0000 repas port\u00e9s aux domiciles des a\u00een\u00e9s st\u00e9phanois, les cinq Ehpad et deux r\u00e9sidences autonomie, et le pass loisir senior, entre autres. \u00ab\u00a0Nous avons obtenu plus de 98\u00a0% \u00e0 la note totale des diff\u00e9rents crit\u00e8res cumul\u00e9s. Mais cette id\u00e9e de bien vieillir, ce n\u2019est pas qu\u2019un questionnaire. Ce sont des ann\u00e9es de travail, apr\u00e8s avoir int\u00e9gr\u00e9 ce r\u00e9seau francophone en 2016. \u00catre une ville amie des a\u00een\u00e9s, c\u2019est rompre l\u2019isolement, proposer des activit\u00e9s interg\u00e9n\u00e9rationnelles, aider \u00e0 l\u2019autonomie, prendre soin. Ce savoir-vivre ensemble, c\u2019est ce qui fait de Saint-\u00c9tienne une ville ou il fait bon vieillir.\u00a0\u00bb<\/p>\n<p>  \u00ab\u00a0La force de cette ville, c\u2019est sa solidarit\u00e9\u00a0\u00bb<\/p>\n<p>Derni\u00e8rement, c\u2019est aussi l\u2019instauration de permanences d\u00e9di\u00e9es aux seniors \u00e0 l\u2019H\u00f4tel-de-Ville et dans les mairies de proximit\u00e9 qui vient de se concr\u00e9tiser. Cette mesure, comme 34 autres, fait partie du nouveau plan d\u2019action social sp\u00e9cial senior \u00e0 d\u00e9ployer d\u2019ici 2027, qui se base sur trois axes\u00a0: renforcer le bien-\u00eatre social, am\u00e9nager une ville durable et conforter les valeurs de la r\u00e9publique.<\/p>\n<p>Lors de cette c\u00e9r\u00e9monie, Marie-Louise, 92 ans, \u00e9tait pr\u00e9sente. Cette St\u00e9phanoise d\u2019origine a pu venir assister \u00e0 cet \u00e9v\u00e8nement qui lui tenait \u00e0 c\u0153ur gr\u00e2ce \u00e0 la mise en place d\u2019une navette par des b\u00e9n\u00e9voles, qui est venue la chercher et qui la ram\u00e8nera chez elle. Pour le professeur de g\u00e9riatrie Thomas Celarier, c\u2019est aussi \u00e7a, \u00ab\u00a0la force de cette ville, qu\u2019elle met au service de ses a\u00een\u00e9s\u00a0: la solidarit\u00e9 st\u00e9phanoise.\u00a0\u00bb<\/p>\n","protected":false},"excerpt":{"rendered":"On ne pourrait pas mieux vivre \u00e0 Saint-\u00c9tienne quand on a pass\u00e9 la barre des 62 ans. Enfin,&hellip;\n","protected":false},"author":2,"featured_media":151229,"comment_status":"","ping_status":"","sticky":false,"template":"","format":"standard","meta":{"footnotes":""},"categories":[9653],"tags":[1111,11,2430,7539,1777,674,1011,27,12,25,137,4001,7538,801],"class_list":{"0":"post-151228","1":"post","2":"type-post","3":"status-publish","4":"format-standard","5":"has-post-thumbnail","7":"category-saint-etienne","8":"tag-actu","9":"tag-actualites","10":"tag-auvergne-rhone-alpes","11":"tag-edition-loire-sud","12":"tag-eu","13":"tag-europe","14":"tag-fr","15":"tag-france","16":"tag-news","17":"tag-republique-francaise","18":"tag-retraite","19":"tag-saint-etienne","20":"tag-saint-etienne-ville","21":"tag-social"},"share_on_mastodon":{"url":"https:\/\/pubeurope.com\/@fr\/114624689954511017","error":""},"_links":{"self":[{"href":"https:\/\/www.europesays.com\/fr\/wp-json\/wp\/v2\/posts\/151228","targetHints":{"allow":["GET"]}}],"collection":[{"href":"https:\/\/www.europesays.com\/fr\/wp-json\/wp\/v2\/posts"}],"about":[{"href":"https:\/\/www.europesays.com\/fr\/wp-json\/wp\/v2\/types\/post"}],"author":[{"embeddable":true,"href":"https:\/\/www.europesays.com\/fr\/wp-json\/wp\/v2\/users\/2"}],"replies":[{"embeddable":true,"href":"https:\/\/www.europesays.com\/fr\/wp-json\/wp\/v2\/comments?post=151228"}],"version-history":[{"count":0,"href":"https:\/\/www.europesays.com\/fr\/wp-json\/wp\/v2\/posts\/151228\/revisions"}],"wp:featuredmedia":[{"embeddable":true,"href":"https:\/\/www.europesays.com\/fr\/wp-json\/wp\/v2\/media\/151229"}],"wp:attachment":[{"href":"https:\/\/www.europesays.com\/fr\/wp-json\/wp\/v2\/media?parent=151228"}],"wp:term":[{"taxonomy":"category","embeddable":true,"href":"https:\/\/www.europesays.com\/fr\/wp-json\/wp\/v2\/categories?post=151228"},{"taxonomy":"post_tag","embeddable":true,"href":"https:\/\/www.europesays.com\/fr\/wp-json\/wp\/v2\/tags?post=151228"}],"curies":[{"name":"wp","href":"https:\/\/api.w.org\/{rel}","templated":true}]}}