{"id":151238,"date":"2025-06-04T10:49:10","date_gmt":"2025-06-04T10:49:10","guid":{"rendered":"https:\/\/www.europesays.com\/fr\/151238\/"},"modified":"2025-06-04T10:49:10","modified_gmt":"2025-06-04T10:49:10","slug":"la-metropole-de-montpellier-teste-une-taxe-sur-les-dechets","status":"publish","type":"post","link":"https:\/\/www.europesays.com\/fr\/151238\/","title":{"rendered":"La M\u00e9tropole de Montpellier teste une taxe sur les d\u00e9chets"},"content":{"rendered":"<p><strong>D\u00e8s le mois de juillet prochain, la M\u00e9tropole de Montpellier lance une exp\u00e9rimentation de taxe sur les ordures m\u00e9nag\u00e8res incitative (TOMi) dans un quartier de la ville et une commune de l\u2019agglom\u00e9ration. Annonc\u00e9e lors du Conseil m\u00e9tropolitain de ce mardi 3 juin, cette initiative s\u2019inscrit dans un cadre plus large d\u2019\u00e9tudes afin d\u2019am\u00e9liorer la gestion des d\u00e9chets dans la M\u00e9tropole.<\/strong><\/p>\n<p><img fetchpriority=\"high\" decoding=\"async\" width=\"1200\" height=\"815\" src=\"https:\/\/www.europesays.com\/fr\/wp-content\/uploads\/2025\/06\/Dechetterie.jpg\" alt=\"taxe d\u00e9chets M\u00e9tropole de Montpellier\"  \/><\/p>\n<p>La gestion des d\u00e9chets est \u00ab un fiasco \u00bb selon Micha\u00ebl Delafosse. \u00a9 smikemikey1\/Depositphotos.com<\/p>\n<p>Confront\u00e9e \u00e0 une impasse en ce qui concerne <a href=\"https:\/\/www.lejournaltoulousain.fr\/occitanie\/herault\/montpellier\/comment-montpellier-ordures-menageres-valoriser-dechets-213197\/\" target=\"_blank\" rel=\"noopener\">la gestion de ses d\u00e9chets<\/a>, la M\u00e9tropole de Montpellier a d\u00e9cid\u00e9 de franchir un cap. Lors du Conseil m\u00e9tropolitain de ce mardi 3 juin, le pr\u00e9sident Micha\u00ebl Delafosse et le <a href=\"https:\/\/www.lejournaltoulousain.fr\/occitanie\/herault\/montpellier\/voici-ce-qui-change-dans-la-collecte-des-dechets-a-montpellier-190957\/\" target=\"_blank\" rel=\"noopener\">vice-pr\u00e9sident en charge des d\u00e9chets<\/a>, Ren\u00e9 Revol, ont annonc\u00e9 une exp\u00e9rimentation d\u00e8s le mois de juillet : la mise en place d\u2019une taxe incitative sur les ordures m\u00e9nag\u00e8res (TOMi).<\/p>\n<p>Le principe est simple : faire payer les usagers en fonction de la quantit\u00e9 de d\u00e9chets qu\u2019ils produisent, afin d\u2019encourager une r\u00e9duction \u00e0 la source et de faire \u00e9voluer les comportements. <strong>Un test sur six mois dont les r\u00e9sultats pourraient dessiner la trajectoire d\u2019un changement profond dans la politique de gestion des d\u00e9chets du territoire.<\/strong><\/p>\n<p>Pourquoi cette taxe sur les ordures m\u00e9nag\u00e8res ?<\/p>\n<p>L\u2019exp\u00e9rimentation de la taxe incitative n\u2019arrive pas par hasard. Elle s\u2019inscrit dans un contexte critique que <a href=\"https:\/\/www.montpellier.fr\/les-seances-du-conseil-metropolitain\" target=\"_blank\" rel=\"noreferrer noopener\">Micha\u00ebl Delafosse n\u2019a pas h\u00e9sit\u00e9 \u00e0 qualifier<\/a> de \u00ab situation de fiasco depuis des d\u00e9cennies sur la question des d\u00e9chets \u00bb. La M\u00e9tropole est aujourd\u2019hui dans une position unique en France : \u00ab Nous sommes la seule m\u00e9tropole qui exportons nos d\u00e9chets \u00bb, a-t-il rappel\u00e9. \u00ab<strong> 4 600 camions partent chaque ann\u00e9e vers des sites qui, pour beaucoup, nous refusent d\u00e9sormais <\/strong>\u00bb, a-t-il ajout\u00e9, d\u00e9non\u00e7ant une fuite en avant co\u00fbteuse, polluante et politiquement irresponsable.<\/p>\n<p>Le pr\u00e9sident de la M\u00e9tropole pointe \u00e9galement l\u2019\u00e9tat d\u00e9grad\u00e9 des infrastructures locales, notamment l\u2019usine Am\u00e9tyst : \u00ab Am\u00e9tyst ne fonctionne pas. Il faut se le dire \u00bb. <strong>Pollutions olfactives, nuisances pour les riverains, inefficacit\u00e9 du tri : les griefs sont nombreux.<\/strong> \u00ab Les microplastiques ne sont pas micros. Ils sont plastiques et ils sont envoy\u00e9s dans la terre, g\u00e9n\u00e9rant d\u2019autres probl\u00e8mes \u00bb, insiste-t-il.<\/p>\n<p>Face \u00e0 cette situation, l\u2019\u00e9quipe m\u00e9tropolitaine veut donc renverser la logique : \u00ab On propose une strat\u00e9gie globale de tri, de r\u00e9duction des d\u00e9chets, pour lesquels nous devons collectivement et en permanence nous mobiliser \u00bb. <strong>La TOMi devient alors l\u2019un des leviers de cette transformation.<\/strong><\/p>\n<p>Vers une responsabilisation des citoyens et une \u00e9valuation \u00e0 l\u2019\u00e9chelle m\u00e9tropolitaine<\/p>\n<p>Pour Ren\u00e9 Revol, cette exp\u00e9rimentation est un acte pr\u00e9paratoire essentiel avant toute g\u00e9n\u00e9ralisation. \u00ab Nous allons l\u2019exp\u00e9rimenter pendant six mois pour voir comment \u00e7a marche, pour que \u00e7a d\u00e9marre, pour qu\u2019ensuite, dans la mandature suivante, ceux qui seront en responsabilit\u00e9 auront les r\u00e9sultats de cette exp\u00e9rimentation pour pouvoir g\u00e9n\u00e9raliser la m\u00e9thode \u00bb, a-t-il pr\u00e9cis\u00e9.<\/p>\n<p><strong>Le but affich\u00e9 : sortir d\u2019une logique de gestion opaque et impos\u00e9e, et tester une m\u00e9thode qui pourrait transformer durablement la relation des habitants \u00e0 leurs d\u00e9chets.<\/strong><\/p>\n<p>L\u2019initiative est \u00e9galement un marqueur de la volont\u00e9 d\u2019engager un d\u00e9bat de fond sur l\u2019int\u00e9r\u00eat g\u00e9n\u00e9ral. \u00ab C\u2019est un d\u00e9bat m\u00e9tropolitain que nous n\u2019avons jamais conduit \u00bb, a rappel\u00e9 Micha\u00ebl Delafosse. Pour lui, la TOMi n\u2019est pas une fin en soi, mais un outil pour que chacun prenne conscience de son r\u00f4le. \u00ab Est-ce que la m\u00e9tropole assume pleinement sa comp\u00e9tence sur la gestion des d\u00e9chets ? Ou est-ce qu\u2019on continue cette fuite en avant ? \u00bb, a-t-il interrog\u00e9, appelant \u00e0 rompre avec le d\u00e9sengagement pass\u00e9.<\/p>\n","protected":false},"excerpt":{"rendered":"D\u00e8s le mois de juillet prochain, la M\u00e9tropole de Montpellier lance une exp\u00e9rimentation de taxe sur les ordures&hellip;\n","protected":false},"author":2,"featured_media":151239,"comment_status":"","ping_status":"","sticky":false,"template":"","format":"standard","meta":{"footnotes":""},"categories":[9599],"tags":[28059,1111,11,1777,674,1011,27,2208,12,2680,25],"class_list":{"0":"post-151238","1":"post","2":"type-post","3":"status-publish","4":"format-standard","5":"has-post-thumbnail","7":"category-montpellier","8":"tag-un-fiasco-depuis-des-du00e9cennies-la-mu00e9tropole-de-montpellier-teste-une-taxe-sur-les-du00e9chets","9":"tag-actu","10":"tag-actualites","11":"tag-eu","12":"tag-europe","13":"tag-fr","14":"tag-france","15":"tag-montpellier","16":"tag-news","17":"tag-occitanie","18":"tag-republique-francaise"},"share_on_mastodon":{"url":"https:\/\/pubeurope.com\/@fr\/114624709552764720","error":""},"_links":{"self":[{"href":"https:\/\/www.europesays.com\/fr\/wp-json\/wp\/v2\/posts\/151238","targetHints":{"allow":["GET"]}}],"collection":[{"href":"https:\/\/www.europesays.com\/fr\/wp-json\/wp\/v2\/posts"}],"about":[{"href":"https:\/\/www.europesays.com\/fr\/wp-json\/wp\/v2\/types\/post"}],"author":[{"embeddable":true,"href":"https:\/\/www.europesays.com\/fr\/wp-json\/wp\/v2\/users\/2"}],"replies":[{"embeddable":true,"href":"https:\/\/www.europesays.com\/fr\/wp-json\/wp\/v2\/comments?post=151238"}],"version-history":[{"count":0,"href":"https:\/\/www.europesays.com\/fr\/wp-json\/wp\/v2\/posts\/151238\/revisions"}],"wp:featuredmedia":[{"embeddable":true,"href":"https:\/\/www.europesays.com\/fr\/wp-json\/wp\/v2\/media\/151239"}],"wp:attachment":[{"href":"https:\/\/www.europesays.com\/fr\/wp-json\/wp\/v2\/media?parent=151238"}],"wp:term":[{"taxonomy":"category","embeddable":true,"href":"https:\/\/www.europesays.com\/fr\/wp-json\/wp\/v2\/categories?post=151238"},{"taxonomy":"post_tag","embeddable":true,"href":"https:\/\/www.europesays.com\/fr\/wp-json\/wp\/v2\/tags?post=151238"}],"curies":[{"name":"wp","href":"https:\/\/api.w.org\/{rel}","templated":true}]}}