{"id":151240,"date":"2025-06-04T10:50:12","date_gmt":"2025-06-04T10:50:12","guid":{"rendered":"https:\/\/www.europesays.com\/fr\/151240\/"},"modified":"2025-06-04T10:50:12","modified_gmt":"2025-06-04T10:50:12","slug":"dame-de-pique-reine-de-coeur-une-exposition-entre-liberte-feminite-et-insolence","status":"publish","type":"post","link":"https:\/\/www.europesays.com\/fr\/151240\/","title":{"rendered":"\u00ab Dame de pique, Reine de c\u0153ur \u00bb, une exposition entre libert\u00e9, f\u00e9minit\u00e9 et insolence"},"content":{"rendered":"<p>\n\t\t\t\t\tLe mus\u00e9e Parcelle473 \u00e0 Montpellier s&rsquo;appr\u00eate \u00e0 accueillir une nouvelle exposition du 19 juin au 12 octobre. Cette fois-ci, c&rsquo;est la street artiste Miss.Tic qui est \u00e0 l&rsquo;honneur.\t\t\t\t<\/p>\n<p>\n\t\t\t\t\t\t\t\t\t\u00a9 Galerie Lelia Mordoch\/ADAGP Miss Tic 2025 \/ L\u2019exposition est \u00e0 d\u00e9couvrir d\u00e8s le 19 juin.\t\t\t\t\t\t\t\t<\/p>\n<p>\t\t\t\t\t<a data-no-instant=\"1\" href=\"https:\/\/gard.fr\" rel=\"noopener nofollow\" class=\"a2t-link\" aria-label=\"001-image\" target=\"_blank\"><img decoding=\"async\" src=\"https:\/\/www.europesays.com\/fr\/wp-content\/uploads\/2025\/06\/001-image.jpeg\" alt=\"\"  \/><\/a><\/p>\n<p>A travers une cinquantaine d\u2019oeuvres, l\u2019exposition <strong>\u00ab Dame de pique, Reine de c\u0153ur \u00bb <\/strong>retrace le parcours et l\u2019h\u00e9ritage \u00e0 l\u2019art urbain l\u00e9gu\u00e9 par l\u2019artiste<strong> Miss.Tic<\/strong>.  Ces oeuvres sont issues de la collection personnelle de la galeriste historique et amie de l\u2019artiste L\u00e9lia Mordoch, des collections priv\u00e9es d\u2019Eric Brugier et de Laurent Rigail, fondateurs du mus\u00e9e ainsi que de pr\u00eats de collectionneurs.<strong> Laurent Rigail <\/strong>pr\u00e9cise que des oeuvres \u00ab\u00a0des ann\u00e9es 90 jusqu\u2019aux ann\u00e9es 2020 dont quelques pi\u00e8ces en anglais particuli\u00e8rement rares\u00a0\u00bb seront pr\u00e9sentes lors de l\u2019exposition.<\/p>\n<p>F\u00e9minit\u00e9 et insolence<\/p>\n<p>Les oeuvres de Miss.Tic sont reconnaissables : des silhouettes f\u00e9minines percutantes accompagn\u00e9es de phrases incisives. Durant l\u2019exposition, les visiteurs vont pouvoir d\u00e9couvrir des installations, sculptures, un documentaire et \u00e9videmment des peintures. Le mus\u00e9e <strong>Parcelle473,<\/strong> propose ainsi de plonger dans l\u2019univers de la street artiste avec les grands th\u00e8mes de son travail : la libert\u00e9, la f\u00e9minit\u00e9 et l\u2019insolence.<\/p>\n<p>Un hommage<\/p>\n<p>Pour le fondateur Laurent Rigail, cette exposition rev\u00eat une dimension particuli\u00e8re et personnelle. \u00ab Lorsque j\u2019ai ouvert le mus\u00e9e \u00e0 Montpellier en 2022, j\u2019ai propos\u00e9 \u00e0 Miss.Tic de lui d\u00e9dier une exposition. C\u2019est \u00e0 ce moment-l\u00e0 qu\u2019elle m\u2019a annonc\u00e9 qu\u2019elle \u00e9tait affaiblie et les choses ne se sont pas faites. C\u2019est le dernier \u00e9change que j\u2019ai eu avec elle. Cette exposition me tient particuli\u00e8rement \u00e0 c\u0153ur, c\u2019est une sorte d\u2019hommage \u00bb, explique Laurent Rigail. Pour le fondateur, Miss.Tic est \u00ab\u00a0une pr\u00e9curseuse en tant que street artiste f\u00e9minine. Elle a ouvert la voie. J\u2019aimais son c\u00f4t\u00e9 \u00e0 la fois po\u00e9tique, tendre mais aussi piquant et un peu d\u00e9cal\u00e9. Elle d\u00e9tournait les mots pour d\u00e9fendre ses id\u00e9es. C\u2019\u00e9tait une femme tr\u00e8s engag\u00e9e, pour les femmes, pour les artistes. Elle ne m\u00e2chait pas ses mots, elle \u00e9tait toujours tr\u00e8s directe et sinc\u00e8re et \u00e7a se ressent dans ses \u0153uvres\u00a0\u00bb.<\/p>\n<p>En marge de l\u2019\u00e9v\u00e9nement, les visiteurs vont pouvoir profiter d\u2019une projection du film documentaire \u00ab Dans les yeux de Misstic \u00bb r\u00e9alis\u00e9 par <strong>Thomas Granovsky<\/strong>, des ateliers de pochoirs pour les enfants ou encore la vente de produits d\u00e9riv\u00e9s \u00e0 la boutique du mus\u00e9e dont un livre sp\u00e9cialement r\u00e9alis\u00e9 pour l\u2019exposition. Rendez-vous du 19 juin au 12 octobre. Pour patienter, les visiteurs peuvent encore d\u00e9couvrir l\u2019exposition de la <a href=\"https:\/\/infoccitanie.fr\/montpellier-la-banksy-modeste-collection-investit-le-musee-parcelle473\/\" rel=\"nofollow noopener\" target=\"_blank\"><strong>Banksy Modeste Collection<\/strong><\/a> jusqu\u2019au 15 juin.<\/p>\n<p><a data-no-instant=\"1\" href=\"https:\/\/festivaldenimes.com\/\" rel=\"noopener nofollow\" class=\"a2t-link\" aria-label=\"013-image\" target=\"_blank\"><img decoding=\"async\" src=\"https:\/\/www.europesays.com\/fr\/wp-content\/uploads\/2025\/06\/013-image.jpeg\" alt=\"\"  \/><\/a>\t\t\t\t<\/p>\n","protected":false},"excerpt":{"rendered":"Le mus\u00e9e Parcelle473 \u00e0 Montpellier s&rsquo;appr\u00eate \u00e0 accueillir une nouvelle exposition du 19 juin au 12 octobre. Cette&hellip;\n","protected":false},"author":2,"featured_media":151241,"comment_status":"","ping_status":"","sticky":false,"template":"","format":"standard","meta":{"footnotes":""},"categories":[9599],"tags":[1111,11,1777,674,3293,1011,27,2208,12,2680,25],"class_list":{"0":"post-151240","1":"post","2":"type-post","3":"status-publish","4":"format-standard","5":"has-post-thumbnail","7":"category-montpellier","8":"tag-actu","9":"tag-actualites","10":"tag-eu","11":"tag-europe","12":"tag-exposition","13":"tag-fr","14":"tag-france","15":"tag-montpellier","16":"tag-news","17":"tag-occitanie","18":"tag-republique-francaise"},"share_on_mastodon":{"url":"https:\/\/pubeurope.com\/@fr\/114624713540050226","error":""},"_links":{"self":[{"href":"https:\/\/www.europesays.com\/fr\/wp-json\/wp\/v2\/posts\/151240","targetHints":{"allow":["GET"]}}],"collection":[{"href":"https:\/\/www.europesays.com\/fr\/wp-json\/wp\/v2\/posts"}],"about":[{"href":"https:\/\/www.europesays.com\/fr\/wp-json\/wp\/v2\/types\/post"}],"author":[{"embeddable":true,"href":"https:\/\/www.europesays.com\/fr\/wp-json\/wp\/v2\/users\/2"}],"replies":[{"embeddable":true,"href":"https:\/\/www.europesays.com\/fr\/wp-json\/wp\/v2\/comments?post=151240"}],"version-history":[{"count":0,"href":"https:\/\/www.europesays.com\/fr\/wp-json\/wp\/v2\/posts\/151240\/revisions"}],"wp:featuredmedia":[{"embeddable":true,"href":"https:\/\/www.europesays.com\/fr\/wp-json\/wp\/v2\/media\/151241"}],"wp:attachment":[{"href":"https:\/\/www.europesays.com\/fr\/wp-json\/wp\/v2\/media?parent=151240"}],"wp:term":[{"taxonomy":"category","embeddable":true,"href":"https:\/\/www.europesays.com\/fr\/wp-json\/wp\/v2\/categories?post=151240"},{"taxonomy":"post_tag","embeddable":true,"href":"https:\/\/www.europesays.com\/fr\/wp-json\/wp\/v2\/tags?post=151240"}],"curies":[{"name":"wp","href":"https:\/\/api.w.org\/{rel}","templated":true}]}}