{"id":151242,"date":"2025-06-04T10:51:08","date_gmt":"2025-06-04T10:51:08","guid":{"rendered":"https:\/\/www.europesays.com\/fr\/151242\/"},"modified":"2025-06-04T10:51:08","modified_gmt":"2025-06-04T10:51:08","slug":"surpris-au-volant-en-train-de-fumer-un-joint-a-rouen-il-avait-egalement-dautres-armes-dans-sa-voiture","status":"publish","type":"post","link":"https:\/\/www.europesays.com\/fr\/151242\/","title":{"rendered":"Surpris au volant en train de fumer un joint \u00e0 Rouen, il avait \u00e9galement d&rsquo;autres armes dans sa voiture"},"content":{"rendered":"<p>            Par<br \/>\n        <strong><br \/>\n            <a href=\"https:\/\/actu.fr\/auteur\/fmass\" title=\"Consulter tous les articles de Fabien Massin\" rel=\"nofollow noopener\" target=\"_blank\">Fabien Massin<\/a><br \/>\n        <\/strong><\/p>\n<p>        Publi\u00e9 le<\/p>\n<p>            4 juin 2025 \u00e0 12h35        <\/p>\n<p>Il se croyait \u00e0 l\u2019abri des regards dans l\u2019habitacle de sa voiture mais <strong>mal lui en a pris<\/strong>. Dans la soir\u00e9e du mardi 3 juin 2025 \u00e0 <a href=\"https:\/\/actu.fr\/normandie\/rouen_76540\" rel=\"nofollow noopener\" target=\"_blank\">Rouen (Seine-Maritime)<\/a>, un \u00e9quipage de la brigade canine arrive \u00e0 un feu rouge place Saint-Paul, apprend-on de source polici\u00e8re.<\/p>\n<p class=\" wall-content\">\u00c0 c\u00f4t\u00e9 des policiers, qui circulent dans une <strong>voiture banalis\u00e9e<\/strong>, une BMW vient se positionner. Au moment o\u00f9 il se retrouve nez \u00e0 nez avec les forces de l\u2019ordre, le conducteur<strong> tente de dissimuler le joint qu\u2019il est en train de fumer<\/strong>.<\/p>\n<p>Positif aux stup\u00e9fiants<\/p>\n<p class=\" wall-content\">Contr\u00f4l\u00e9, il reconnait avoir sur lui quelques grammes de r\u00e9sine de cannabis. Dans le v\u00e9hicule, une<strong> bombe lacrymog\u00e8ne et un couteau<\/strong> sont \u00e9galement retrouv\u00e9s.\u00a0<\/p>\n<p class=\" wall-content\">Le d\u00e9pistage aux stup\u00e9fiants s\u2019est \u00e9galement r\u00e9v\u00e9l\u00e9 positif, et on attend d\u00e9sormais les r\u00e9sultats exacts du test effectu\u00e9. Le conducteur a \u00e9cop\u00e9 d\u2019une amende.\u00a0<\/p>\n<p>Suivez l\u2019actualit\u00e9 de Rouen sur notre <a href=\"https:\/\/www.whatsapp.com\/channel\/0029VaKfnf99hXF2ddApFB1D\" rel=\"nofollow noopener\" target=\"_blank\">cha\u00eene WhatsApp<\/a> et sur notre <a href=\"https:\/\/www.tiktok.com\/@76actu.fr?lang=fr\" rel=\"nofollow noopener\" target=\"_blank\">compte TikTok<\/a>Vid\u00e9os : en ce moment sur Actu<\/p>\n<p class=\" wall-content\">Suivez toute l\u2019actualit\u00e9 de vos villes et m\u00e9dias favoris en vous inscrivant \u00e0 <a href=\"https:\/\/moncompte.actu.fr\" title=\"D\u00e9couvez Mon Actu\" rel=\"nofollow noopener\" data-trk=\"{&quot;cta&quot;:{&quot;action&quot;:&quot;https:\\\/\\\/moncompte.actu.fr&quot;,&quot;category&quot;:&quot;mon compte&quot;,&quot;from&quot;:&quot;article footer&quot;,&quot;name&quot;:&quot;Mon actu&quot;,&quot;type&quot;:&quot;cta&quot;}}\" target=\"_blank\">Mon Actu<\/a>.<\/p>\n<p>                    <script async src=\"\/\/www.tiktok.com\/embed.js\"><\/script><\/p>\n","protected":false},"excerpt":{"rendered":"Par Fabien Massin Publi\u00e9 le 4 juin 2025 \u00e0 12h35 Il se croyait \u00e0 l\u2019abri des regards dans&hellip;\n","protected":false},"author":2,"featured_media":151243,"comment_status":"","ping_status":"","sticky":false,"template":"","format":"standard","meta":{"footnotes":""},"categories":[9587],"tags":[1111,11,1052,1777,674,118,1011,27,12,5161,1072,25,9590],"class_list":{"0":"post-151242","1":"post","2":"type-post","3":"status-publish","4":"format-standard","5":"has-post-thumbnail","7":"category-rouen","8":"tag-actu","9":"tag-actualites","10":"tag-drogue","11":"tag-eu","12":"tag-europe","13":"tag-faits-divers","14":"tag-fr","15":"tag-france","16":"tag-news","17":"tag-normandie","18":"tag-police","19":"tag-republique-francaise","20":"tag-rouen"},"share_on_mastodon":{"url":"https:\/\/pubeurope.com\/@fr\/114624717294803167","error":""},"_links":{"self":[{"href":"https:\/\/www.europesays.com\/fr\/wp-json\/wp\/v2\/posts\/151242","targetHints":{"allow":["GET"]}}],"collection":[{"href":"https:\/\/www.europesays.com\/fr\/wp-json\/wp\/v2\/posts"}],"about":[{"href":"https:\/\/www.europesays.com\/fr\/wp-json\/wp\/v2\/types\/post"}],"author":[{"embeddable":true,"href":"https:\/\/www.europesays.com\/fr\/wp-json\/wp\/v2\/users\/2"}],"replies":[{"embeddable":true,"href":"https:\/\/www.europesays.com\/fr\/wp-json\/wp\/v2\/comments?post=151242"}],"version-history":[{"count":0,"href":"https:\/\/www.europesays.com\/fr\/wp-json\/wp\/v2\/posts\/151242\/revisions"}],"wp:featuredmedia":[{"embeddable":true,"href":"https:\/\/www.europesays.com\/fr\/wp-json\/wp\/v2\/media\/151243"}],"wp:attachment":[{"href":"https:\/\/www.europesays.com\/fr\/wp-json\/wp\/v2\/media?parent=151242"}],"wp:term":[{"taxonomy":"category","embeddable":true,"href":"https:\/\/www.europesays.com\/fr\/wp-json\/wp\/v2\/categories?post=151242"},{"taxonomy":"post_tag","embeddable":true,"href":"https:\/\/www.europesays.com\/fr\/wp-json\/wp\/v2\/tags?post=151242"}],"curies":[{"name":"wp","href":"https:\/\/api.w.org\/{rel}","templated":true}]}}