{"id":151250,"date":"2025-06-04T10:57:15","date_gmt":"2025-06-04T10:57:15","guid":{"rendered":"https:\/\/www.europesays.com\/fr\/151250\/"},"modified":"2025-06-04T10:57:15","modified_gmt":"2025-06-04T10:57:15","slug":"une-cagnotte-en-ligne-lancee","status":"publish","type":"post","link":"https:\/\/www.europesays.com\/fr\/151250\/","title":{"rendered":"une cagnotte en ligne lanc\u00e9e"},"content":{"rendered":"<p>            Par<br \/>\n        <strong><br \/>\n            <a href=\"https:\/\/actu.fr\/auteur\/brian-legoff\" title=\"Consulter tous les articles de Brian Le Goff\" rel=\"nofollow noopener\" target=\"_blank\">Brian Le Goff<\/a><br \/>\n        <\/strong><\/p>\n<p>        Publi\u00e9 le<\/p>\n<p>            4 juin 2025 \u00e0 11h56        <\/p>\n<p>\u00ab\u2009Soutenir cette cagnotte, c\u2019est <strong>permettre \u00e0 sa famille de rester unie autour de lui<\/strong>, sans se soucier du poids financier de cette \u00e9preuve\u2009\u00bb, \u00e9nonce l\u2019Amicale de la <a href=\"https:\/\/actu.fr\/tag\/police\" rel=\"nofollow noopener\" target=\"_blank\">police<\/a> nationale. Cette derni\u00e8re appelle aux dons pour la famille de <strong>Ga\u00ebl, un policier rennais de 43\u00a0ans, gravement bless\u00e9<\/strong> en marge de la<a href=\"https:\/\/actu.fr\/ile-de-france\/paris_75056\/irresistible-le-psg-remporte-la-premiere-ligue-des-champions-de-son-histoire-au-terme-d-une-finale-de-reve_62712076.html\" rel=\"nofollow noopener\" target=\"_blank\"> victoire du PSG en Ligue des champions<\/a>, samedi 31\u00a0mai, \u00e0 Coutances (Manche), puis <a href=\"https:\/\/actu.fr\/bretagne\/rennes_35238\/violences-affrontements-apres-la-victoire-du-psg-un-policier-rennais-place-dans-le-coma-artificiel_62714546.html\" rel=\"nofollow noopener\" target=\"_blank\">plac\u00e9 dans un coma artificiel<\/a>.<\/p>\n<p>\u00ab\u2009La situation s\u2019annonce longue et incertaine\u2009\u00bb<\/p>\n<p class=\" wall-content\">Le fonctionnaire intervenait <strong>en renfort sur le festival Jazz sous les pommiers,<\/strong> rappelle l\u2019Amicale\u2009: \u00ab\u2009Vers 23\u2009h, \u00e0 l\u2019issue du match, un engin pyrotechnique a \u00e9t\u00e9 lanc\u00e9 en direction des forces de l\u2019ordre.\u2009\u00bb<\/p>\n<blockquote class=\"ac-article-quote wall-content\">\n<p>Ga\u00ebl a \u00e9t\u00e9 touch\u00e9 en pleine t\u00eate.<\/p>\n<p>    <strong>Amicale de la Police nationale<\/strong>\n            <\/p><\/blockquote>\n<p class=\" wall-content\"><strong>H\u00e9liport\u00e9 en urgence au CHU de Caen,<\/strong> il a \u00e9t\u00e9 op\u00e9r\u00e9 et a donc ensuite \u00e9t\u00e9 plong\u00e9 dans un coma artificiel. Son <strong>\u00e9tat reste extr\u00eamement pr\u00e9occupant,<\/strong> poursuit l\u2019Amicale. \u00ab\u2009Dans cette \u00e9preuve, sa compagne \u00c9milie et leurs enfants se battent \u00e0 ses c\u00f4t\u00e9s, avec courage et dignit\u00e9.\u2009\u00bb<\/p>\n<p class=\" wall-content\">Mais la <strong>situation s\u2019annonce longue et incertaine<\/strong>, pr\u00e9vient l\u2019association qui a pris l\u2019initiative avec l\u2019accord de la famille d\u2019ouvrir une cagnotte solidaire. \u00ab\u2009Les dons collect\u00e9s permettront de contribuer \u00e0 la suite des frais d\u2019h\u00e9bergement, aux d\u00e9placements de la famille, et <strong>surtout aux futures d\u00e9penses li\u00e9es \u00e0 l\u2019\u00e9tat de sant\u00e9<\/strong> de Ga\u00ebl.\u2009\u00bb<\/p>\n<p>Vid\u00e9os : en ce moment sur Actu<\/p>\n<p class=\" wall-content\">\u00c0 l\u2019heure o\u00f9 nous \u00e9crivons ces lignes, <strong>2\u2009450\u00a0euros ont d\u00e9j\u00e0 \u00e9t\u00e9 collect\u00e9s.<\/strong><\/p>\n<p class=\" wall-content\"><a href=\"https:\/\/www.allodons.fr\/amicalepn\/categories\/pour-gael\" rel=\"nofollow noopener\" target=\"_blank\">Lien vers la cagnotte<\/a>.<\/p>\n<p class=\" wall-content\">Suivez toute l\u2019actualit\u00e9 de vos villes et m\u00e9dias favoris en vous inscrivant \u00e0 <a href=\"https:\/\/moncompte.actu.fr\" title=\"D\u00e9couvez Mon Actu\" rel=\"nofollow noopener\" data-trk=\"{&quot;cta&quot;:{&quot;action&quot;:&quot;https:\\\/\\\/moncompte.actu.fr&quot;,&quot;category&quot;:&quot;mon compte&quot;,&quot;from&quot;:&quot;article footer&quot;,&quot;name&quot;:&quot;Mon actu&quot;,&quot;type&quot;:&quot;cta&quot;}}\" target=\"_blank\">Mon Actu<\/a>.<\/p>\n<ul class=\"ac-article-tag wall-content\">\n<li><a href=\"https:\/\/actu.fr\/tag\/paris-saint-germain-psg\" data-trk=\"{&quot;cta&quot;:{&quot;action&quot;:&quot;Paris Saint Germain (PSG)&quot;,&quot;category&quot;:&quot;tag&quot;,&quot;from&quot;:&quot;article footer&quot;,&quot;name&quot;:&quot;Paris Saint Germain (PSG)&quot;,&quot;type&quot;:&quot;cta&quot;}}\" rel=\"nofollow noopener\" target=\"_blank\">#Paris Saint Germain (PSG)<\/a><\/li>\n<li><a href=\"https:\/\/actu.fr\/tag\/police\" data-trk=\"{&quot;cta&quot;:{&quot;action&quot;:&quot;Police&quot;,&quot;category&quot;:&quot;tag&quot;,&quot;from&quot;:&quot;article footer&quot;,&quot;name&quot;:&quot;Police&quot;,&quot;type&quot;:&quot;cta&quot;}}\" rel=\"nofollow noopener\" target=\"_blank\">#Police<\/a><\/li>\n<\/ul>\n","protected":false},"excerpt":{"rendered":"Par Brian Le Goff Publi\u00e9 le 4 juin 2025 \u00e0 11h56 \u00ab\u2009Soutenir cette cagnotte, c\u2019est permettre \u00e0 sa&hellip;\n","protected":false},"author":2,"featured_media":151251,"comment_status":"","ping_status":"","sticky":false,"template":"","format":"standard","meta":{"footnotes":""},"categories":[2821],"tags":[1111,11,829,1777,674,118,1011,27,12,2332,1072,584,25],"class_list":{"0":"post-151250","1":"post","2":"type-post","3":"status-publish","4":"format-standard","5":"has-post-thumbnail","7":"category-rennes","8":"tag-actu","9":"tag-actualites","10":"tag-bretagne","11":"tag-eu","12":"tag-europe","13":"tag-faits-divers","14":"tag-fr","15":"tag-france","16":"tag-news","17":"tag-paris-saint-germain-psg","18":"tag-police","19":"tag-rennes","20":"tag-republique-francaise"},"share_on_mastodon":{"url":"https:\/\/pubeurope.com\/@fr\/114624740992540527","error":""},"_links":{"self":[{"href":"https:\/\/www.europesays.com\/fr\/wp-json\/wp\/v2\/posts\/151250","targetHints":{"allow":["GET"]}}],"collection":[{"href":"https:\/\/www.europesays.com\/fr\/wp-json\/wp\/v2\/posts"}],"about":[{"href":"https:\/\/www.europesays.com\/fr\/wp-json\/wp\/v2\/types\/post"}],"author":[{"embeddable":true,"href":"https:\/\/www.europesays.com\/fr\/wp-json\/wp\/v2\/users\/2"}],"replies":[{"embeddable":true,"href":"https:\/\/www.europesays.com\/fr\/wp-json\/wp\/v2\/comments?post=151250"}],"version-history":[{"count":0,"href":"https:\/\/www.europesays.com\/fr\/wp-json\/wp\/v2\/posts\/151250\/revisions"}],"wp:featuredmedia":[{"embeddable":true,"href":"https:\/\/www.europesays.com\/fr\/wp-json\/wp\/v2\/media\/151251"}],"wp:attachment":[{"href":"https:\/\/www.europesays.com\/fr\/wp-json\/wp\/v2\/media?parent=151250"}],"wp:term":[{"taxonomy":"category","embeddable":true,"href":"https:\/\/www.europesays.com\/fr\/wp-json\/wp\/v2\/categories?post=151250"},{"taxonomy":"post_tag","embeddable":true,"href":"https:\/\/www.europesays.com\/fr\/wp-json\/wp\/v2\/tags?post=151250"}],"curies":[{"name":"wp","href":"https:\/\/api.w.org\/{rel}","templated":true}]}}