{"id":151252,"date":"2025-06-04T10:58:19","date_gmt":"2025-06-04T10:58:19","guid":{"rendered":"https:\/\/www.europesays.com\/fr\/151252\/"},"modified":"2025-06-04T10:58:19","modified_gmt":"2025-06-04T10:58:19","slug":"toute-lactu-top-music-carijou-sinstalle-aux-compotes-a-strasbourg","status":"publish","type":"post","link":"https:\/\/www.europesays.com\/fr\/151252\/","title":{"rendered":"Toute l&rsquo;actu Top Music &#8211; Carijou s\u2019installe aux Compotes \u00e0 Strasbourg"},"content":{"rendered":"<p><img decoding=\"async\" class=\"\" style=\"width:100%\" src=\"https:\/\/www.europesays.com\/fr\/wp-content\/uploads\/2025\/06\/IMG_52511749026530478.webp.webp\" alt=\"Alina s'occupe du pop-up de Carijou aux Compotes.\"\/><\/p>\n<p>Alina s&rsquo;occupe du pop-up de Carijou aux Compotes.<\/p>\n<p>Cr\u00e9dit : Top Music &#8211; JC<\/p>\n<p style=\"text-align: justify;\">L&rsquo;espace strasbourgeois Compotes accueille Carijou tout le mois de juin. La boutique \u00e9ph\u00e9m\u00e8re propose des <strong>jouets de seconde main \u00e0 bas prix<\/strong>. Ils sont r\u00e9nov\u00e9s et vendus par des personnes en <strong>r\u00e9insertion sociale et professionnelle<\/strong>.<strong> <\/strong>\u00ab\u00a0Notre mission principale est d\u2019accompagner des personnes en difficult\u00e9 ou \u00e9loign\u00e9es de l\u2019emploi. On a une \u00e9quipe de vente et une \u00e9quipe qui <strong>revalorise, reconditionne et nettoie les jouets.<\/strong> Ils sont une <strong>trentaine<\/strong> chez Carijou\u00a0\u00bb, explique Jean-Daniel Delrue, encadrant technique et p\u00e9dagogique chez Carijou. Un chantier d\u2019insertion qui aide beaucoup de personnes, notamment Alina, une Ukrainienne qui a fui la guerre. \u00ab Pour progresser et apprendre le fran\u00e7ais \u00e7a m\u2019aide beaucoup. \u00c7a donne aussi la possibilit\u00e9 d\u2019\u00e9voluer, de faire carri\u00e8re\u00a0\u00bb, explique la salari\u00e9e de Carijou.<\/p>\n<p><strong>Des jouets \u00e0 petits prix<\/strong><\/p>\n<p>Tous les jouets r\u00e9nov\u00e9s par Carijou proviennent de <strong>dons<\/strong>, essentiellement des <strong>particuliers<\/strong>. Plus de <strong>10 tonnes<\/strong> sont re\u00e7ues par an. Si vous avez des jouets qui trainent dans votre grenier, vous pouvez en faire dans de nombreuses boutiques, notamment aux Compotes \u00e0 Strasbourg. Ils seront revendus \u00e0 prix solidaires. \u00ab\u00a0D\u2019une mani\u00e8re g\u00e9n\u00e9rale c\u2019est<strong> entre 30 \u00e0 50% du prix du neuf.\u00a0<\/strong>Apr\u00e8s \u00e7a va d\u00e9pendre \u00e9videmment de l\u2019\u00e9tat\u00a0\u00bb, explique Jean-Daniel Delrue.<\/p>\n<p>\u00a0<\/p>\n","protected":false},"excerpt":{"rendered":"Alina s&rsquo;occupe du pop-up de Carijou aux Compotes. Cr\u00e9dit : Top Music &#8211; JC L&rsquo;espace strasbourgeois Compotes accueille&hellip;\n","protected":false},"author":2,"featured_media":151253,"comment_status":"","ping_status":"","sticky":false,"template":"","format":"standard","meta":{"footnotes":""},"categories":[2820],"tags":[1111,11,2389,2649,28060,28062,28061,341,1777,674,1011,27,775,6647,12,25,12280,640,4890,4100],"class_list":{"0":"post-151252","1":"post","2":"type-post","3":"status-publish","4":"format-standard","5":"has-post-thumbnail","7":"category-strasbourg","8":"tag-actu","9":"tag-actualites","10":"tag-alsace","11":"tag-bas-rhin","12":"tag-carijou","13":"tag-chantier-insertion","14":"tag-compotes","15":"tag-emploi","16":"tag-eu","17":"tag-europe","18":"tag-fr","19":"tag-france","20":"tag-grand-est","21":"tag-jouets","22":"tag-news","23":"tag-republique-francaise","24":"tag-solidaire","25":"tag-strasbourg","26":"tag-topmusicfrance","27":"tag-vente"},"share_on_mastodon":{"url":"https:\/\/pubeurope.com\/@fr\/114624744993491326","error":""},"_links":{"self":[{"href":"https:\/\/www.europesays.com\/fr\/wp-json\/wp\/v2\/posts\/151252","targetHints":{"allow":["GET"]}}],"collection":[{"href":"https:\/\/www.europesays.com\/fr\/wp-json\/wp\/v2\/posts"}],"about":[{"href":"https:\/\/www.europesays.com\/fr\/wp-json\/wp\/v2\/types\/post"}],"author":[{"embeddable":true,"href":"https:\/\/www.europesays.com\/fr\/wp-json\/wp\/v2\/users\/2"}],"replies":[{"embeddable":true,"href":"https:\/\/www.europesays.com\/fr\/wp-json\/wp\/v2\/comments?post=151252"}],"version-history":[{"count":0,"href":"https:\/\/www.europesays.com\/fr\/wp-json\/wp\/v2\/posts\/151252\/revisions"}],"wp:featuredmedia":[{"embeddable":true,"href":"https:\/\/www.europesays.com\/fr\/wp-json\/wp\/v2\/media\/151253"}],"wp:attachment":[{"href":"https:\/\/www.europesays.com\/fr\/wp-json\/wp\/v2\/media?parent=151252"}],"wp:term":[{"taxonomy":"category","embeddable":true,"href":"https:\/\/www.europesays.com\/fr\/wp-json\/wp\/v2\/categories?post=151252"},{"taxonomy":"post_tag","embeddable":true,"href":"https:\/\/www.europesays.com\/fr\/wp-json\/wp\/v2\/tags?post=151252"}],"curies":[{"name":"wp","href":"https:\/\/api.w.org\/{rel}","templated":true}]}}