{"id":151254,"date":"2025-06-04T10:59:12","date_gmt":"2025-06-04T10:59:12","guid":{"rendered":"https:\/\/www.europesays.com\/fr\/151254\/"},"modified":"2025-06-04T10:59:12","modified_gmt":"2025-06-04T10:59:12","slug":"transports-cantines-voici-les-perturbations-attendues-a-strasbourg","status":"publish","type":"post","link":"https:\/\/www.europesays.com\/fr\/151254\/","title":{"rendered":"transports, cantines&#8230; voici les perturbations attendues \u00e0 Strasbourg"},"content":{"rendered":"<p>            Par<br \/>\n        <strong><br \/>\n            <a href=\"https:\/\/actu.fr\/auteur\/margot-fournie\" title=\"Consulter tous les articles de Margot Fournie\" target=\"_blank\" rel=\"noopener\">Margot Fournie<\/a><br \/>\n        <\/strong><\/p>\n<p>        Publi\u00e9 le<\/p>\n<p>            4 juin 2025 \u00e0 12h28        <\/p>\n<p>Jeudi 5 juin, des <a href=\"https:\/\/actu.fr\/tag\/manifestations\" target=\"_blank\" rel=\"noopener\">manifestations<\/a> auront lieu \u00e0 <a href=\"https:\/\/actu.fr\/grand-est\/metz_57463\/greve-du-5-juin-manifestation-ecoles-bus-voici-les-perturbations-prevues-a-metz_62725822.html\" target=\"_blank\" rel=\"noopener\">Metz<\/a>, partout en France suite \u00e0 un l\u2019appel \u00e0 <a href=\"https:\/\/actu.fr\/societe\/greve-du-5-juin-fonction-publique-sncf-quelles-perturbations-sont-prevues-ce-jeudi_62715471.html\" target=\"_blank\" rel=\"noopener\">la gr\u00e8ve lanc\u00e9 par la CGT<\/a>. Le syndicat veut entre autres que la <a href=\"https:\/\/actu.fr\/tag\/reforme-des-retraites\" target=\"_blank\" rel=\"noopener\">r\u00e9forme des retraites<\/a> soit abrog\u00e9e et que les salaires soient revaloris\u00e9s.<\/p>\n<p class=\" wall-content\">Perturbations dans les transports en commun, cantine : on fait le point sur ce qu\u2019il va se passer \u00e0 <a href=\"https:\/\/actu.fr\/strasbourg\/\" target=\"_blank\" rel=\"noopener\">Strasbourg<\/a>.<\/p>\n<p>Attention aux lignes de tram A, B et D\u00a0<\/p>\n<p class=\" wall-content\">Les lignes de tram A, B, C, D, E et F devraient circuler normalement d\u2019apr\u00e8s la CTS.<\/p>\n<p class=\" wall-content\">Cependant, suite \u00e0 un accident qui s\u2019est produit ce mercredi matin vers 7h40, les <a href=\"https:\/\/actu.fr\/grand-est\/strasbourg_67482\/strasbourg-le-trafic-cts-fortement-perturbe-apres-l-arrachage-d-une-ligne-aerienne-voici-le-detail_62725642.html\" target=\"_blank\" rel=\"noopener\">ligne A et D sont perturb\u00e9es<\/a>. Plusieurs <strong>stations<\/strong> ne sont <strong>pas desservies<\/strong>. Des bus assurent, actuellement, les liaisons. La CTS <strong>n\u2019envisage pas de reprendre le trafic<\/strong> \u00ab\u00a0avant le d\u00e9but de l\u2019exploitation du jeudi 5 juin au plus t\u00f4t.\u00a0\u00bb<\/p>\n<p class=\" wall-content\">Les usagers devront \u00e9galement prendre en compte que \u00ab\u00a0<strong>le tram B<\/strong> sera <strong>interrompu<\/strong> entre les stations Elsau et Lingolsheim Tiergaertel en soir\u00e9e <strong>\u00e0 partir de 21h<\/strong>\u00ab\u00a0, en raison de travaux. Il y aura<strong> des bus de remplacement<\/strong>.<\/p>\n<p>Vid\u00e9os : en ce moment sur ActuDes bus avec des horaires et des fr\u00e9quences modifi\u00e9s<\/p>\n<p class=\" wall-content\">En parlant de bus, des lignes verront <strong>leurs horaires<\/strong> et leurs <strong>fr\u00e9quences alt\u00e9r\u00e9s<\/strong>.\u00a0<\/p>\n<ul class=\" wall-content\">\n<li>La ligne de bus G circulera toutes les 4 \u00e0 8 minutes environ.<\/li>\n<li>La ligne de bus H circulera toutes les 10 \u00e0 12 minutes environ.<\/li>\n<li>La ligne de bus C1 circulera toutes les 7 \u00e0 10 minutes environ.<\/li>\n<li>La ligne de bus C3 circulera toutes les 7 \u00e0 9 minutes environ.<\/li>\n<li>La ligne de bus C6 circulera toutes les 8 \u00e0 10 minutes environ.<\/li>\n<li>La ligne de bus C7 circulera toutes les 7 \u00e0 10 minutes environ entre Baggersee et Neuhof<br \/>Lucie Aubrac. Desserte de Port Autonome Sud toutes les 15 \u00e0 20 minutes environ.<\/li>\n<li>La ligne de bus C8 circulera toutes les 8 \u00e0 10 minutes environ.<\/li>\n<li>La ligne de bus C9 circulera toutes les 8 \u00e0 10 minutes environ entre R\u00e9publique et Fort<br \/>Desaix. Desserte des terminus Hoenheim Gare et Vendenheim Gare toutes les 16 \u00e0 20<br \/>minutes environ.<\/li>\n<li>La ligne de bus 2 circulera toutes les 10 minutes environ entre Jardin des 2 Rives et<br \/>Elmerforst.<\/li>\n<li>La ligne de bus 4\/4a circulera toutes les 8 \u00e0 9 minutes environ entre Comtes et Capucins.<br \/>Desserte de Wolfisheim Stade et Poteries toutes les 18 minutes.<\/li>\n<li>La ligne de bus 10 circulera toutes les 20 minutes environ uniquement dans les sens Gare<br \/>Centrale \u2013 Gallia \u2013 Mus\u00e9e d\u2019Art Moderne \u2013 Gare Centrale.<\/li>\n<li>La ligne de bus 13 circulera toutes les 10 \u00e0 12 minutes environ.<\/li>\n<li>La ligne de bus 15 circulera toutes les 30 minutes environ.<\/li>\n<li>Les lignes de bus 17 et 19 circuleront toutes les 20 minutes environ.<\/li>\n<li>La ligne de bus 29 circulera toutes les 25 minutes environ.<\/li>\n<li>La ligne de bus 30 circulera toutes les 12 minutes environ entre Amp\u00e8re et Robertsau Ste<br \/>Anne. Desserte de Robertsau Chasseurs toutes les 24 minutes environ.<\/li>\n<li>La ligne de bus 40 circulera toutes les 27 minutes environ.<\/li>\n<li>La ligne de bus 50 circulera toutes les 20 minutes environ. Les renforts scolaires<br \/>circuleront normalement.<\/li>\n<li>La ligne de bus 70 circulera toutes les 30 minutes environ.<\/li>\n<\/ul>\n<p>Pas de perturbation SNCF<\/p>\n<p class=\" wall-content\">Toujours au niveau des transports, la <a href=\"https:\/\/actu.fr\/tag\/sncf\" target=\"_blank\" rel=\"noopener\">SNCF<\/a>, jointe par nos soins, indique qu\u2019il n\u2019y aura pas de perturbation particuli\u00e8re en lien avec la gr\u00e8ve du 5 juin.<\/p>\n<p>Situation dans les \u00e9coles primaires<\/p>\n<p class=\" wall-content\">Concernant les cantines scolaires, elles <strong>seront ferm\u00e9es<\/strong>. La Ville de Strasbourg l\u2019a annonc\u00e9 sur son site.\u00a0<\/p>\n<p class=\" wall-content\">Elle pr\u00e9vient que comme \u00ab\u00a0aucun accueil n\u2019\u00e9tant possible entre 12h et 14h, les enfants devront imp\u00e9rativement \u00eatre recherch\u00e9s par un parent ou un repr\u00e9sentant d\u00e9sign\u00e9 sur le formulaire d\u2019inscription au plus tard \u00e0 midi et\/ou 16h30.\u00a0\u00bb<\/p>\n<p class=\" wall-content\">Elle a \u00e9galement indiqu\u00e9 que \u00ab\u00a0les <strong>accueils du matin et du soir<\/strong> et <strong>les ateliers \u00e9ducatifs<\/strong> seront assur\u00e9s dans la mesure du possible.\u00a0\u00bb<\/p>\n<p class=\" wall-content\">Suivez toute l\u2019actualit\u00e9 de vos villes et m\u00e9dias favoris en vous inscrivant \u00e0 <a href=\"https:\/\/moncompte.actu.fr\" title=\"D\u00e9couvez Mon Actu\" rel=\"nofollow noopener\" data-trk=\"{&quot;cta&quot;:{&quot;action&quot;:&quot;https:\\\/\\\/moncompte.actu.fr&quot;,&quot;category&quot;:&quot;mon compte&quot;,&quot;from&quot;:&quot;article footer&quot;,&quot;name&quot;:&quot;Mon actu&quot;,&quot;type&quot;:&quot;cta&quot;}}\" target=\"_blank\">Mon Actu<\/a>.<\/p>\n","protected":false},"excerpt":{"rendered":"Par Margot Fournie Publi\u00e9 le 4 juin 2025 \u00e0 12h28 Jeudi 5 juin, des manifestations auront lieu \u00e0&hellip;\n","protected":false},"author":2,"featured_media":151255,"comment_status":"","ping_status":"","sticky":false,"template":"","format":"standard","meta":{"footnotes":""},"categories":[2820],"tags":[1111,11,7344,1777,674,1011,27,775,6151,12,25,2215,104,640],"class_list":{"0":"post-151254","1":"post","2":"type-post","3":"status-publish","4":"format-standard","5":"has-post-thumbnail","7":"category-strasbourg","8":"tag-actu","9":"tag-actualites","10":"tag-compagnie-des-transports-strasbourgeois-cts","11":"tag-eu","12":"tag-europe","13":"tag-fr","14":"tag-france","15":"tag-grand-est","16":"tag-greve","17":"tag-news","18":"tag-republique-francaise","19":"tag-sncf","20":"tag-societe","21":"tag-strasbourg"},"share_on_mastodon":{"url":"https:\/\/pubeurope.com\/@fr\/114624748849949678","error":""},"_links":{"self":[{"href":"https:\/\/www.europesays.com\/fr\/wp-json\/wp\/v2\/posts\/151254","targetHints":{"allow":["GET"]}}],"collection":[{"href":"https:\/\/www.europesays.com\/fr\/wp-json\/wp\/v2\/posts"}],"about":[{"href":"https:\/\/www.europesays.com\/fr\/wp-json\/wp\/v2\/types\/post"}],"author":[{"embeddable":true,"href":"https:\/\/www.europesays.com\/fr\/wp-json\/wp\/v2\/users\/2"}],"replies":[{"embeddable":true,"href":"https:\/\/www.europesays.com\/fr\/wp-json\/wp\/v2\/comments?post=151254"}],"version-history":[{"count":0,"href":"https:\/\/www.europesays.com\/fr\/wp-json\/wp\/v2\/posts\/151254\/revisions"}],"wp:featuredmedia":[{"embeddable":true,"href":"https:\/\/www.europesays.com\/fr\/wp-json\/wp\/v2\/media\/151255"}],"wp:attachment":[{"href":"https:\/\/www.europesays.com\/fr\/wp-json\/wp\/v2\/media?parent=151254"}],"wp:term":[{"taxonomy":"category","embeddable":true,"href":"https:\/\/www.europesays.com\/fr\/wp-json\/wp\/v2\/categories?post=151254"},{"taxonomy":"post_tag","embeddable":true,"href":"https:\/\/www.europesays.com\/fr\/wp-json\/wp\/v2\/tags?post=151254"}],"curies":[{"name":"wp","href":"https:\/\/api.w.org\/{rel}","templated":true}]}}