{"id":151258,"date":"2025-06-04T11:01:09","date_gmt":"2025-06-04T11:01:09","guid":{"rendered":"https:\/\/www.europesays.com\/fr\/151258\/"},"modified":"2025-06-04T11:01:09","modified_gmt":"2025-06-04T11:01:09","slug":"un-agent-de-securite-blesse-par-un-tir-de-mortier-a-proximite-dun-point-de-deal","status":"publish","type":"post","link":"https:\/\/www.europesays.com\/fr\/151258\/","title":{"rendered":"un agent de s\u00e9curit\u00e9 bless\u00e9 par un tir de mortier \u00e0 proximit\u00e9 d\u2019un point de deal"},"content":{"rendered":"<p>Des individus s\u2019en sont pris \u00e0 des agents de s\u00e9curit\u00e9 r\u00e9sidentielle, d\u00e9ploy\u00e9s depuis plusieurs mois dans un secteur r\u00e9put\u00e9 sensible de l\u2019est de la ville.<\/p>\n<p class=\"fig-paragraph\">Un agent de s\u00e9curit\u00e9 priv\u00e9e a \u00e9t\u00e9 bless\u00e9 par un tir de mortier, mardi soir, \u00e0 proximit\u00e9\u00a0<a href=\"http:\/\/www.lefigaro.fr\/nice\/ca-va-flinguer-a-nice-la-crainte-d-une-importation-de-la-dz-mafia-20250120\" data-fig-type=\"NewsFlash\" data-gtm-custom-categorie=\"navigation\" data-gtm-custom-action=\"crossclick\" data-gtm-custom-label=\"Contextuel\" data-gtm-event=\"customEventSPE\" data-fig-domain=\"LEFIGARO\" rel=\"nofollow noopener\" target=\"_blank\">d\u2019un point de deal dans l\u2019est de Nice<\/a>\u00a0(Alpes-Maritimes), apprend-on de source polici\u00e8re et par la municipalit\u00e9. Des individus dans le secteur r\u00e9put\u00e9 sensible de Fenoglio de Briga s\u2019en sont d\u2019abord pris verbalement \u00e0 un groupe d\u2019agents d\u00e9ploy\u00e9s pour assurer la tranquillit\u00e9 r\u00e9sidentielle, avant de les viser par\u00a0<a href=\"http:\/\/www.lefigaro.fr\/actualite-france\/mortier-d-artifice-de-quoi-parle-t-on-20240318\" data-fig-type=\"Article\" data-gtm-custom-categorie=\"navigation\" data-gtm-custom-action=\"crossclick\" data-gtm-custom-label=\"Contextuel\" data-gtm-event=\"customEventSPE\" data-fig-domain=\"LEFIGARO\" rel=\"nofollow noopener\" target=\"_blank\">des tirs de mortiers d\u2019artifice<\/a>.<\/p>\n<p class=\"fig-paragraph\">L\u2019un d\u2019eux a \u00e9t\u00e9 touch\u00e9 et br\u00fbl\u00e9 au niveau du torse, pr\u00e9cise la police nationale, qui est arriv\u00e9e en renfort sur les lieux. L\u2019agent de 29 ans a \u00e9t\u00e9 pris en charge par les pompiers et transport\u00e9 aux urgences.<\/p>\n<p>\u00abAgression inacceptable\u00bb<\/p>\n<p class=\"fig-paragraph\">Les policiers ne sont pas parvenus \u00e0 proc\u00e9der \u00e0 des interpellations, le groupe s\u2019\u00e9tant rapidement dispers\u00e9. Une enqu\u00eate a \u00e9t\u00e9 ouverte, confi\u00e9e au service local de police judiciaire. \u00abCette agression inacceptable ne peut rester impunie. Que ces voyous sachent que notre d\u00e9termination est intacte et que, sans rel\u00e2che, nous continuerons \u00e0 d\u00e9stabiliser leur trafic et \u00e0 leur pourrir la vie\u00bb, a r\u00e9agi sur son compte X Anthony Borr\u00e9, le premier adjoint charg\u00e9 de la s\u00e9curit\u00e9 de la ville de Nice.<\/p>\n<p class=\"fig-paragraph\">Des agents de s\u00e9curit\u00e9 priv\u00e9e et r\u00e9sidentielle ont \u00e9t\u00e9 d\u00e9ploy\u00e9s depuis plus d\u2019un an par la municipalit\u00e9 et les bailleurs sociaux\u00a0<a href=\"http:\/\/www.lefigaro.fr\/nice\/a-nice-17-agents-de-securite-privee-bientot-deployes-dans-le-quartier-sensible-des-moulins-20231127\" data-fig-type=\"NewsFlash\" data-gtm-custom-categorie=\"navigation\" data-gtm-custom-action=\"crossclick\" data-gtm-custom-label=\"Contextuel\" data-gtm-event=\"customEventSPE\" data-fig-domain=\"LEFIGARO\" rel=\"nofollow noopener\" target=\"_blank\">dans le quartier prioritaire des Moulins<\/a>\u00a0afin d\u2019essayer d\u2019apaiser les tensions tr\u00e8s souvent li\u00e9es au trafic de stup\u00e9fiants. Depuis janvier, de nouveaux agents de la \u00abGaida\u00bb (groupement d\u2019agents interbailleurs contre les d\u00e9sordres et les abus, mais qui signifie aussi \u00abgarde\u00bb en ni\u00e7ois)\u00a0<a href=\"http:\/\/www.lefigaro.fr\/nice\/narcotrafic-apres-plusieurs-fusillades-christian-estrosi-deploie-ses-agents-de-securite-privee-a-l-est-de-nice-20250128\" data-fig-type=\"NewsFlash\" data-gtm-custom-categorie=\"navigation\" data-gtm-custom-action=\"crossclick\" data-gtm-custom-label=\"Contextuel\" data-gtm-event=\"customEventSPE\" data-fig-domain=\"LEFIGARO\" rel=\"nofollow noopener\" target=\"_blank\">sillonnent aussi le secteur de Fenoglio de Briga<\/a>, dans l\u2019est de Nice, o\u00f9 des tensions, fusillades et interpellations sont survenues ces derniers mois. En f\u00e9vrier, un homme avait \u00e9t\u00e9\u00a0<a href=\"http:\/\/www.lefigaro.fr\/nice\/au-lendemain-d-un-reglement-de-comptes-mortel-a-nice-quatre-individus-interpelles-avec-une-kalachnikov-20250203\" data-fig-type=\"NewsFlash\" data-gtm-custom-categorie=\"navigation\" data-gtm-custom-action=\"crossclick\" data-gtm-custom-label=\"Contextuel\" data-gtm-event=\"customEventSPE\" data-fig-domain=\"LEFIGARO\" rel=\"nofollow noopener\" target=\"_blank\">tu\u00e9 par balles<\/a>.<\/p>\n","protected":false},"excerpt":{"rendered":"Des individus s\u2019en sont pris \u00e0 des agents de s\u00e9curit\u00e9 r\u00e9sidentielle, d\u00e9ploy\u00e9s depuis plusieurs mois dans un secteur&hellip;\n","protected":false},"author":2,"featured_media":151259,"comment_status":"","ping_status":"","sticky":false,"template":"","format":"standard","meta":{"footnotes":""},"categories":[2819],"tags":[1111,11,2898,2829,2971,2972,2973,2974,1777,674,2975,1011,27,2969,2970,2987,2980,12,2401,2897,2976,2977,2978,2985,2986,2979,2981,2982,2983,2984,2991,2992,2993,2994,2996,2997,2998,2999,3000,3001,3002,2995,3003,3004,3005,3007,2268,1072,882,25,2988,2989,2990,656,2968,28063,3006],"class_list":{"0":"post-151258","1":"post","2":"type-post","3":"status-publish","4":"format-standard","5":"has-post-thumbnail","7":"category-nice","8":"tag-actu","9":"tag-actualites","10":"tag-alpes-maritimes","11":"tag-baumettes","12":"tag-carabacel","13":"tag-caucade","14":"tag-cimiez","15":"tag-cremat","16":"tag-eu","17":"tag-europe","18":"tag-fabron","19":"tag-fr","20":"tag-france","21":"tag-larenas","22":"tag-lariane","23":"tag-le-ray","24":"tag-lingostiere","25":"tag-news","26":"tag-nice","27":"tag-nice-cote-dazur","28":"tag-nice-gairaut","29":"tag-nice-gambetta","30":"tag-nice-jean-medecin","31":"tag-nice-le-piol","32":"tag-nice-le-port","33":"tag-nice-liberation","34":"tag-nice-magnan","35":"tag-nice-mantega-mont-boron","36":"tag-nice-pasteur","37":"tag-nice-pessicart","38":"tag-nice-rue-de-france","39":"tag-nice-saint-antoine","40":"tag-nice-saint-augustin","41":"tag-nice-saint-isidore","42":"tag-nice-saint-maurice","43":"tag-nice-saint-pancrace","44":"tag-nice-saint-philippe","45":"tag-nice-saint-pierre-de-feric","46":"tag-nice-saint-roch","47":"tag-nice-saint-roman-de-bellet","48":"tag-nice-saint-sylvestre","49":"tag-nice-sainte-marguerite","50":"tag-nice-thiers","51":"tag-nice-ventabrun","52":"tag-nice-vernier","53":"tag-nice-vinaigrier","54":"tag-ogc-nice","55":"tag-police","56":"tag-provence-alpes-cote-dazur","57":"tag-republique-francaise","58":"tag-rimiez","59":"tag-riquier","60":"tag-roquebilliere","61":"tag-securite","62":"tag-sud-est","63":"tag-tirs-de-mortier","64":"tag-vieux-nice"},"share_on_mastodon":{"url":"","error":"Validation failed: Text character limit of 500 exceeded"},"_links":{"self":[{"href":"https:\/\/www.europesays.com\/fr\/wp-json\/wp\/v2\/posts\/151258","targetHints":{"allow":["GET"]}}],"collection":[{"href":"https:\/\/www.europesays.com\/fr\/wp-json\/wp\/v2\/posts"}],"about":[{"href":"https:\/\/www.europesays.com\/fr\/wp-json\/wp\/v2\/types\/post"}],"author":[{"embeddable":true,"href":"https:\/\/www.europesays.com\/fr\/wp-json\/wp\/v2\/users\/2"}],"replies":[{"embeddable":true,"href":"https:\/\/www.europesays.com\/fr\/wp-json\/wp\/v2\/comments?post=151258"}],"version-history":[{"count":0,"href":"https:\/\/www.europesays.com\/fr\/wp-json\/wp\/v2\/posts\/151258\/revisions"}],"wp:featuredmedia":[{"embeddable":true,"href":"https:\/\/www.europesays.com\/fr\/wp-json\/wp\/v2\/media\/151259"}],"wp:attachment":[{"href":"https:\/\/www.europesays.com\/fr\/wp-json\/wp\/v2\/media?parent=151258"}],"wp:term":[{"taxonomy":"category","embeddable":true,"href":"https:\/\/www.europesays.com\/fr\/wp-json\/wp\/v2\/categories?post=151258"},{"taxonomy":"post_tag","embeddable":true,"href":"https:\/\/www.europesays.com\/fr\/wp-json\/wp\/v2\/tags?post=151258"}],"curies":[{"name":"wp","href":"https:\/\/api.w.org\/{rel}","templated":true}]}}