{"id":151262,"date":"2025-06-04T11:03:11","date_gmt":"2025-06-04T11:03:11","guid":{"rendered":"https:\/\/www.europesays.com\/fr\/151262\/"},"modified":"2025-06-04T11:03:11","modified_gmt":"2025-06-04T11:03:11","slug":"la-manifestation-contre-le-gala-reactionnaire-interdite","status":"publish","type":"post","link":"https:\/\/www.europesays.com\/fr\/151262\/","title":{"rendered":"la manifestation contre le gala \u00ab\u00a0r\u00e9actionnaire\u00a0\u00bb interdite"},"content":{"rendered":"<p>            Par<br \/>\n        <strong><br \/>\n            <a href=\"https:\/\/actu.fr\/auteur\/laure-gentil\" title=\"Consulter tous les articles de Laure Gentil\" rel=\"nofollow noopener\" target=\"_blank\">Laure Gentil<\/a><br \/>\n        <\/strong><\/p>\n<p>        Publi\u00e9 le<\/p>\n<p>            4 juin 2025 \u00e0 12h32        <\/p>\n<p>Elle doit avoir lieu demain.<strong> La Nuit du bien commun<\/strong>, un \u00ab\u2009gala caritatif\u2009\u00bb, est organis\u00e9e \u00e0 la <strong>Cit\u00e9 des Congr\u00e8s<\/strong> de <a href=\"https:\/\/actu.fr\/nantes\" rel=\"nofollow noopener\" target=\"_blank\">Nantes<\/a>, ce jeudi 5\u00a0juin 2025, provoquant la col\u00e8re des syndicats, des partis de gauche et de la <strong>mairie de Nantes.<\/strong><\/p>\n<p class=\" wall-content\">L\u2019\u00e9v\u00e8nement, qui se d\u00e9roule aussi dans d\u2019autres villes de France, est port\u00e9 par l\u2019homme d\u2019affaires et exil\u00e9 fiscal <strong>Pierre-\u00c9douard St\u00e9rin<\/strong>, cr\u00e9ateur du projet P\u00e9ricl\u00e8s (Patriotes, Enracin\u00e9s, R\u00e9sistants, Identitaires, Chr\u00e9tiens, Lib\u00e9raux, Europ\u00e9ens, Souverainistes N.D.L.R.) qui a pour but de promouvoir des id\u00e9es d\u2019extr\u00eame droite.<\/p>\n<p class=\" wall-content\">Le pr\u00e9fet de Loire-Atlantique, <strong>Fabrice Rigoulet-Roze<\/strong>, a sign\u00e9 <a href=\"https:\/\/www.loire-atlantique.gouv.fr\/contenu\/telechargement\/67850\/491003\/file\/RAA%20n%C2%B0093%20du%2003%20juin%202025.pdf\" rel=\"nofollow noopener\" target=\"_blank\">un arr\u00eat\u00e9 mardi 3\u00a0juin pour interdire toute manifestation autour de la Cit\u00e9 des Congr\u00e8s<\/a>, en raison d\u2019un \u00ab\u2009risque de trouble grave \u00e0 l\u2019ordre public\u2009\u00bb et de la pr\u00e9sence \u00ab\u2009[d\u2019] opposants au nombre de 400 \u00e0 800, dont 150 \u00e0 200 militants formant un groupe \u00e0 risque a minima\u2009\u00bb.<\/p>\n<p>\u00ab\u2009Une offensive id\u00e9ologique r\u00e9actionnaire\u2009\u00bb<\/p>\n<p class=\" wall-content\">Ils sont<strong> plusieurs syndicats<\/strong> et <strong>partis politiques<\/strong> \u00e0 vouloir manifester, comme entre autres, la CGT, FSU, Solidaires, l\u2019Union Pirate ou encore La France Insoumise, Les \u00c9cologistes, Place Publique ou Alternatiba, Attac et le GIGNV.<\/p>\n<p class=\" wall-content\">Dans un <strong>communiqu\u00e9 commun<\/strong>, ils d\u00e9noncent La Nuit du bien commun qui \u00ab\u2009sous couvert de bonne volont\u00e9 et de g\u00e9n\u00e9rosit\u00e9 [\u2026] repr\u00e9sente une offensive id\u00e9ologique r\u00e9actionnaire, contraire aux valeurs r\u00e9publicaines et aux principes de justice sociale\u2009\u00bb et donnent rendez-vous pour <strong>manifester \u00e0 17h au rond-point pr\u00e8s des ponts Tbilissi et Aristide Briand<\/strong>.<\/p>\n<p>Vid\u00e9os : en ce moment sur Actu<\/p>\n<blockquote class=\"ac-article-quote wall-content\">\n<p>Le projet P\u00e9ricl\u00e8s n\u2019a rien d\u2019anodin : il s\u2019agit de former une \u00e9lite catholique ultra-conservatrice destin\u00e9e \u00e0 influencer durablement les institutions publiques, les entreprises, les m\u00e9dias. Les valeurs qu\u2019il promeut sont clairement anti-\u00e9galitaires : opposition aux droits des femmes, rejet des personnes LGBTQIA+, d\u00e9fense d\u2019un ordre social fig\u00e9, confessionnel, autoritaire. Il s\u2019inscrit dans une tradition contre-r\u00e9volutionnaire qui tourne le dos \u00e0 la R\u00e9publique, \u00e0 la d\u00e9mocratie, \u00e0 l\u2019\u00e9mancipation des individus.\n<\/p>\n<p>    <strong>Communiqu\u00e9 des organisateurs de la manifestation<\/strong>\n            <\/p><\/blockquote>\n<p class=\" wall-content\"><strong>Johanna Rolland<\/strong>, la maire de Nantes, <a href=\"https:\/\/www.lemonde.fr\/idees\/article\/2025\/05\/18\/face-au-projet-reactionnaire-de-pierre-edouard-sterin-notre-bien-commun-restera-l-egalite_6606926_3232.html\" rel=\"nofollow noopener\" target=\"_blank\">a sign\u00e9 de son c\u00f4t\u00e9 une tribune dans Le Monde pour exprimer alerter sur le message v\u00e9hicul\u00e9 par le milliardaire au travers de ces galas.<\/a><\/p>\n<p class=\" wall-content\">La Nuit du bien commun a su trouver des d\u00e9fenseurs aupr\u00e8s des membres de la droite nantaise. <a href=\"https:\/\/actu.fr\/pays-de-la-loire\/nantes_44109\/municipales-2026-a-nantes-foulques-chombart-de-lauwe-appelle-a-virer-johanna-rolland_62193514.html\" rel=\"nofollow noopener\" target=\"_blank\">Foulques Chombart de Lawe, candidat aux municipales de 2026,<\/a> se dit \u00ab\u2009fier d\u2019y participer\u2009\u00bb sur le r\u00e9seau social X.<\/p>\n<p class=\" wall-content\">\n<p class=\" wall-content\">La pr\u00e9sidente de la r\u00e9gion Pays de la Loire, <strong>Christelle Moran\u00e7ais<\/strong> a elle aussi exprim\u00e9 son soutien.<\/p>\n<p class=\" wall-content\">Suivez toute l\u2019actualit\u00e9 de vos villes et m\u00e9dias favoris en vous inscrivant \u00e0 <a href=\"https:\/\/moncompte.actu.fr\" title=\"D\u00e9couvez Mon Actu\" rel=\"nofollow noopener\" data-trk=\"{&quot;cta&quot;:{&quot;action&quot;:&quot;https:\\\/\\\/moncompte.actu.fr&quot;,&quot;category&quot;:&quot;mon compte&quot;,&quot;from&quot;:&quot;article footer&quot;,&quot;name&quot;:&quot;Mon actu&quot;,&quot;type&quot;:&quot;cta&quot;}}\" target=\"_blank\">Mon Actu<\/a>.<\/p>\n<ul class=\"ac-article-tag wall-content\">\n<li><a href=\"https:\/\/actu.fr\/tag\/extreme-droite\" data-trk=\"{&quot;cta&quot;:{&quot;action&quot;:&quot;Extr\\u00eame droite&quot;,&quot;category&quot;:&quot;tag&quot;,&quot;from&quot;:&quot;article footer&quot;,&quot;name&quot;:&quot;Extr\\u00eame droite&quot;,&quot;type&quot;:&quot;cta&quot;}}\" rel=\"nofollow noopener\" target=\"_blank\">#Extr\u00eame droite<\/a><\/li>\n<li><a href=\"https:\/\/actu.fr\/tag\/manifestations\" data-trk=\"{&quot;cta&quot;:{&quot;action&quot;:&quot;Manifestations&quot;,&quot;category&quot;:&quot;tag&quot;,&quot;from&quot;:&quot;article footer&quot;,&quot;name&quot;:&quot;Manifestations&quot;,&quot;type&quot;:&quot;cta&quot;}}\" rel=\"nofollow noopener\" target=\"_blank\">#Manifestations<\/a><\/li>\n<\/ul>\n","protected":false},"excerpt":{"rendered":"Par Laure Gentil Publi\u00e9 le 4 juin 2025 \u00e0 12h32 Elle doit avoir lieu demain. La Nuit du&hellip;\n","protected":false},"author":2,"featured_media":151263,"comment_status":"","ping_status":"","sticky":false,"template":"","format":"standard","meta":{"footnotes":""},"categories":[2818],"tags":[1111,11,1777,674,1076,1011,27,1272,766,12,2636,25,104],"class_list":{"0":"post-151262","1":"post","2":"type-post","3":"status-publish","4":"format-standard","5":"has-post-thumbnail","7":"category-nantes","8":"tag-actu","9":"tag-actualites","10":"tag-eu","11":"tag-europe","12":"tag-extreme-droite","13":"tag-fr","14":"tag-france","15":"tag-manifestations","16":"tag-nantes","17":"tag-news","18":"tag-pays-de-la-loire","19":"tag-republique-francaise","20":"tag-societe"},"share_on_mastodon":{"url":"https:\/\/pubeurope.com\/@fr\/114624764700680966","error":""},"_links":{"self":[{"href":"https:\/\/www.europesays.com\/fr\/wp-json\/wp\/v2\/posts\/151262","targetHints":{"allow":["GET"]}}],"collection":[{"href":"https:\/\/www.europesays.com\/fr\/wp-json\/wp\/v2\/posts"}],"about":[{"href":"https:\/\/www.europesays.com\/fr\/wp-json\/wp\/v2\/types\/post"}],"author":[{"embeddable":true,"href":"https:\/\/www.europesays.com\/fr\/wp-json\/wp\/v2\/users\/2"}],"replies":[{"embeddable":true,"href":"https:\/\/www.europesays.com\/fr\/wp-json\/wp\/v2\/comments?post=151262"}],"version-history":[{"count":0,"href":"https:\/\/www.europesays.com\/fr\/wp-json\/wp\/v2\/posts\/151262\/revisions"}],"wp:featuredmedia":[{"embeddable":true,"href":"https:\/\/www.europesays.com\/fr\/wp-json\/wp\/v2\/media\/151263"}],"wp:attachment":[{"href":"https:\/\/www.europesays.com\/fr\/wp-json\/wp\/v2\/media?parent=151262"}],"wp:term":[{"taxonomy":"category","embeddable":true,"href":"https:\/\/www.europesays.com\/fr\/wp-json\/wp\/v2\/categories?post=151262"},{"taxonomy":"post_tag","embeddable":true,"href":"https:\/\/www.europesays.com\/fr\/wp-json\/wp\/v2\/tags?post=151262"}],"curies":[{"name":"wp","href":"https:\/\/api.w.org\/{rel}","templated":true}]}}