{"id":151272,"date":"2025-06-04T11:08:08","date_gmt":"2025-06-04T11:08:08","guid":{"rendered":"https:\/\/www.europesays.com\/fr\/151272\/"},"modified":"2025-06-04T11:08:08","modified_gmt":"2025-06-04T11:08:08","slug":"la-mairie-de-lille-recrute-en-juin","status":"publish","type":"post","link":"https:\/\/www.europesays.com\/fr\/151272\/","title":{"rendered":"la mairie de Lille recrute en juin"},"content":{"rendered":"<p>            Par<br \/>\n        <strong><br \/>\n            <a href=\"https:\/\/actu.fr\/auteur\/margot-nicodeme\" title=\"Consulter tous les articles de Margot Nicod\u00e8me\" rel=\"nofollow noopener\" target=\"_blank\">Margot Nicod\u00e8me<\/a><br \/>\n        <\/strong><\/p>\n<p>        Publi\u00e9 le<\/p>\n<p>            4 juin 2025 \u00e0 12h50        <\/p>\n<p>Nouvelle vague de recrutement, au sein de la mairie de <a href=\"https:\/\/actu.fr\/hauts-de-france\/lille_59350\" rel=\"nofollow noopener\" target=\"_blank\">Lille<\/a> (Nord). Des<b>\u00a0annonces de postes \u00e0 pourvoir <\/b>en ce mois de <b>juin\u00a02025<\/b> ont \u00e9t\u00e9 mises en ligne. Jobs permanents, CDD, apprentissage, insertion\u2009: l\u2019offre se compose de <b>14 missions vari\u00e9es<\/b>. S\u00e9curit\u00e9, entretien, aide \u00e0 la personne\u2026 Les voici, dans le d\u00e9tail.<\/p>\n<p>La Ville de Lille recrute sur 14 postes en juin\u00a02025<\/p>\n<p class=\" wall-content\">Les <b>postes permanents<\/b> sont les plus nombreux.<\/p>\n<ul class=\" wall-content\">\n<li>Instructeur du droit des sols<\/li>\n<li>Policier municipal \u2013 chef de l\u2019unit\u00e9 de nuit<\/li>\n<li>Coordinateur de la Cit\u00e9 \u00e9ducative Sud de Lille<\/li>\n<li>Charg\u00e9 de mission ing\u00e9nierie financi\u00e8re des Feder et du Paprica li\u00e9s aux carri\u00e8res souterraines<\/li>\n<li>Maitre-nageur sauveteur<\/li>\n<li>Auxiliaire de pu\u00e9riculture<\/li>\n<\/ul>\n<p class=\" wall-content\">Postes en <b>CDD\u2009:<\/b><\/p>\n<ul class=\" wall-content\">\n<li>Agent de s\u00e9curit\u00e9 au mus\u00e9e de l\u2019Hospice Comtesse<\/li>\n<li>Homme de pied<\/li>\n<li>Directeur ACM vacances scolaires<\/li>\n<\/ul>\n<p>Vid\u00e9os : en ce moment sur Actu<\/p>\n<p class=\" wall-content\"><b>Apprentissage<\/b><\/p>\n<ul class=\" wall-content\">\n<li>Jardinier<\/li>\n<li>Apprenti \u00e9co-jardinier (h\/f)<\/li>\n<li>Apprenti \u00e9lectricien (h\/f)<\/li>\n<\/ul>\n<p class=\" wall-content\"><b>Insertion<\/b><\/p>\n<ul class=\" wall-content\">\n<li>Agent de nettoiement des espaces publics<\/li>\n<li>Agent d\u2019entretien et aide \u00e0 la personne<\/li>\n<\/ul>\n<p class=\" wall-content\">Pour candidater, rendez-vous <a href=\"https:\/\/www.lille.fr\/Actualites\/Lille-recrute-en-juin\" rel=\"nofollow noopener\" target=\"_blank\">sur le site de la mairie<\/a>. Cliquez sur l\u2019offre qui vous int\u00e9resse et remplissez le formulaire.<\/p>\n<p class=\" wall-content\">Suivez toute l\u2019actualit\u00e9 de vos villes et m\u00e9dias favoris en vous inscrivant \u00e0 <a href=\"https:\/\/moncompte.actu.fr\" title=\"D\u00e9couvez Mon Actu\" rel=\"nofollow noopener\" data-trk=\"{&quot;cta&quot;:{&quot;action&quot;:&quot;https:\\\/\\\/moncompte.actu.fr&quot;,&quot;category&quot;:&quot;mon compte&quot;,&quot;from&quot;:&quot;article footer&quot;,&quot;name&quot;:&quot;Mon actu&quot;,&quot;type&quot;:&quot;cta&quot;}}\" target=\"_blank\">Mon Actu<\/a>.<\/p>\n","protected":false},"excerpt":{"rendered":"Par Margot Nicod\u00e8me Publi\u00e9 le 4 juin 2025 \u00e0 12h50 Nouvelle vague de recrutement, au sein de la&hellip;\n","protected":false},"author":2,"featured_media":151273,"comment_status":"","ping_status":"","sticky":false,"template":"","format":"standard","meta":{"footnotes":""},"categories":[2815],"tags":[1111,11,33,341,1777,674,1011,27,811,1307,12,25],"class_list":{"0":"post-151272","1":"post","2":"type-post","3":"status-publish","4":"format-standard","5":"has-post-thumbnail","7":"category-lille","8":"tag-actu","9":"tag-actualites","10":"tag-economie","11":"tag-emploi","12":"tag-eu","13":"tag-europe","14":"tag-fr","15":"tag-france","16":"tag-hauts-de-france","17":"tag-lille","18":"tag-news","19":"tag-republique-francaise"},"share_on_mastodon":{"url":"https:\/\/pubeurope.com\/@fr\/114624784744484221","error":""},"_links":{"self":[{"href":"https:\/\/www.europesays.com\/fr\/wp-json\/wp\/v2\/posts\/151272","targetHints":{"allow":["GET"]}}],"collection":[{"href":"https:\/\/www.europesays.com\/fr\/wp-json\/wp\/v2\/posts"}],"about":[{"href":"https:\/\/www.europesays.com\/fr\/wp-json\/wp\/v2\/types\/post"}],"author":[{"embeddable":true,"href":"https:\/\/www.europesays.com\/fr\/wp-json\/wp\/v2\/users\/2"}],"replies":[{"embeddable":true,"href":"https:\/\/www.europesays.com\/fr\/wp-json\/wp\/v2\/comments?post=151272"}],"version-history":[{"count":0,"href":"https:\/\/www.europesays.com\/fr\/wp-json\/wp\/v2\/posts\/151272\/revisions"}],"wp:featuredmedia":[{"embeddable":true,"href":"https:\/\/www.europesays.com\/fr\/wp-json\/wp\/v2\/media\/151273"}],"wp:attachment":[{"href":"https:\/\/www.europesays.com\/fr\/wp-json\/wp\/v2\/media?parent=151272"}],"wp:term":[{"taxonomy":"category","embeddable":true,"href":"https:\/\/www.europesays.com\/fr\/wp-json\/wp\/v2\/categories?post=151272"},{"taxonomy":"post_tag","embeddable":true,"href":"https:\/\/www.europesays.com\/fr\/wp-json\/wp\/v2\/tags?post=151272"}],"curies":[{"name":"wp","href":"https:\/\/api.w.org\/{rel}","templated":true}]}}