{"id":151282,"date":"2025-06-04T11:13:09","date_gmt":"2025-06-04T11:13:09","guid":{"rendered":"https:\/\/www.europesays.com\/fr\/151282\/"},"modified":"2025-06-04T11:13:09","modified_gmt":"2025-06-04T11:13:09","slug":"la-billetterie-ouvre-ce-jeudi","status":"publish","type":"post","link":"https:\/\/www.europesays.com\/fr\/151282\/","title":{"rendered":"la billetterie ouvre ce jeudi"},"content":{"rendered":"<p>Et de quatre pour Zaho de Sagazan. Apr\u00e8s une premi\u00e8re date <a href=\"https:\/\/www.leprogres.fr\/culture-loisirs\/2025\/05\/03\/le-premier-voyage-symphonique-de-zaho-de-sagazan-a-l-auditorium\" target=\"_blank\" rel=\"nofollow noopener\">en mai dernier \u00e0 l\u2019Auditorium<\/a> , l\u2019artiste avait programm\u00e9 deux nouveaux concerts symphoniques aux c\u00f4t\u00e9s de l\u2019Orchestre national de Lyon les 30 et 31\u00a0octobre.<\/p>\n<p>Ils ont affich\u00e9 complet en un rien de temps mais une nouvelle chance se profile pour les amateurs de la chanteuse. Un autre concert vient d\u2019\u00eatre programm\u00e9 pour le 29\u00a0octobre. L\u2019ouverture de la billetterie aura lieu ce jeudi 5\u00a0juin \u00e0 midi, exclusivement sur le web, avec un maximum de 4 places par commande. Le premier concert lyonnais sera diffus\u00e9 cet automne par la cha\u00eene Arte.<\/p>\n<p class=\"note\">Nouvelle date le 29\u00a0octobre \u00e0 20 heures \u00e0 l\u2019Auditorium (Lyon 3e). Tarifs de 37 \u00e0 53\u00a0euros. <a href=\"https:\/\/www.auditorium-lyon.com\" target=\"_blank\" rel=\"nofollow noopener\">www.auditorium-lyon.com<\/a><\/p>\n","protected":false},"excerpt":{"rendered":"Et de quatre pour Zaho de Sagazan. Apr\u00e8s une premi\u00e8re date en mai dernier \u00e0 l\u2019Auditorium , l\u2019artiste&hellip;\n","protected":false},"author":2,"featured_media":151283,"comment_status":"","ping_status":"","sticky":false,"template":"","format":"standard","meta":{"footnotes":""},"categories":[1889],"tags":[1111,11,2430,1687,2757,1777,674,107,1011,27,2428,2756,873,12,25,2429],"class_list":{"0":"post-151282","1":"post","2":"type-post","3":"status-publish","4":"format-standard","5":"has-post-thumbnail","7":"category-lyon","8":"tag-actu","9":"tag-actualites","10":"tag-auvergne-rhone-alpes","11":"tag-culture-loisirs","12":"tag-edition-lyon-villeurbanne","13":"tag-eu","14":"tag-europe","15":"tag-fil-info","16":"tag-fr","17":"tag-france","18":"tag-lyon","19":"tag-lyon-bassin","20":"tag-musique","21":"tag-news","22":"tag-republique-francaise","23":"tag-rhone"},"share_on_mastodon":{"url":"https:\/\/pubeurope.com\/@fr\/114624803806316649","error":""},"_links":{"self":[{"href":"https:\/\/www.europesays.com\/fr\/wp-json\/wp\/v2\/posts\/151282","targetHints":{"allow":["GET"]}}],"collection":[{"href":"https:\/\/www.europesays.com\/fr\/wp-json\/wp\/v2\/posts"}],"about":[{"href":"https:\/\/www.europesays.com\/fr\/wp-json\/wp\/v2\/types\/post"}],"author":[{"embeddable":true,"href":"https:\/\/www.europesays.com\/fr\/wp-json\/wp\/v2\/users\/2"}],"replies":[{"embeddable":true,"href":"https:\/\/www.europesays.com\/fr\/wp-json\/wp\/v2\/comments?post=151282"}],"version-history":[{"count":0,"href":"https:\/\/www.europesays.com\/fr\/wp-json\/wp\/v2\/posts\/151282\/revisions"}],"wp:featuredmedia":[{"embeddable":true,"href":"https:\/\/www.europesays.com\/fr\/wp-json\/wp\/v2\/media\/151283"}],"wp:attachment":[{"href":"https:\/\/www.europesays.com\/fr\/wp-json\/wp\/v2\/media?parent=151282"}],"wp:term":[{"taxonomy":"category","embeddable":true,"href":"https:\/\/www.europesays.com\/fr\/wp-json\/wp\/v2\/categories?post=151282"},{"taxonomy":"post_tag","embeddable":true,"href":"https:\/\/www.europesays.com\/fr\/wp-json\/wp\/v2\/tags?post=151282"}],"curies":[{"name":"wp","href":"https:\/\/api.w.org\/{rel}","templated":true}]}}