{"id":151284,"date":"2025-06-04T11:14:09","date_gmt":"2025-06-04T11:14:09","guid":{"rendered":"https:\/\/www.europesays.com\/fr\/151284\/"},"modified":"2025-06-04T11:14:09","modified_gmt":"2025-06-04T11:14:09","slug":"le-rer-e-interrompu-apres-la-rupture-dune-conduite-deau-dans-le-tunnel-causee-par-un-forage","status":"publish","type":"post","link":"https:\/\/www.europesays.com\/fr\/151284\/","title":{"rendered":"le RER E interrompu apr\u00e8s la \u00abrupture d\u2019une conduite d\u2019eau dans le tunnel\u00bb caus\u00e9e par \u00abun forage\u00bb"},"content":{"rendered":"<p>Dans le d\u00e9tail, le trafic est interrompu \u00abentre Nanterre la Folie et Rosa Parks jusqu\u2019\u00e0 13h et perturb\u00e9 sur le reste de la ligne\u00bb, indique la r\u00e9gie.<\/p>\n<p class=\"fig-paragraph\">Les habitu\u00e9s du\u00a0<a href=\"http:\/\/www.lefigaro.fr\/conjoncture\/pourquoi-le-rer-e-rencontre-t-il-autant-de-dysfonctionnements-20250218\" data-fig-type=\"NewsFlash\" data-gtm-custom-categorie=\"navigation\" data-gtm-custom-action=\"crossclick\" data-gtm-custom-label=\"Contextuel\" data-gtm-event=\"customEventSPE\" data-fig-domain=\"LEFIGARO\" rel=\"nofollow noopener\" target=\"_blank\">RER E<\/a>\u00a0vont devoir faire preuve de patience. Ce mercredi 4 juin, ce r\u00e9seau francilien qui relie Nanterre-la-Folie au centre de Paris avant de continuer vers Chelles Gournay ou Tournan-en-Brie est fortement perturb\u00e9, annonce la RATP. De quoi entra\u00eener un d\u00e9but de journ\u00e9e difficile pour les voyageurs.<\/p>\n<p class=\"fig-paragraph\">Dans le d\u00e9tail, le trafic est interrompu \u00abentre Nanterre la Folie et Rosa Parks jusqu\u2019\u00e0 13h et perturb\u00e9 sur le reste de la ligne\u00bb, indique la r\u00e9gie. \u00abLes trains en provenance de Paris Est et en direction de Tournan sont omnibus [&#8230;]. Les trains de l\u2019axe Villiers sont supprim\u00e9s. Les trains de l\u2019axe Chelles sont au d\u00e9part et \u00e0 l\u2019arriv\u00e9e de Paris Est avec une fr\u00e9quence d\u2019un train sur deux\u00bb, ajoute l\u2019entreprise.<\/p>\n<p class=\"fig-paragraph\">Ces difficult\u00e9s ont \u00e9t\u00e9 engendr\u00e9es par un chantier ext\u00e9rieur, a pr\u00e9cis\u00e9 la SNCF dans un message sur X, incriminant le \u00abforage d\u2019une entreprise ext\u00e9rieure ayant occasionn\u00e9 la rupture d\u2019une conduite d\u2019eau dans le tunnel\u00bb. \u00abL\u2019incident en cause est \u00e0 la suite d\u2019un chantier externe dans un h\u00f4pital, des d\u00e9g\u00e2ts ont \u00e9t\u00e9 caus\u00e9s aux installations \u00e9lectriques\u00bb, a-t-elle ensuite ajout\u00e9. \u00c0 la mi-journ\u00e9e, le compte X de la ligne a pr\u00e9cis\u00e9 que les \u00ab\u00e9vacuations des voyageurs dans le tunnel sont termin\u00e9es. Les agents cat\u00e9naires de SNCF R\u00e9seau proc\u00e8dent au diagnostic des d\u00e9g\u00e2ts et \u00e0 la s\u00e9curisation des voies\u00bb.<\/p>\n<p class=\"fig-paragraph\">La SNCF sugg\u00e8re aux voyageurs de guetter les \u00e9crans dans les gares, qui sont mis \u00e0 jour progressivement. Les usagers qui le peuvent sont invit\u00e9s \u00e0 emprunter d\u2019autres moyens de transport, ou \u00e0 reporter leur trajet.<\/p>\n","protected":false},"excerpt":{"rendered":"Dans le d\u00e9tail, le trafic est interrompu \u00abentre Nanterre la Folie et Rosa Parks jusqu\u2019\u00e0 13h et perturb\u00e9&hellip;\n","protected":false},"author":2,"featured_media":151285,"comment_status":"","ping_status":"","sticky":false,"template":"","format":"standard","meta":{"footnotes":""},"categories":[1592],"tags":[1111,11,1117,130,7064,1777,674,638,1011,27,662,1116,342,639,12,626,2551,1118,25,12396,137],"class_list":{"0":"post-151284","1":"post","2":"type-post","3":"status-publish","4":"format-standard","5":"has-post-thumbnail","7":"category-ile-de-france","8":"tag-actu","9":"tag-actualites","10":"tag-assurance","11":"tag-consommation","12":"tag-consommer","13":"tag-eu","14":"tag-europe","15":"tag-figaro","16":"tag-fr","17":"tag-france","18":"tag-ile-de-france","19":"tag-immobilier","20":"tag-impots","21":"tag-le-figaro","22":"tag-news","23":"tag-paris","24":"tag-patrimoine","25":"tag-placement","26":"tag-republique-francaise","27":"tag-rer","28":"tag-retraite"},"share_on_mastodon":{"url":"https:\/\/pubeurope.com\/@fr\/114624807787847438","error":""},"_links":{"self":[{"href":"https:\/\/www.europesays.com\/fr\/wp-json\/wp\/v2\/posts\/151284","targetHints":{"allow":["GET"]}}],"collection":[{"href":"https:\/\/www.europesays.com\/fr\/wp-json\/wp\/v2\/posts"}],"about":[{"href":"https:\/\/www.europesays.com\/fr\/wp-json\/wp\/v2\/types\/post"}],"author":[{"embeddable":true,"href":"https:\/\/www.europesays.com\/fr\/wp-json\/wp\/v2\/users\/2"}],"replies":[{"embeddable":true,"href":"https:\/\/www.europesays.com\/fr\/wp-json\/wp\/v2\/comments?post=151284"}],"version-history":[{"count":0,"href":"https:\/\/www.europesays.com\/fr\/wp-json\/wp\/v2\/posts\/151284\/revisions"}],"wp:featuredmedia":[{"embeddable":true,"href":"https:\/\/www.europesays.com\/fr\/wp-json\/wp\/v2\/media\/151285"}],"wp:attachment":[{"href":"https:\/\/www.europesays.com\/fr\/wp-json\/wp\/v2\/media?parent=151284"}],"wp:term":[{"taxonomy":"category","embeddable":true,"href":"https:\/\/www.europesays.com\/fr\/wp-json\/wp\/v2\/categories?post=151284"},{"taxonomy":"post_tag","embeddable":true,"href":"https:\/\/www.europesays.com\/fr\/wp-json\/wp\/v2\/tags?post=151284"}],"curies":[{"name":"wp","href":"https:\/\/api.w.org\/{rel}","templated":true}]}}