{"id":151286,"date":"2025-06-04T11:15:08","date_gmt":"2025-06-04T11:15:08","guid":{"rendered":"https:\/\/www.europesays.com\/fr\/151286\/"},"modified":"2025-06-04T11:15:08","modified_gmt":"2025-06-04T11:15:08","slug":"laicite-liberte-dexpression-comment-un-concours-de-caricatures-fait-reflechir-les-ados-en-ile-de-france","status":"publish","type":"post","link":"https:\/\/www.europesays.com\/fr\/151286\/","title":{"rendered":"La\u00efcit\u00e9, libert\u00e9 d\u2019expression\u2026 Comment un concours de caricatures fait r\u00e9fl\u00e9chir les ados en \u00cele-de-France"},"content":{"rendered":"<p class=\"paragraph text_align_left\">\u00ab Il y a une diff\u00e9rence entre la caricature et la provocation. La premi\u00e8re est l\u00e0 pour nous faire sourire et r\u00e9fl\u00e9chir, la seconde provoque la col\u00e8re. \u00bb Du haut de ses 15 ans, Octave, en seconde au lyc\u00e9e Louis-Bascan, \u00e0 Rambouillet (Yvelines), l\u2019un des plus important d\u2019\u00cele-de-France avec 2 500 \u00e9l\u00e8ves, semble avoir saisi les subtilit\u00e9s de la libert\u00e9 d\u2019expression. Tout comme nombre de ses camarades, en regardant un dessin r\u00e9alis\u00e9 par Camila, \u00e9l\u00e8ve en premi\u00e8re au lyc\u00e9e Jeanne-d\u2019Albret \u00e0 Saint-Germain-en-Laye (Yvelines), sur le th\u00e8me de la lutte contre la d\u00e9sinformation. Une r\u00e9alisation d\u00e9sign\u00e9e ce mercredi grande gagnante du concours r\u00e9gional de dessin de presse organis\u00e9 par la r\u00e9gion \u00cele-de-France.<\/p>\n","protected":false},"excerpt":{"rendered":"\u00ab Il y a une diff\u00e9rence entre la caricature et la provocation. La premi\u00e8re est l\u00e0 pour nous&hellip;\n","protected":false},"author":2,"featured_media":151287,"comment_status":"","ping_status":"","sticky":false,"template":"","format":"standard","meta":{"footnotes":""},"categories":[1592],"tags":[1111,11,1777,674,1011,27,662,1944,12,626,25,104,1938],"class_list":{"0":"post-151286","1":"post","2":"type-post","3":"status-publish","4":"format-standard","5":"has-post-thumbnail","7":"category-ile-de-france","8":"tag-actu","9":"tag-actualites","10":"tag-eu","11":"tag-europe","12":"tag-fr","13":"tag-france","14":"tag-ile-de-france","15":"tag-ma-ville","16":"tag-news","17":"tag-paris","18":"tag-republique-francaise","19":"tag-societe","20":"tag-yvelines"},"share_on_mastodon":{"url":"https:\/\/pubeurope.com\/@fr\/114624811759413701","error":""},"_links":{"self":[{"href":"https:\/\/www.europesays.com\/fr\/wp-json\/wp\/v2\/posts\/151286","targetHints":{"allow":["GET"]}}],"collection":[{"href":"https:\/\/www.europesays.com\/fr\/wp-json\/wp\/v2\/posts"}],"about":[{"href":"https:\/\/www.europesays.com\/fr\/wp-json\/wp\/v2\/types\/post"}],"author":[{"embeddable":true,"href":"https:\/\/www.europesays.com\/fr\/wp-json\/wp\/v2\/users\/2"}],"replies":[{"embeddable":true,"href":"https:\/\/www.europesays.com\/fr\/wp-json\/wp\/v2\/comments?post=151286"}],"version-history":[{"count":0,"href":"https:\/\/www.europesays.com\/fr\/wp-json\/wp\/v2\/posts\/151286\/revisions"}],"wp:featuredmedia":[{"embeddable":true,"href":"https:\/\/www.europesays.com\/fr\/wp-json\/wp\/v2\/media\/151287"}],"wp:attachment":[{"href":"https:\/\/www.europesays.com\/fr\/wp-json\/wp\/v2\/media?parent=151286"}],"wp:term":[{"taxonomy":"category","embeddable":true,"href":"https:\/\/www.europesays.com\/fr\/wp-json\/wp\/v2\/categories?post=151286"},{"taxonomy":"post_tag","embeddable":true,"href":"https:\/\/www.europesays.com\/fr\/wp-json\/wp\/v2\/tags?post=151286"}],"curies":[{"name":"wp","href":"https:\/\/api.w.org\/{rel}","templated":true}]}}