{"id":151296,"date":"2025-06-04T11:20:10","date_gmt":"2025-06-04T11:20:10","guid":{"rendered":"https:\/\/www.europesays.com\/fr\/151296\/"},"modified":"2025-06-04T11:20:10","modified_gmt":"2025-06-04T11:20:10","slug":"la-somalie-souhaite-relancer-et-renforcer-ses-relations-avec-la-russie","status":"publish","type":"post","link":"https:\/\/www.europesays.com\/fr\/151296\/","title":{"rendered":"La Somalie souhaite relancer et renforcer ses relations avec la Russie"},"content":{"rendered":"<p>&#13;<br \/>\n                        La Somalie souhaite relancer et renforcer ses relations avec la Russie&#13;\n                    <\/p>\n<p style=\"text-align:\">La Somalie entend relancer et renforcer ses liens historiques avec la Russie, tout en d\u00e9veloppant une coop\u00e9ration active dans les domaines de l\u2019\u00e9conomie, du commerce et de l\u2019\u00e9ducation, a d\u00e9clar\u00e9 le pr\u00e9sident du S\u00e9nat somalien (Chambre haute du parlement f\u00e9d\u00e9ral), Abdi Hashi Abdullahi, lors de son intervention devant le Conseil de la F\u00e9d\u00e9ration (Chambre haute du parlement russe).<\/p>\n<p><a href=\"https:\/\/lecourrier.vn\/la-fao-accorde-25-millions-dusd-pour-ameliorer-la-securite-alimentaire-en-somalie\/1264193.html\" title=\"La FAO accorde 25 millions d&#039;USD pour am\u00e9liorer la s\u00e9curit\u00e9 alimentaire en Somalie\" rel=\"nofollow noopener\" target=\"_blank\">&gt;&gt; La FAO accorde 25 millions d&rsquo;USD pour am\u00e9liorer la s\u00e9curit\u00e9 alimentaire en Somalie<\/a><\/p>\n<p><a href=\"https:\/\/lecourrier.vn\/lonu-fournira-286-millions-dusd-daide-humanitaire-pour-la-somalie\/1267629.html\" title=\"L&#039;ONU fournira 28,6 millions d&#039;USD d&#039;aide humanitaire pour la Somalie\" rel=\"nofollow noopener\" target=\"_blank\">&gt;&gt; L&rsquo;ONU fournira 28,6 millions d&rsquo;USD d&rsquo;aide humanitaire pour la Somalie<\/a><\/p>\n<p><a href=\"https:\/\/lecourrier.vn\/lonu-approuve-la-nouvelle-force-de-maintien-de-la-paix-de-lua-en-somalie\/1275061.html\" title=\"L&#039;ONU approuve la nouvelle force de maintien de la paix de l&#039;UA en Somalie\" rel=\"nofollow noopener\" target=\"_blank\">&gt;&gt; L&rsquo;ONU approuve la nouvelle force de maintien de la paix de l&rsquo;UA en Somalie<\/a><\/p>\n<p><a href=\"https:\/\/lecourrier.vn\/un-million-de-personnes-supplementaires-risquent-la-famine-en-raison-de-la-secheresse\/1278686.html\" title=\"Un million de personnes suppl\u00e9mentaires risquent la famine en  raison de la s\u00e9cheresse \" rel=\"nofollow noopener\" target=\"_blank\">&gt;&gt; Un million de personnes suppl\u00e9mentaires risquent la famine en  raison de la s\u00e9cheresse <\/a><\/p>\n<tr>\n<td class=\"pic\"><img decoding=\"async\" class=\"lazyload\" src=\"https:\/\/www.europesays.com\/fr\/wp-content\/uploads\/2025\/06\/170617-vna_potal_somalia_chuyen_doi_sang_che_do_bau_cu_pho_thong_truc_tiep_7299237.jpg\" alt=\"\"\/><\/td>\n<\/tr>\n<tr>\n<td class=\"caption\">Le pr\u00e9sident du S\u00e9nat somalien, Abdi Hashi Abdullahi.<\/td>\n<\/tr>\n<tr align=\"right\">\n<td class=\"author\">Photo : AFP\/VNA\/CVN<\/td>\n<\/tr>\n<p style=\"text-align:left\">\u00ab\u00a0Aujourd\u2019hui, la Somalie s\u2019efforce de raviver et de consolider ses relations historiques avec la F\u00e9d\u00e9ration de Russie, a soulign\u00e9 Abdi Hashi Abdullahi. Nous reconnaissons le r\u00f4le croissant que joue la Russie sur la sc\u00e8ne internationale, ainsi que sa volont\u00e9 de b\u00e2tir des partenariats fond\u00e9s sur le respect mutuel et la prosp\u00e9rit\u00e9 partag\u00e9e\u00a0\u00bb.<\/p>\n<p style=\"text-align:left\">Selon lui, les deux pays ont tout int\u00e9r\u00eat \u00e0 d\u00e9velopper leur coop\u00e9ration dans les secteurs du commerce, de l\u2019\u00e9ducation et du d\u00e9veloppement durable, afin d\u2019adapter leur partenariat aux enjeux du monde actuel. \u00ab\u00a0Nous aspirons \u00e0 construire une relation solide entre nos deux \u00c9tats, fond\u00e9e sur l\u2019\u00e9change de connaissances, d\u2019expertises et de technologies de pointe\u00a0\u00bb, a-t-il poursuivi. \u00ab\u00a0Le potentiel d\u2019un partenariat mutuellement b\u00e9n\u00e9fique est immense\u00a0\u00bb.<\/p>\n<p style=\"text-align:left\">Abdi Hashi Abdullahi s\u2019est \u00e9galement dit confiant quant \u00e0 l\u2019avenir des relations bilat\u00e9rales. \u00ab\u00a0En regardant vers l\u2019avenir, nous envisageons une coop\u00e9ration \u00e9troite entre la Somalie et la Russie pour relever ensemble les d\u00e9fis communs et exploiter les nouvelles opportunit\u00e9s, qu\u2019il s\u2019agisse de d\u00e9veloppement \u00e9conomique ou d\u2019\u00e9changes culturels\u00a0\u00bb, a-t-il conclu.<\/p>\n<p style=\"text-align:right\"><b>TASS\/VNA\/CVN<\/b><\/p>\n","protected":false},"excerpt":{"rendered":"&#13; La Somalie souhaite relancer et renforcer ses relations avec la Russie&#13; La Somalie entend relancer et renforcer&hellip;\n","protected":false},"author":2,"featured_media":151297,"comment_status":"","ping_status":"","sticky":false,"template":"","format":"standard","meta":{"footnotes":""},"categories":[1591],"tags":[28067,11,1887,12,10811,1885,1886,132,5638],"class_list":{"0":"post-151296","1":"post","2":"type-post","3":"status-publish","4":"format-standard","5":"has-post-thumbnail","7":"category-russie","8":"tag-abdi-hashi-abdullahi","9":"tag-actualites","10":"tag-federation-de-russie","11":"tag-news","12":"tag-relations","13":"tag-russia","14":"tag-russian-federation","15":"tag-russie","16":"tag-somalie"},"share_on_mastodon":{"url":"https:\/\/pubeurope.com\/@fr\/114624831465366281","error":""},"_links":{"self":[{"href":"https:\/\/www.europesays.com\/fr\/wp-json\/wp\/v2\/posts\/151296","targetHints":{"allow":["GET"]}}],"collection":[{"href":"https:\/\/www.europesays.com\/fr\/wp-json\/wp\/v2\/posts"}],"about":[{"href":"https:\/\/www.europesays.com\/fr\/wp-json\/wp\/v2\/types\/post"}],"author":[{"embeddable":true,"href":"https:\/\/www.europesays.com\/fr\/wp-json\/wp\/v2\/users\/2"}],"replies":[{"embeddable":true,"href":"https:\/\/www.europesays.com\/fr\/wp-json\/wp\/v2\/comments?post=151296"}],"version-history":[{"count":0,"href":"https:\/\/www.europesays.com\/fr\/wp-json\/wp\/v2\/posts\/151296\/revisions"}],"wp:featuredmedia":[{"embeddable":true,"href":"https:\/\/www.europesays.com\/fr\/wp-json\/wp\/v2\/media\/151297"}],"wp:attachment":[{"href":"https:\/\/www.europesays.com\/fr\/wp-json\/wp\/v2\/media?parent=151296"}],"wp:term":[{"taxonomy":"category","embeddable":true,"href":"https:\/\/www.europesays.com\/fr\/wp-json\/wp\/v2\/categories?post=151296"},{"taxonomy":"post_tag","embeddable":true,"href":"https:\/\/www.europesays.com\/fr\/wp-json\/wp\/v2\/tags?post=151296"}],"curies":[{"name":"wp","href":"https:\/\/api.w.org\/{rel}","templated":true}]}}