{"id":151306,"date":"2025-06-04T11:25:12","date_gmt":"2025-06-04T11:25:12","guid":{"rendered":"https:\/\/www.europesays.com\/fr\/151306\/"},"modified":"2025-06-04T11:25:12","modified_gmt":"2025-06-04T11:25:12","slug":"guerre-commerciale-trump-critique-un-president-chinois-dur-leurope-optimiste-actualites","status":"publish","type":"post","link":"https:\/\/www.europesays.com\/fr\/151306\/","title":{"rendered":"Guerre commerciale: Trump critique un pr\u00e9sident chinois \u00ab\u00a0dur\u00a0\u00bb, l&rsquo;Europe optimiste : Actualit\u00e9s"},"content":{"rendered":"<p class=\"lead \">Le pr\u00e9sident am\u00e9ricain Donald Trump a critiqu\u00e9 mercredi le fait qu&rsquo;il soit \u00ab\u00a0extr\u00eamement dur de trouver un accord\u00a0\u00bb avec la Chine tandis que l&rsquo;Europe a salu\u00e9 la \u00ab\u00a0bonne direction\u00a0\u00bb que prennent les n\u00e9gociations commerciales m\u00eame si Washington vient d&rsquo;alourdir fortement ses surtaxes douani\u00e8res sur l&rsquo;acier et l&rsquo;aluminium dans le monde.<\/p>\n<p class=\"lead \">La Maison Blanche a assur\u00e9 mardi que Donald Trump esp\u00e9rait \u00e9changer avec son homologue chinois Xi Jinping, \u00ab\u00a0probablement cette semaine\u00a0\u00bb, mais le pr\u00e9sident am\u00e9ricain a d\u00e9clar\u00e9 mercredi sur son r\u00e9seau Truth Social qu&rsquo;il \u00ab\u00a0est extr\u00eamement dur de trouver un accord\u00a0\u00bb avec lui.<\/p>\n<p class=\"lead \">\u00ab\u00a0J&rsquo;appr\u00e9cie le pr\u00e9sident XI de la Chine, je l&rsquo;ai toujours aim\u00e9 et je l&rsquo;aimerai toujours, mais il est TR\u00c8S DUR\u00a0\u00bb, a post\u00e9 le pr\u00e9sident am\u00e9ricain sur son r\u00e9seau Truth Social.<\/p>\n<p class=\"lead \">Donald Trump a accus\u00e9 la semaine derni\u00e8re P\u00e9kin de ne pas respecter les termes de l&rsquo;accord de d\u00e9sescalade sign\u00e9 mi-mai \u00e0 Gen\u00e8ve (Suisse), mena\u00e7ant de relancer la guerre commerciale.<\/p>\n<p class=\"lead \">&#8211; \u00ab\u00a0Productive et constructive\u00a0\u00bb &#8211;<\/p>\n<p class=\"lead \">En parall\u00e8le, le commissaire europ\u00e9en au Commerce qui n\u00e9gocie \u00e0 Paris avec le repr\u00e9sentant de la Maison Blanche au Commerce (USTR) Jamieson Greer, a salu\u00e9 mercredi des \u00e9changes qui \u00ab\u00a0vont dans la bonne direction\u00a0\u00bb.<\/p>\n<p class=\"lead \">Sous une publication \u00e9crite de Maros Sefcovic sur X qui qualifie une discussion entre les deux hommes de \u00ab\u00a0productive et constructive\u00a0\u00bb \u00e0 Paris, les deux responsables se serrent la main en souriant sur une photo alors que Donald Trump mena\u00e7ait encore r\u00e9cemment de durcir \u00e0 50% les surtaxes impos\u00e9es \u00e0 l&rsquo;UE, accusant le bloc de ne pas n\u00e9gocier de bonne foi.<\/p>\n<p class=\"lead \">Cette discussion intervient dans un contexte de fortes tensions, alors que la fin de la pause de 90 jours, annonc\u00e9e dans la foul\u00e9e des droits de douane dits \u00ab\u00a0r\u00e9ciproques\u00a0\u00bb est pr\u00e9vue pour le 9 juillet.<\/p>\n<p class=\"lead \">L&rsquo;Europe s&rsquo;est d&rsquo;ores et d\u00e9j\u00e0 dite pr\u00eate \u00e0 r\u00e9pliquer en cas de hausse la ciblant sp\u00e9cifiquement.<\/p>\n<p class=\"lead \"><img decoding=\"async\" class=\"w-100\" src=\"https:\/\/www.europesays.com\/fr\/wp-content\/uploads\/2025\/06\/2275\/actu\/afp-news\/7aaf2415-3cb7-4f86-8c9e-0e07c06ca6dc-3.jpg\" alt=\"\"\/> \u00ab\u00a0Nous devons parvenir \u00e0 des solutions n\u00e9goci\u00e9es et ce, le plus rapidement possible, car le temps presse\u00a0\u00bb, a affirm\u00e9 mardi la ministre allemande de l&rsquo;\u00e9conomie, Katherina Reiche, en marge de la r\u00e9union minist\u00e9rielle de l&rsquo;OCDE \u00e0 Paris.<\/p>\n<p class=\"lead \">Les repr\u00e9sentants au Commerce du G7 se sont en parall\u00e8le rassembl\u00e9s mercredi \u00e0 la repr\u00e9sentation canadienne de l&rsquo;Organisation de coop\u00e9ration et de d\u00e9veloppement \u00e9conomiques (OCDE) qui tient une r\u00e9union fortement teint\u00e9e des discussions sur les droits de douane, au moment o\u00f9 les Etats-Unis viennent de durcir fortement les surtaxes sur l&rsquo;acier et l&rsquo;aluminium.<\/p>\n<p class=\"lead \">Dans un d\u00e9cret publi\u00e9 mardi et entr\u00e9 en vigueur \u00e0 00H01 heure locale (04H01 GMT), Donald Trump a justifi\u00e9 la hausse de ces surtaxe \u00e0 50% par la volont\u00e9 de \u00ab\u00a0s&rsquo;assurer que (les importations) ne mettront pas en p\u00e9ril la s\u00e9curit\u00e9 nationale\u00a0\u00bb.<\/p>\n<p class=\"lead \">\u00ab\u00a0M\u00eame si les droits de douane impos\u00e9s jusqu&rsquo;ici ont apport\u00e9 un soutien essentiel aux prix sur le march\u00e9 am\u00e9ricain, ils n&rsquo;ont pas permis \u00e0 ces industries de d\u00e9velopper et de maintenir un taux d&rsquo;utilisation des capacit\u00e9s de production qui soit suffisant pour leur p\u00e9rennit\u00e9 et au regard des besoins de la d\u00e9fense nationale\u00a0\u00bb, a justifi\u00e9 le texte du d\u00e9cret.<\/p>\n<p class=\"lead \">Cas singulier, le Royaume-Uni est quant \u00e0 lui exempt\u00e9 de cette nouvelle hausse et voit son taux rester \u00e0 25%, pour laisser le temps \u00e0 Londres et Washington de boucler leurs n\u00e9gociations et faire entrer en vigueur un arrangement commercial, annonc\u00e9 le mois dernier, cens\u00e9 r\u00e9duire \u00e0 z\u00e9ro les droits de douane du secteur sid\u00e9rurgique britannique.<\/p>\n<p class=\"lead \">Le gouvernement britannique s&rsquo;est dit \u00ab\u00a0satisfait\u00a0\u00bb et assure \u00ab\u00a0continuer \u00e0 travailler\u00a0\u00bb avec l&rsquo;ex\u00e9cutif am\u00e9ricain pour que l&rsquo;arrangement puisse entrer en vigueur, selon une d\u00e9claration transmise \u00e0 l&rsquo;AFP.<\/p>\n<p class=\"lead \">&#8211; \u00ab\u00a0Une pause bienvenue\u00a0\u00bb &#8211;<\/p>\n<p class=\"lead \">UK Steel, qui repr\u00e9sente les professionnels du secteur, salue de son c\u00f4t\u00e9 \u00ab\u00a0une pause bienvenue\u00a0\u00bb mais appelle Londres et Washington \u00e0 \u00ab\u00a0transformer de toute urgence l&rsquo;accord de mai en r\u00e9alit\u00e9\u00a0\u00bb<\/p>\n<p class=\"lead \">L&rsquo;acier et l&rsquo;aluminium ont \u00e9t\u00e9 le premier secteur concern\u00e9 par les droits de douane voulus par Donald Trump, avec l&rsquo;entr\u00e9e en vigueur d&rsquo;une surtaxe de 25% le 12 mars, dans la volont\u00e9 affich\u00e9e d&rsquo;inciter aux investissements dans le pays.<\/p>\n<p class=\"lead \">Et ces droits de douane sectoriels, appliqu\u00e9s \u00e9galement \u00e0 l&rsquo;automobile avant de s&rsquo;\u00e9tendre prochainement aux produits pharmaceutiques et aux semi-conducteurs, sont les seuls \u00e0 ne pas avoir \u00e9t\u00e9 bloqu\u00e9s par une r\u00e9cente d\u00e9cision de justice, qui a vis\u00e9 les droits de douane appliqu\u00e9s sans distinction.<\/p>\n<p class=\"lead \">En marge de la r\u00e9union \u00e0 l&rsquo;OCDE, M. Greer a de son c\u00f4t\u00e9 annonc\u00e9 qu&rsquo;il allait rencontrer ses homologues vietnamien et malaisien.<\/p>\n<p class=\"small font-weight-bold text-gray3 \"> publi\u00e9 le 4 juin \u00e0 12h59, AFP<\/p>\n<p>                             Partager<\/p>\n","protected":false},"excerpt":{"rendered":"Le pr\u00e9sident am\u00e9ricain Donald Trump a critiqu\u00e9 mercredi le fait qu&rsquo;il soit \u00ab\u00a0extr\u00eamement dur de trouver un accord\u00a0\u00bb&hellip;\n","protected":false},"author":2,"featured_media":151307,"comment_status":"","ping_status":"","sticky":false,"template":"","format":"standard","meta":{"footnotes":""},"categories":[1586],"tags":[11,215,312,2822,1777,674,1011,27,11200,12,25,308],"class_list":{"0":"post-151306","1":"post","2":"type-post","3":"status-publish","4":"format-standard","5":"has-post-thumbnail","7":"category-europe","8":"tag-actualites","9":"tag-commerce","10":"tag-diplomatie","11":"tag-douanes","12":"tag-eu","13":"tag-europe","14":"tag-fr","15":"tag-france","16":"tag-mtaux","17":"tag-news","18":"tag-republique-francaise","19":"tag-usa"},"share_on_mastodon":{"url":"https:\/\/pubeurope.com\/@fr\/114624851104202843","error":""},"_links":{"self":[{"href":"https:\/\/www.europesays.com\/fr\/wp-json\/wp\/v2\/posts\/151306","targetHints":{"allow":["GET"]}}],"collection":[{"href":"https:\/\/www.europesays.com\/fr\/wp-json\/wp\/v2\/posts"}],"about":[{"href":"https:\/\/www.europesays.com\/fr\/wp-json\/wp\/v2\/types\/post"}],"author":[{"embeddable":true,"href":"https:\/\/www.europesays.com\/fr\/wp-json\/wp\/v2\/users\/2"}],"replies":[{"embeddable":true,"href":"https:\/\/www.europesays.com\/fr\/wp-json\/wp\/v2\/comments?post=151306"}],"version-history":[{"count":0,"href":"https:\/\/www.europesays.com\/fr\/wp-json\/wp\/v2\/posts\/151306\/revisions"}],"wp:featuredmedia":[{"embeddable":true,"href":"https:\/\/www.europesays.com\/fr\/wp-json\/wp\/v2\/media\/151307"}],"wp:attachment":[{"href":"https:\/\/www.europesays.com\/fr\/wp-json\/wp\/v2\/media?parent=151306"}],"wp:term":[{"taxonomy":"category","embeddable":true,"href":"https:\/\/www.europesays.com\/fr\/wp-json\/wp\/v2\/categories?post=151306"},{"taxonomy":"post_tag","embeddable":true,"href":"https:\/\/www.europesays.com\/fr\/wp-json\/wp\/v2\/tags?post=151306"}],"curies":[{"name":"wp","href":"https:\/\/api.w.org\/{rel}","templated":true}]}}