{"id":151314,"date":"2025-06-04T11:29:08","date_gmt":"2025-06-04T11:29:08","guid":{"rendered":"https:\/\/www.europesays.com\/fr\/151314\/"},"modified":"2025-06-04T11:29:08","modified_gmt":"2025-06-04T11:29:08","slug":"11-c-par-rapport-aux-normales-la-france-a-connu-son-troisieme-printemps-le-plus-chaud-en-2025-derriere-2011-et-2020","status":"publish","type":"post","link":"https:\/\/www.europesays.com\/fr\/151314\/","title":{"rendered":"+1,1\u00a0\u00b0C par rapport aux normales\u00a0: la France a connu son troisi\u00e8me printemps le plus chaud en 2025, derri\u00e8re 2011 et 2020"},"content":{"rendered":"<p class=\"paragraph text_align_left\">Le printemps 2025 se classe parmi <a href=\"https:\/\/www.leparisien.fr\/environnement\/climat\/un-mois-davril-parmi-les-plus-chauds-en-france-notamment-dans-le-nord-du-pays-07-05-2025-75CQ64TVVRDJPIYFQK6TE7TOWA.php\" target=\"_blank\" rel=\"noreferrer noopener\">les printemps les plus chauds jamais enregistr\u00e9s en France,<\/a> notamment dans le nord du pays, <a href=\"https:\/\/www.leparisien.fr\/meteo\/deficit-de-pluie-record-sols-arides-le-departement-du-nord-place-en-vigilance-secheresse-19-05-2025-XSC66C4OL5A53L5RWAZPR5W7HQ.php\" target=\"_blank\" rel=\"noreferrer noopener\">tr\u00e8s ensoleill\u00e9 et avec des d\u00e9ficits de pluies particuli\u00e8rement importants<\/a>, a annonc\u00e9 ce mercredi M\u00e9t\u00e9o France. Avec une temp\u00e9rature moyenne sup\u00e9rieure aux normales de 1,1 \u00b0C, la p\u00e9riode allant de d\u00e9but mars \u00e0 fin mai arrive au 3e rang des printemps les plus chauds en France m\u00e9tropolitaine depuis le d\u00e9but des mesures en 1900, derri\u00e8re 2011 (+ 1,5 \u00b0C) et 2020 (+ 1,3 \u00b0C).<\/p>\n<p class=\"paragraph text_align_left\">Les printemps 2022 et 2007 \u00e9taient du m\u00eame acabit en termes de chaleur et M\u00e9t\u00e9o France signale que \u00ab neuf des dix printemps les plus chauds (en France) ont \u00e9t\u00e9 enregistr\u00e9s apr\u00e8s l\u2019ann\u00e9e 2000 \u00bb, illustrant la nette tendance imprim\u00e9e par le r\u00e9chauffement climatique sous l\u2019effet de la combustion des \u00e9nergies fossiles.<\/p>\n<p class=\"paragraph text_align_left\">Le climat en France est consid\u00e9r\u00e9 comme d\u00e9j\u00e0 r\u00e9chauff\u00e9 de 1,7 \u00b0C depuis l\u2019\u00e8re pr\u00e9industrielle et pourrait atteindre + 2 \u00b0C d\u2019ici 2030 selon les projections de M\u00e9t\u00e9o France.<\/p>\n<p>Mars, avril et mai plus chauds que la normale<\/p>\n<p class=\"paragraph text_align_left\">En 2025, \u00ab mars, avril et mai ont \u00e9t\u00e9 tous les trois plus chauds que la normale (+ 0,7 \u00b0C, + 1,7 \u00b0C, + 0,8 \u00b0C) \u00bb de la p\u00e9riode 1991-2020, d\u00e9j\u00e0 elle-m\u00eame marqu\u00e9e par le r\u00e9chauffement, note le pr\u00e9visionniste national. L\u2019ensemble de la p\u00e9riode a \u00e9t\u00e9 marqu\u00e9 par plusieurs \u00e9pisodes anormalement chauds, en particulier fin avril\/d\u00e9but mai ou encore fin mai, v\u00e9ritable premier coup de chaud estival avant l\u2019heure.<\/p>\n<p class=\"paragraph text_align_left\">Les 29 et 30 mai, le cap des 30 degr\u00e9s a ainsi \u00e9t\u00e9 franchi sur plus de la moiti\u00e9 du pays, \u00ab valeur tr\u00e8s exceptionnelle pour un mois de mai \u00bb, signale l\u2019organisme public. Et entre le 30 avril et le 3 mai, un \u00e9pisode \u00ab inhabituellement chaud \u00bb et pr\u00e9coce a touch\u00e9 le nord du pays, avec des \u00ab temp\u00e9ratures sup\u00e9rieures aux normales de plus de 10 degr\u00e9s par endroits \u00bb.<\/p>\n<p class=\"paragraph text_align_left\">Sur l\u2019ensemble du printemps, c\u2019est d\u2019ailleurs dans cette moiti\u00e9 nord de la France, prot\u00e9g\u00e9e des perturbations par la pr\u00e9sence r\u00e9currente<a href=\"https:\/\/www.leparisien.fr\/meteo\/jusqua-30-degres-des-temperatures-plus-elevees-quen-ete-dans-le-nord-de-la-france-ce-qui-vous-attend-jeudi-et-vendredi-28-04-2025-BEQNLSRT4REFDM3XSEV34PUX7I.php\" target=\"_blank\" rel=\"noreferrer noopener\"> de hautes pressions, que la chaleur a \u00e9t\u00e9 la plus marqu\u00e9e. <\/a>Les temp\u00e9ratures maximales y ont \u00e9t\u00e9 sup\u00e9rieures de 1,5 \u00b0C par rapport aux normales, et localement jusqu\u2019\u00e0 + 3 \u00b0C, des Pays de la Loire et de la Bretagne au Grand-Est et \u00e0 la Franche-Comt\u00e9. Elles sont en revanche plus proches des valeurs de saison sur les r\u00e9gions du sud, qui ont connu tout au long du printemps des \u00e9pisodes de goutte froide qui ont apport\u00e9 un temps gris et pluvieux.<\/p>\n<p class=\"paragraph text_align_left\">Des <a href=\"https:\/\/www.leparisien.fr\/meteo\/orages-et-pluie-inondation-neuf-departements-maintenus-en-vigilance-orange-par-meteo-france-04-06-2025-HTTCPG27QRGPHNGLKUOFUK6WZQ.php\" target=\"_blank\" rel=\"noreferrer noopener\">orages violents, parfois accompagn\u00e9s de gr\u00eale,<\/a> ont durement frapp\u00e9 mi-mai le Sud-Ouest ainsi que le Var, o\u00f9 trois personnes ont perdu la vie. Un m\u00eame contraste Nord-Sud se retrouve pour l\u2019ensoleillement : exc\u00e9dentaire de 10 % sur l\u2019ensemble de l\u2019Hexagone, il est de l\u2019ordre de + 20 % au nord de la Loire et m\u00eame sup\u00e9rieur de 30 % au nord de la Seine. \u00c0 l\u2019inverse, pr\u00e8s de la M\u00e9diterran\u00e9e, le soleil s\u2019est un peu moins montr\u00e9 qu\u2019\u00e0 l\u2019accoutum\u00e9e.<\/p>\n<p>Jusqu\u2019\u00e0 -70 % de d\u00e9ficit de pluie<\/p>\n<p class=\"paragraph text_align_left\">De la m\u00eame mani\u00e8re, tout au long du printemps, les pr\u00e9cipitations ont \u00e9t\u00e9 tr\u00e8s faibles et peu fr\u00e9quentes sur le nord du pays, le d\u00e9ficit atteignant 40 % sur les r\u00e9gions au nord de la Loire, parfois m\u00eame 50 \u00e0 70 % de la Mayenne aux Hauts-de-France et \u00e0 la Champagne.<\/p>\n<p class=\"title-embed-dailymotion lp-color-text lp-f-subtitle-04\">Vid\u00e9oOrages : Paris frapp\u00e9 par d&rsquo;impressionnantes chutes de gr\u00eale<\/p>\n<p class=\"paragraph text_align_left\">Cela repr\u00e9sente 15 jours de pluie de moins qu\u2019en temps normal, avec pour cons\u00e9quence des sols \u00ab inhabituellement secs \u00bb sur la Normandie, les Hauts-de-France et les Ardennes, une \u00ab situation digne d\u2019une fin juillet \u00bb, provoquant l\u2019inqui\u00e9tude des agriculteurs. \u00ab Malgr\u00e9 des \u00e9pisodes orageux localement violents et intenses, la pluviom\u00e9trie de ce printemps reste d\u00e9ficitaire de pr\u00e8s de 20 % en moyenne sur le pays et sur la saison \u00bb, ajoute M\u00e9t\u00e9o France.<\/p>\n<p class=\"paragraph text_align_left\">Pour la p\u00e9riode allant de juin \u00e0 ao\u00fbt, le pr\u00e9visionniste estime que des temp\u00e9ratures \u00ab plus chaudes que la normale sont les plus probables \u00bb, tandis que le niveau des pr\u00e9cipitations reste incertain.<\/p>\n","protected":false},"excerpt":{"rendered":"Le printemps 2025 se classe parmi les printemps les plus chauds jamais enregistr\u00e9s en France, notamment dans le&hellip;\n","protected":false},"author":2,"featured_media":151315,"comment_status":"","ping_status":"","sticky":false,"template":"","format":"standard","meta":{"footnotes":""},"categories":[4],"tags":[11,1129,436,1011,27,2487,12,25],"class_list":{"0":"post-151314","1":"post","2":"type-post","3":"status-publish","4":"format-standard","5":"has-post-thumbnail","7":"category-france","8":"tag-actualites","9":"tag-climat","10":"tag-environnement","11":"tag-fr","12":"tag-france","13":"tag-meteo","14":"tag-news","15":"tag-republique-francaise"},"share_on_mastodon":{"url":"https:\/\/pubeurope.com\/@fr\/114624866720110274","error":""},"_links":{"self":[{"href":"https:\/\/www.europesays.com\/fr\/wp-json\/wp\/v2\/posts\/151314","targetHints":{"allow":["GET"]}}],"collection":[{"href":"https:\/\/www.europesays.com\/fr\/wp-json\/wp\/v2\/posts"}],"about":[{"href":"https:\/\/www.europesays.com\/fr\/wp-json\/wp\/v2\/types\/post"}],"author":[{"embeddable":true,"href":"https:\/\/www.europesays.com\/fr\/wp-json\/wp\/v2\/users\/2"}],"replies":[{"embeddable":true,"href":"https:\/\/www.europesays.com\/fr\/wp-json\/wp\/v2\/comments?post=151314"}],"version-history":[{"count":0,"href":"https:\/\/www.europesays.com\/fr\/wp-json\/wp\/v2\/posts\/151314\/revisions"}],"wp:featuredmedia":[{"embeddable":true,"href":"https:\/\/www.europesays.com\/fr\/wp-json\/wp\/v2\/media\/151315"}],"wp:attachment":[{"href":"https:\/\/www.europesays.com\/fr\/wp-json\/wp\/v2\/media?parent=151314"}],"wp:term":[{"taxonomy":"category","embeddable":true,"href":"https:\/\/www.europesays.com\/fr\/wp-json\/wp\/v2\/categories?post=151314"},{"taxonomy":"post_tag","embeddable":true,"href":"https:\/\/www.europesays.com\/fr\/wp-json\/wp\/v2\/tags?post=151314"}],"curies":[{"name":"wp","href":"https:\/\/api.w.org\/{rel}","templated":true}]}}