{"id":151318,"date":"2025-06-04T11:33:08","date_gmt":"2025-06-04T11:33:08","guid":{"rendered":"https:\/\/www.europesays.com\/fr\/151318\/"},"modified":"2025-06-04T11:33:08","modified_gmt":"2025-06-04T11:33:08","slug":"roland-garros-mcnamee-djokovic-et-musetti-ont-ete-traites-differemment-avec-des-consequences-desastreuses-pour-lun-des-deux-qui-etait-largement-favori-pour-remporter-le-tournoi","status":"publish","type":"post","link":"https:\/\/www.europesays.com\/fr\/151318\/","title":{"rendered":"Roland Garros > McNamee : \u00ab\u00a0Djokovic et Musetti ont \u00e9t\u00e9 trait\u00e9s diff\u00e9remment, avec des cons\u00e9quences d\u00e9sastreuses pour l&rsquo;un des deux, qui \u00e9tait largement favori pour remporter le tournoi\u00a0\u00bb"},"content":{"rendered":"<p><a href=\"https:\/\/www.welovetennis.fr\/roland-garros\/musetti-fait-une-djokovic-en-frappant-une-juge-de-ligne-mais-echappe-a-la-disqualification\" data-wpel-link=\"internal\" target=\"_blank\" rel=\"noopener\">L\u2019incident entre Lorenzo Musetti et une juge de ligne<\/a>, lors de son quart de finale de Roland\u2010Garros contre Frances Tiafoe, continue de faire beau\u00adcoup parler.\u00a0<\/p>\n<p>Beaucoup de fans et obser\u00adva\u00adteurs font forc\u00e9\u00adment le lien entre le geste de l\u2019Italien, sanc\u00adtionn\u00e9 d\u2019un simple aver\u00adtis\u00adse\u00adment, et celui de Novak Djokovic, disqua\u00adlifi\u00e9 en huiti\u00e8mes de finale de l\u2019US Open\u00a02020.\u00a0<\/p>\n<blockquote class=\"twitter-tweet\">\n<p lang=\"en\" dir=\"ltr\">Djokovic acci\u00adden\u00adtally hits a line judge \u2014 defaulted instantly.<br \/>Musetti does the same, no action taken.<\/p>\n<p>If it were Novak, media would erupt, narra\u00adtives would burn, and he\u2019d be tennis\u2019 villain of the day.<\/p>\n<p>The double stan\u00addards aren\u2019t just real, they\u2019re loud.<a href=\"https:\/\/twitter.com\/DjokerNole?ref_src=twsrc%5Etfw\" data-wpel-link=\"external\" target=\"_blank\" rel=\"nofollow external noopener\">@DjokerNole<\/a> <a href=\"https:\/\/twitter.com\/hashtag\/Djokovic?src=hash&amp;ref_src=twsrc%5Etfw\" data-wpel-link=\"external\" target=\"_blank\" rel=\"nofollow external noopener\">#Djokovic<\/a> <a href=\"https:\/\/t.co\/jtKc0YmeRg\" data-wpel-link=\"external\" target=\"_blank\" rel=\"nofollow external noopener\">pic.twitter.com\/jtKc0YmeRg<\/a><\/p>\n<p>\u2014 Shane (@Shanegupta22) <a href=\"https:\/\/twitter.com\/Shanegupta22\/status\/1929933694241767841?ref_src=twsrc%5Etfw\" data-wpel-link=\"external\" target=\"_blank\" rel=\"nofollow external noopener\">June 3,\u00a02025<\/a><\/p><\/blockquote>\n<p><a href=\"https:\/\/www.welovetennis.fr\/roland-garros\/becker-sur-la-non-disqualification-de-musetti-ce-nest-pas-comparable-a-ce-que-djokovic-a-fait-gardons-les-choses-en-perspective\" data-wpel-link=\"internal\" target=\"_blank\" rel=\"noopener\">Si Boris Becker estime que les deux situa\u00adtions n\u2019\u00e9taient pas compa\u00adrables<\/a>, l\u2019an\u00adcien num\u00e9ro 1 mondial en double, Paul McNamee, pense que Djokovic peut se sentir l\u00e9s\u00e9 quelques ann\u00e9es plus\u00a0tard.<\/p>\n<p><strong>\u00ab\u202fSelon les r\u00e8gles, il doit s\u2019agir d\u2019une faute flagrante (scan\u00adda\u00adleuse), ce qui n\u2019\u00e9tait pas le cas ni pour Musetti, ni pour Novak\u2026 \u00c0 mon avis, les deux joueurs ont \u00e9t\u00e9 trait\u00e9s diff\u00e9\u00adrem\u00adment, avec des cons\u00e9\u00adquences d\u00e9sas\u00adtreuses pour l\u2019un d\u2019entre eux, qui \u00e9tait large\u00adment favori pour remporter le tournoi.\u202f\u00bb<\/strong><\/p>\n<blockquote class=\"twitter-tweet\">\n<p lang=\"en\" dir=\"ltr\">Under the rules it needs to be egre\u00adgious, which Musetti\u2019s was not, and neither was Novak\u2019s\u2026 for me the two players were treated diffe\u00adrently, with dire conse\u00adquences for one, who was the favou\u00adrite to win the tour\u00adna\u00adment by a large margin<\/p>\n<p>\u2014 Paul McNamee (@PaulFMcNamee) <a href=\"https:\/\/twitter.com\/PaulFMcNamee\/status\/1929976580324942176?ref_src=twsrc%5Etfw\" data-wpel-link=\"external\" target=\"_blank\" rel=\"nofollow external noopener\">June 3,\u00a02025<\/a><\/p><\/blockquote>\n<p>Chacun obser\u00advera les images et se faire son propre avis\u2026<\/p>\n<p class=\"post-published-date\" style=\"color: silver; font-size: 75%; text-align: left;\">Publi\u00e9 le mercredi 4 juin 2025 \u00e0 11:54<\/p>\n<p><script async src=\"https:\/\/platform.twitter.com\/widgets.js\" charset=\"utf-8\"><\/script><\/p>\n","protected":false},"excerpt":{"rendered":"L\u2019incident entre Lorenzo Musetti et une juge de ligne, lors de son quart de finale de Roland\u2010Garros contre&hellip;\n","protected":false},"author":2,"featured_media":151319,"comment_status":"","ping_status":"","sticky":false,"template":"","format":"standard","meta":{"footnotes":""},"categories":[1415],"tags":[105,1011,27,60,1467],"class_list":{"0":"post-151318","1":"post","2":"type-post","3":"status-publish","4":"format-standard","5":"has-post-thumbnail","7":"category-tennis","8":"tag-djokovic","9":"tag-fr","10":"tag-france","11":"tag-sports","12":"tag-tennis"},"share_on_mastodon":{"url":"https:\/\/pubeurope.com\/@fr\/114624882453777379","error":""},"_links":{"self":[{"href":"https:\/\/www.europesays.com\/fr\/wp-json\/wp\/v2\/posts\/151318","targetHints":{"allow":["GET"]}}],"collection":[{"href":"https:\/\/www.europesays.com\/fr\/wp-json\/wp\/v2\/posts"}],"about":[{"href":"https:\/\/www.europesays.com\/fr\/wp-json\/wp\/v2\/types\/post"}],"author":[{"embeddable":true,"href":"https:\/\/www.europesays.com\/fr\/wp-json\/wp\/v2\/users\/2"}],"replies":[{"embeddable":true,"href":"https:\/\/www.europesays.com\/fr\/wp-json\/wp\/v2\/comments?post=151318"}],"version-history":[{"count":0,"href":"https:\/\/www.europesays.com\/fr\/wp-json\/wp\/v2\/posts\/151318\/revisions"}],"wp:featuredmedia":[{"embeddable":true,"href":"https:\/\/www.europesays.com\/fr\/wp-json\/wp\/v2\/media\/151319"}],"wp:attachment":[{"href":"https:\/\/www.europesays.com\/fr\/wp-json\/wp\/v2\/media?parent=151318"}],"wp:term":[{"taxonomy":"category","embeddable":true,"href":"https:\/\/www.europesays.com\/fr\/wp-json\/wp\/v2\/categories?post=151318"},{"taxonomy":"post_tag","embeddable":true,"href":"https:\/\/www.europesays.com\/fr\/wp-json\/wp\/v2\/tags?post=151318"}],"curies":[{"name":"wp","href":"https:\/\/api.w.org\/{rel}","templated":true}]}}