{"id":15132,"date":"2025-04-10T14:07:14","date_gmt":"2025-04-10T14:07:14","guid":{"rendered":"https:\/\/www.europesays.com\/fr\/15132\/"},"modified":"2025-04-10T14:07:14","modified_gmt":"2025-04-10T14:07:14","slug":"un-allemand-interpelle-avec-25-000-euros-dans-une-cache-de-voiture-pres-de-lyon","status":"publish","type":"post","link":"https:\/\/www.europesays.com\/fr\/15132\/","title":{"rendered":"Un Allemand interpell\u00e9 avec 25 000 euros dans une cache de voiture pr\u00e8s de Lyon"},"content":{"rendered":"<p>Un Allemand interpell\u00e9 avec 25 000 euros dans une cache de voiture pr\u00e8s de Lyon &#8211; LyonMag<\/p>\n<p itemprop=\"description\"><strong><strong>Contr\u00f4l\u00e9 par les douaniers, un jeune homme de 26 ans poss\u00e9dait sur lui 25\u00a0000 euros en petites coupures. Il a \u00e9t\u00e9 jug\u00e9 par le tribunal correctionnel de Villefranche-sur-Sa\u00f4ne ce lundi.<\/strong><\/strong><\/p>\n<p style=\"text-align:start\">Mardi 1er avril, un jeune homme d\u2019origine allemande, qui se rendait en Espagne, a \u00e9t\u00e9 contr\u00f4l\u00e9 par la douane sur l&rsquo;A6 pr\u00e8s de Lyon. Au lieu de trouver de la drogue, le chien du service des douanes a fait une tout autre d\u00e9couverte. L\u2019homme de 26 ans poss\u00e9dait, cach\u00e9 dans sa voiture, un total de 25\u00a0000 euros en petites coupures. Il a alors \u00e9t\u00e9 imm\u00e9diatement arr\u00eat\u00e9 par les forces de l\u2019ordre.<\/p>\n<p style=\"text-align:start\"><strong>Interdiction d\u2019entrer en France pendant cinq ans<\/strong><\/p>\n<p style=\"text-align:start\">Jug\u00e9 par le tribunal correctionnel de Villefranche-sur-Sa\u00f4ne en comparution imm\u00e9diate, ce lundi, le pr\u00e9venu a affirm\u00e9 qu\u2019il n\u2019\u00e9tait pas au courant que sa nouvelle voiture, achet\u00e9e deux mois auparavant, d\u00e9tenait plusieurs caches. Pourtant, du caf\u00e9 moulu venait d\u2019\u00eatre d\u00e9pos\u00e9 sur le plancher pour dissimuler les odeurs. De plus, les enqu\u00eateurs ont d\u00e9tect\u00e9 par le biais de son t\u00e9l\u00e9phone trois trajets aller-retour en direction de l\u2019Espagne. <\/p>\n<p style=\"text-align:start\">Le jeune homme soup\u00e7onn\u00e9 de se pr\u00eater au trafic de drogue a donc \u00e9t\u00e9 condamn\u00e9 \u00e0 douze mois de prison avec sursis et devra payer 27\u00a0460 euros d\u2019amende douani\u00e8re. Il se retrouve \u00e9galement avec une interdiction d\u2019entrer sur le territoire fran\u00e7ais pendant cinq ans.<\/p>\n","protected":false},"excerpt":{"rendered":"Un Allemand interpell\u00e9 avec 25 000 euros dans une cache de voiture pr\u00e8s de Lyon &#8211; LyonMag Contr\u00f4l\u00e9&hellip;\n","protected":false},"author":2,"featured_media":15133,"comment_status":"","ping_status":"","sticky":false,"template":"","format":"standard","meta":{"footnotes":""},"categories":[1889],"tags":[1111,11,2813,2190,2430,1109,251,1112,2811,1777,674,118,1011,27,1922,1110,1114,2428,2810,12,241,316,25,2812,517,800],"class_list":{"0":"post-15132","1":"post","2":"type-post","3":"status-publish","4":"format-standard","5":"has-post-thumbnail","7":"category-lyon","8":"tag-actu","9":"tag-actualites","10":"tag-article","11":"tag-asvel","12":"tag-auvergne-rhone-alpes","13":"tag-breves","14":"tag-culture","15":"tag-depeches","16":"tag-economique","17":"tag-eu","18":"tag-europe","19":"tag-faits-divers","20":"tag-fr","21":"tag-france","22":"tag-info","23":"tag-informations","24":"tag-infos","25":"tag-lyon","26":"tag-lyonmag","27":"tag-news","28":"tag-ol","29":"tag-politique","30":"tag-republique-francaise","31":"tag-sociale","32":"tag-sport","33":"tag-transports"},"share_on_mastodon":{"url":"https:\/\/pubeurope.com\/@fr\/114314061162404369","error":""},"_links":{"self":[{"href":"https:\/\/www.europesays.com\/fr\/wp-json\/wp\/v2\/posts\/15132","targetHints":{"allow":["GET"]}}],"collection":[{"href":"https:\/\/www.europesays.com\/fr\/wp-json\/wp\/v2\/posts"}],"about":[{"href":"https:\/\/www.europesays.com\/fr\/wp-json\/wp\/v2\/types\/post"}],"author":[{"embeddable":true,"href":"https:\/\/www.europesays.com\/fr\/wp-json\/wp\/v2\/users\/2"}],"replies":[{"embeddable":true,"href":"https:\/\/www.europesays.com\/fr\/wp-json\/wp\/v2\/comments?post=15132"}],"version-history":[{"count":0,"href":"https:\/\/www.europesays.com\/fr\/wp-json\/wp\/v2\/posts\/15132\/revisions"}],"wp:featuredmedia":[{"embeddable":true,"href":"https:\/\/www.europesays.com\/fr\/wp-json\/wp\/v2\/media\/15133"}],"wp:attachment":[{"href":"https:\/\/www.europesays.com\/fr\/wp-json\/wp\/v2\/media?parent=15132"}],"wp:term":[{"taxonomy":"category","embeddable":true,"href":"https:\/\/www.europesays.com\/fr\/wp-json\/wp\/v2\/categories?post=15132"},{"taxonomy":"post_tag","embeddable":true,"href":"https:\/\/www.europesays.com\/fr\/wp-json\/wp\/v2\/tags?post=15132"}],"curies":[{"name":"wp","href":"https:\/\/api.w.org\/{rel}","templated":true}]}}