{"id":151332,"date":"2025-06-04T11:42:19","date_gmt":"2025-06-04T11:42:19","guid":{"rendered":"https:\/\/www.europesays.com\/fr\/151332\/"},"modified":"2025-06-04T11:42:19","modified_gmt":"2025-06-04T11:42:19","slug":"claire-koh-lanta-2025-revele-la-belle-promesse-de-maxime-apres-le-tournage","status":"publish","type":"post","link":"https:\/\/www.europesays.com\/fr\/151332\/","title":{"rendered":"Claire (Koh-Lanta 2025) r\u00e9v\u00e8le la belle promesse de Maxime apr\u00e8s le tournage"},"content":{"rendered":"<p>En d\u00e9couvrant l&rsquo;\u00e9pisode de Koh-Lanta, La revanche des 4 terres, de la semaine pass\u00e9e, Claire a d\u00e9couvert que Maxime s&rsquo;\u00e9tait isol\u00e9 sur l&rsquo;\u00eele de l&rsquo;exil pour manger. Pour s&rsquo;excuser, le candidat \u00e9limin\u00e9 a promis une belle contre-partie.<\/p>\n<p>La sc\u00e8ne avait de quoi faire sourire les t\u00e9l\u00e9spectateurs. Condamn\u00e9 \u00e0 passer une journ\u00e9e sur l&rsquo;\u00eele de l&rsquo;exil de <a href=\"https:\/\/www.programme-tv.net\/news\/tv\/370938-koh-lanta-2025-date-de-diffusion-candidats-nouveautes-toutes-les-infos-sur-la-revanche-des-4-terres-la-nouvelle-saison-du-jeu-de-tf1\/\" data-api-deeplink=\"teleloisirs:\/\/news\/370938\" target=\"_blank\" rel=\"noopener\">Koh-Lanta, La revanche des 4 terres<\/a>, avant de disputer <a href=\"https:\/\/www.programme-tv.net\/news\/tv\/379894-maxime-koh-lanta-2025-revient-sur-son-elimination-je-nencaisse-toujours-pas\/\" data-api-deeplink=\"teleloisirs:\/\/news\/379894\" target=\"_blank\" rel=\"noopener\">l&rsquo;\u00e9preuve \u00e9liminatoire qui a caus\u00e9 sa perte<\/a>, Maxime s&rsquo;\u00e9tait isol\u00e9 dans son coin\u2026 <a href=\"https:\/\/www.programme-tv.net\/news\/tv\/379903-ils-ne-voulaient-pas-de-moi-maxime-koh-lanta-2025-revient-sur-la-cohabitation-avec-jerome-et-claire-sur-lile-de-lexil\/\" data-api-deeplink=\"teleloisirs:\/\/news\/379903\" target=\"_blank\" rel=\"noopener\">avec de la nourriture qu&rsquo;il n&rsquo;a pas partag\u00e9e<\/a> ! Une s\u00e9quence que <a href=\"https:\/\/www.programme-tv.net\/news\/tv\/380304-latmosphere-etait-vraiment-pesante-claire-koh-lanta-2025-revient-sur-la-cohabitation-avec-maxime-sur-lile-de-lexil\/\" data-api-deeplink=\"teleloisirs:\/\/news\/380304\" target=\"_blank\" rel=\"noopener\">Claire<\/a>, elle aussi pr\u00e9sente sur les lieux, a d\u00e9couvert lors de la diffusion. \u00ab\u00a0Honn\u00eatement, j&rsquo;\u00e9tais choqu\u00e9e\u00a0\u00bb, nous dit-elle, sans aucune rancune dans la voix. Apr\u00e8s cette sc\u00e8ne, celle qui ne se d\u00e9part que tr\u00e8s rarement de son sourire, a contact\u00e9 l&rsquo;\u00e9limin\u00e9, qui lui a fait une belle promesse en retour.<\/p>\n<p>\u00ab\u00a0Je rigolais devant ma t\u00e9l\u00e9vision\u00a0\u00bb : Claire revient sur l&rsquo;attitude solitaire de Maxime dans Koh-Lanta, La revanche des 4 terres<\/p>\n<p>Un peu <a href=\"https:\/\/www.programme-tv.net\/news\/tv\/380226-c-est-tellement-gros-que-ca-ne-passera-pas-a-la-tele-jerome-koh-lanta-2025-nous-devoile-le-message-qu-il-a-envoye-maxime-pendant-la-diffusion\/\" data-api-deeplink=\"teleloisirs:\/\/news\/380226\" target=\"_blank\" rel=\"noopener\">comme J\u00e9r\u00f4me le Catalan, lui aussi pr\u00e9sent sur l&rsquo;\u00eele de l&rsquo;exil<\/a>, Claire a pr\u00e9f\u00e9r\u00e9 s&rsquo;amuser de ce qu&rsquo;elle a vu sur TF1. \u00ab\u00a0Je rigolais devant ma t\u00e9l\u00e9vision, parce que c\u2019\u00e9tait du grand g\u00e9nie, du grand Maxime. On le conna\u00eet l&rsquo;\u00e9nergum\u00e8ne. C&rsquo;\u00e9tait un gros moment de divertissement\u00a0\u00bb, commence-t-elle par d\u00e9crire ce qu&rsquo;elle a ressenti la semaine derni\u00e8re. <b>D&rsquo;autant plus qu&rsquo;elle assure qu&rsquo;elle n&rsquo;a rien vu venir et ne se doutait pas du tout que Maxime se d\u00e9lectait, seul, de noix de coco<\/b> \u00e0 quelques m\u00e8tres d&rsquo;eux. \u00ab\u00a0J&rsquo;avoue que je n&rsquo;\u00e9tais pas trop \u00e0 l&rsquo;aise quand m\u00eame. On lui a propos\u00e9 notre coco pour manger nous\u00a0\u00bb, temp\u00e8re-t-elle.<\/p>\n<p>                        \u00ab\u00a0Je lui ai envoy\u00e9 un message\u00a0\u00bb : Claire raconte les coulisses de sa discussion en priv\u00e9 avec Maxime pendant la diffusion de Koh-Lanta<\/p>\n<p>Plut\u00f4t connect\u00e9e, comme en attestent ses nombreux formats r\u00e9alis\u00e9s <a href=\"https:\/\/www.tiktok.com\/@claire_kohlanta\" target=\"_blank\" rel=\"noopener\">sur ses r\u00e9seaux sociaux<\/a>, Claire s&rsquo;est saisie de son t\u00e9l\u00e9phone pour \u00e9crire \u00e0 Maxime. \u00ab\u00a0Je lui ai envoy\u00e9 un message pour lui dire qu&rsquo;il avait un petit peu abus\u00e9 quand m\u00eame\u00a0\u00bb, nous relate-t-elle dans un rire. Et si <b>aujourd&rsquo;hui, leur relation s&rsquo;est pleinement apais\u00e9e<\/b>, <a href=\"https:\/\/www.programme-tv.net\/news\/tv\/376823-maxime-elimine-de-koh-lanta-2025-malgre-son-collier-d-immunite-c-etait-un-cauchemar\/\" data-api-deeplink=\"teleloisirs:\/\/news\/376823\" target=\"_blank\" rel=\"noopener\">celui qui s&rsquo;\u00e9tait fait sortir lors du conseil des ambassadeurs<\/a> a m\u00eame fait une proposition \u00e0 Claire et \u00e0 J\u00e9r\u00f4me. \u00ab\u00a0<b>Il nous a promis<\/b> un autre confort et un confort digne de ce nom, pas un petit confort de noix de coco. J\u2019attends son confort\u00a0\u00bb, conclut-elle, sur le m\u00eame ton enjou\u00e9 qui ne l&rsquo;a pas quitt\u00e9 durant l&rsquo;int\u00e9gralit\u00e9 de notre entretien.<\/p>\n<p>        <script async src=\"\/\/www.tiktok.com\/embed.js\"><\/script><\/p>\n","protected":false},"excerpt":{"rendered":"En d\u00e9couvrant l&rsquo;\u00e9pisode de Koh-Lanta, La revanche des 4 terres, de la semaine pass\u00e9e, Claire a d\u00e9couvert que&hellip;\n","protected":false},"author":2,"featured_media":151333,"comment_status":"","ping_status":"","sticky":false,"template":"","format":"standard","meta":{"footnotes":""},"categories":[1356],"tags":[2276,244,681,58,59,1011,27,2173,680,2277,16068,252,199,1364],"class_list":{"0":"post-151332","1":"post","2":"type-post","3":"status-publish","4":"format-standard","5":"has-post-thumbnail","7":"category-television","8":"tag-claire-koh-lanta","9":"tag-commentaire","10":"tag-denis-brogniart","11":"tag-divertissement","12":"tag-entertainment","13":"tag-fr","14":"tag-france","15":"tag-interview","16":"tag-koh-lanta","17":"tag-la-revanche-des-4-terres","18":"tag-maxime-koh-lanta","19":"tag-television","20":"tag-tf1","21":"tag-tv"},"share_on_mastodon":{"url":"https:\/\/pubeurope.com\/@fr\/114624918058384465","error":""},"_links":{"self":[{"href":"https:\/\/www.europesays.com\/fr\/wp-json\/wp\/v2\/posts\/151332","targetHints":{"allow":["GET"]}}],"collection":[{"href":"https:\/\/www.europesays.com\/fr\/wp-json\/wp\/v2\/posts"}],"about":[{"href":"https:\/\/www.europesays.com\/fr\/wp-json\/wp\/v2\/types\/post"}],"author":[{"embeddable":true,"href":"https:\/\/www.europesays.com\/fr\/wp-json\/wp\/v2\/users\/2"}],"replies":[{"embeddable":true,"href":"https:\/\/www.europesays.com\/fr\/wp-json\/wp\/v2\/comments?post=151332"}],"version-history":[{"count":0,"href":"https:\/\/www.europesays.com\/fr\/wp-json\/wp\/v2\/posts\/151332\/revisions"}],"wp:featuredmedia":[{"embeddable":true,"href":"https:\/\/www.europesays.com\/fr\/wp-json\/wp\/v2\/media\/151333"}],"wp:attachment":[{"href":"https:\/\/www.europesays.com\/fr\/wp-json\/wp\/v2\/media?parent=151332"}],"wp:term":[{"taxonomy":"category","embeddable":true,"href":"https:\/\/www.europesays.com\/fr\/wp-json\/wp\/v2\/categories?post=151332"},{"taxonomy":"post_tag","embeddable":true,"href":"https:\/\/www.europesays.com\/fr\/wp-json\/wp\/v2\/tags?post=151332"}],"curies":[{"name":"wp","href":"https:\/\/api.w.org\/{rel}","templated":true}]}}