{"id":151334,"date":"2025-06-04T11:43:09","date_gmt":"2025-06-04T11:43:09","guid":{"rendered":"https:\/\/www.europesays.com\/fr\/151334\/"},"modified":"2025-06-04T11:43:09","modified_gmt":"2025-06-04T11:43:09","slug":"antoine-le-chanteur-evoque-sa-fortune-gare-a-ceux-qui-pensent-quil-lezarde-au-soleil","status":"publish","type":"post","link":"https:\/\/www.europesays.com\/fr\/151334\/","title":{"rendered":"Antoine\u00a0: le chanteur \u00e9voque sa fortune, gare \u00e0 ceux qui pensent qu\u2019il l\u00e9zarde au soleil"},"content":{"rendered":"<p>      R\u00e9sum\u00e9<\/p>\n<p>\u00c0 81 ans, Antoine m\u00e8ne une vie active entre voyages, projets artistiques et gestion de ses droits d\u2019auteur. Il assure ne pas fl\u00e2ner au soleil comme certains en sont persuad\u00e9s.  <\/p>\n<p>        Sommaire<\/p>\n<p>Il y a 81 ans, le <strong>4\u00a0juin 1944<\/strong>, Antoine poussait son premier cri \u00e0 la maternit\u00e9 de Tamatave \u00e0 Madagascar. Cette journ\u00e9e n&rsquo;est donc pas une journ\u00e9e comme les autres pour <a href=\"https:\/\/www.public.fr\/antoine-ce-bide-qui-a-crible-de-dettes-le-chanteur-force-de-vendre-sa-maison\" target=\"_blank\" rel=\"noopener\">le chanteur<\/a> qui a<strong> plus d&rsquo;une corde \u00e0 son arc. <\/strong>En effet, musicalement, ce dernier s&rsquo;est fait conna\u00eetre du grand public <strong>en 1966 avec son tube intitul\u00e9 Les \u00c9lucubrations d&rsquo;Antoine.<\/strong> Mais, en parall\u00e8le, Antoine a aussi \u00e9t\u00e9 r\u00e9alisateur et est toujours <strong>un navigateur hors pair.<\/strong><\/p>\n<p>S&rsquo;il a 81 ans, Antoine a <strong>toujours la p\u00eache<\/strong>. Preuve en est, cet entretien r\u00e9alis\u00e9 \u00e0 l&rsquo;occasion de son anniversaire par <a href=\"https:\/\/www.gala.fr\/l_actu\/news_de_stars\/rencontre-antoine-capitaine-infatigable-a-81-ans-on-a-retrouve-sa-trace-20250604\" target=\"_blank\" rel=\"noopener\">Gala<\/a>. Alors que le passionn\u00e9 de voyages se fait de plus en plus discret, nos confr\u00e8res sont <strong>partis \u00e0 sa rencontre<\/strong> afin d&rsquo;en savoir un peu plus sur <strong>sa vie actuelle<\/strong>. Alors o\u00f9 va-t-il souffler ses bougies\u00a0? Sans surprise, \u00ab\u00a0<strong>\u00e0 bord de son catamaran<\/strong>\u00a0\u00bb assure-t-il \u00e0 l&rsquo;hebdomadaire. En effet, <strong>infatigable<\/strong>, l&rsquo;amateur de chemises fleuries <strong>a pris le large direction l&rsquo;<a href=\"https:\/\/www.google.com\/url?sa=t&amp;source=web&amp;rct=j&amp;opi=89978449&amp;url=https:\/\/vsd.fr\/66365-nusantara-lindonesie-fete-le-jour-de-lindependance-dans-sa-future-capitale-inachevee\/&amp;ved=2ahUKEwiC_b7gv9eNAxVdaqQEHSyIGu4QFnoECB0QAQ&amp;usg=AOvVaw3k5aOhFuxSL6ElEKlzXf4c\" target=\"_blank\" rel=\"noopener\">Indon\u00e9sie<\/a><\/strong>.<\/p>\n<p>Enthousiaste et \u00e9nergique, <a href=\"https:\/\/www.google.com\/url?sa=t&amp;source=web&amp;rct=j&amp;opi=89978449&amp;url=https:\/\/www.public.fr\/antoine-il-revele-le-montant-de-sa-retraite-confortable&amp;ved=2ahUKEwjY_Z2Sv9eNAxXwfKQEHU4qJ8cQFnoECDIQAQ&amp;usg=AOvVaw3uDOICw1_RSxMXitC5AGxY\" target=\"_blank\" rel=\"noopener\">l&rsquo;octog\u00e9naire<\/a> semble avoir la forme. \u00ab\u00a0<strong>Pierre Muraccioli, de son vrai nom, m\u00e8ne une vie haute en couleurs<\/strong>\u00a0\u00bb peut-on lire. Ainsi, lorsqu&rsquo;il ne part pas \u00e0 l&rsquo;aventure \u00e0 bord de son bateau nomm\u00e9 Banana Split, ce dernier r\u00e9side dans une ferme en Auvergne. Une propri\u00e9t\u00e9 <strong>achet\u00e9e gr\u00e2ce \u00e0 ses premiers droits d\u2019auteur<\/strong> \u00ab\u00a0une petite ann\u00e9e apr\u00e8s le succ\u00e8s des \u00c9lucubrations\u00a0\u00bb. C&rsquo;est l\u00e0, d&rsquo;ailleurs, qu&rsquo;il envisage de passer le d\u00e9but de l&rsquo;\u00e9t\u00e9, dans ses montagnes.<\/p>\n<p>Antoine\u00a0: la retraite\u00a0? Le chanteur n&rsquo;y songe pas<\/p>\n<p>En effet, si l&rsquo;artiste \u00e0 81 ans, n&rsquo;imaginez pas qu&rsquo;il profite de \u00ab\u00a0<strong>sa retraite \u00e0 l\u00e9zarder au soleil<\/strong>\u00ab\u00a0. \u00c0 l&rsquo;occasion de cet entretien avec nos confr\u00e8res, Antoine a d&rsquo;ailleurs pr\u00e9f\u00e9r\u00e9 <strong>mettre les choses au clair<\/strong>. \u00ab\u00a0<strong>Certaines personnes du m\u00e9tier un peu jalouses<\/strong> pensent que je vais bronzer au soleil dans les \u00eeles tous les ans. Mais en r\u00e9alit\u00e9, j\u2019ai produit beaucoup de livres avec l\u2019aide de ma compagne, notamment trente albums chez Gallimard ou Lamartini\u00e8re. Donc <strong>le paresseux, il a quand m\u00eame produit\u00a0!<\/strong>\u00ab\u00a0, a-t-il lanc\u00e9.<\/p>\n<p>D&rsquo;ailleurs, sans filtre, il a aussi \u00e9voqu\u00e9 ses revenus assurant avoir \u00ab\u00a0<strong>cotis\u00e9 des fortunes<\/strong>\u00a0\u00bb gr\u00e2ce \u00e0 sa carri\u00e8re de chanteur mais aussi pour ses contrats publicitaires avec ATOL. R\u00e9sultat, ces ann\u00e9es de carri\u00e8re lui permettent d\u00e9sormais de <strong>vivre \u00ab\u00a0confortablement\u00a0\u00bb.<\/strong> \u00ab\u00a0<strong>Ma retraite est correcte<\/strong>. Sur les chansons, j\u2019ai gagn\u00e9 <strong>plusieurs centaines de milliers de francs<\/strong>, mais c\u2019est \u00e9tal\u00e9 sur vingt ou trente ans\u00a0\u00bb, a-t-il lanc\u00e9. Pourtant, Antoine ne compte pas fl\u00e2ner pour autant et, aujourd&rsquo;hui, ses voyages lui permettent d&rsquo;exposer avec sa femme Francette Le Guennec <strong>leurs plus beaux souvenirs <\/strong>en photos et en vid\u00e9os.<\/p>\n<p>      Mentionn\u00e9s dans cet article<\/p>\n<p>\u00c0 lire aussi<\/p>\n","protected":false},"excerpt":{"rendered":"R\u00e9sum\u00e9 \u00c0 81 ans, Antoine m\u00e8ne une vie active entre voyages, projets artistiques et gestion de ses droits&hellip;\n","protected":false},"author":2,"featured_media":151335,"comment_status":"","ping_status":"","sticky":false,"template":"","format":"standard","meta":{"footnotes":""},"categories":[1355],"tags":[3581,1261,1695,5551,1696,58,59,28068,1011,27,28069,1361,873],"class_list":{"0":"post-151334","1":"post","2":"type-post","3":"status-publish","4":"format-standard","5":"has-post-thumbnail","7":"category-musique","8":"tag-anniversaire","9":"tag-argent","10":"tag-chanson","11":"tag-chanson-francaise","12":"tag-chanteur","13":"tag-divertissement","14":"tag-entertainment","15":"tag-fortune","16":"tag-fr","17":"tag-france","18":"tag-joyeux-anniversaire","19":"tag-music","20":"tag-musique"},"share_on_mastodon":{"url":"https:\/\/pubeurope.com\/@fr\/114624921832582410","error":""},"_links":{"self":[{"href":"https:\/\/www.europesays.com\/fr\/wp-json\/wp\/v2\/posts\/151334","targetHints":{"allow":["GET"]}}],"collection":[{"href":"https:\/\/www.europesays.com\/fr\/wp-json\/wp\/v2\/posts"}],"about":[{"href":"https:\/\/www.europesays.com\/fr\/wp-json\/wp\/v2\/types\/post"}],"author":[{"embeddable":true,"href":"https:\/\/www.europesays.com\/fr\/wp-json\/wp\/v2\/users\/2"}],"replies":[{"embeddable":true,"href":"https:\/\/www.europesays.com\/fr\/wp-json\/wp\/v2\/comments?post=151334"}],"version-history":[{"count":0,"href":"https:\/\/www.europesays.com\/fr\/wp-json\/wp\/v2\/posts\/151334\/revisions"}],"wp:featuredmedia":[{"embeddable":true,"href":"https:\/\/www.europesays.com\/fr\/wp-json\/wp\/v2\/media\/151335"}],"wp:attachment":[{"href":"https:\/\/www.europesays.com\/fr\/wp-json\/wp\/v2\/media?parent=151334"}],"wp:term":[{"taxonomy":"category","embeddable":true,"href":"https:\/\/www.europesays.com\/fr\/wp-json\/wp\/v2\/categories?post=151334"},{"taxonomy":"post_tag","embeddable":true,"href":"https:\/\/www.europesays.com\/fr\/wp-json\/wp\/v2\/tags?post=151334"}],"curies":[{"name":"wp","href":"https:\/\/api.w.org\/{rel}","templated":true}]}}