{"id":151339,"date":"2025-06-04T11:46:09","date_gmt":"2025-06-04T11:46:09","guid":{"rendered":"https:\/\/www.europesays.com\/fr\/151339\/"},"modified":"2025-06-04T11:46:09","modified_gmt":"2025-06-04T11:46:09","slug":"gavi-et-dani-olmo-sous-le-charme-de-luis-enrique","status":"publish","type":"post","link":"https:\/\/www.europesays.com\/fr\/151339\/","title":{"rendered":"Gavi et Dani Olmo sous le charme de Luis Enrique &#8211;"},"content":{"rendered":"<p><img width=\"700\" height=\"350\" src=\"https:\/\/www.europesays.com\/fr\/wp-content\/uploads\/2025\/06\/Luis-Enrique-4.jpg\" class=\"attachment-jannah-image-post size-jannah-image-post wp-post-image\" alt=\"Luis enrique\" is_main_img=\"1\" decoding=\"async\" fetchpriority=\"high\"  \/><br \/>\n Image :<br \/>\npsg.fr<\/p>\n<p>Arriv\u00e9 au PSG durant l\u2019\u00e9t\u00e9 2023, Luis Enrique a r\u00e9volutionn\u00e9<br \/>\nle club de la capitale en deux ans jusqu\u2019\u00e0 lui offrir la Ligue des<br \/>\nchampions. Gavi et Dani Olmo, qui l\u2019ont c\u00f4toy\u00e9 en s\u00e9lection<br \/>\nespagnole, se sont montr\u00e9s dithyrambiques.\u00a0<\/p>\n<p><strong>Luis Enrique<\/strong> est entr\u00e9 dans l\u2019histoire du<br \/>\n<strong>PSG<\/strong> en devenant le premier entra\u00eeneur parisien \u00e0<br \/>\ns\u2019offrir la <strong>Ligue des champions<\/strong>. Arriv\u00e9 en 2023 au<br \/>\nsein du club de la capitale, le coach espagnol a r\u00e9volutionn\u00e9 les<br \/>\nRouge &amp; Bleu et a r\u00e9ussi \u00e0 faire adh\u00e9rer l\u2019ensemble de ses joueurs<br \/>\n\u00e0 son projet. Cela a port\u00e9 ses fruits en deux ans avec du tr\u00e8s beau<br \/>\njeu, des joueurs qui jouent de mani\u00e8res collectives et sept titres<br \/>\nen deux ans. Avant de rejoindre le <strong>PSG<\/strong>, il avait<br \/>\ndirig\u00e9 la s\u00e9lection espagnole. Il avait lanc\u00e9 <strong>Gavi<\/strong><br \/>\navec la <strong>Roja<\/strong> \u00e0 m\u00eame pas 17 ans. Dans une interview<br \/>\naccord\u00e9e au <a href=\"https:\/\/www.mundodeportivo.com\/futbol\/fc-barcelona\/20250604\/1002477333\/gavi-responde-sobre-interes-psg-elogia-luis-enrique.html\" target=\"_blank\" rel=\"noopener nofollow\" title=\"\">Mundo Deportivo<\/a>,<br \/>\nle jeune milieu de terrain (20 ans) n\u2019a pas tari d\u2019\u00e9loge sur le<br \/>\n<a href=\"https:\/\/canal-supporters.com\/luis-enrique-je-donnerais-le-ballon-dor-a-dembele-pour-sa-maniere-de-defendre\/\" title=\"\" rel=\"nofollow noopener\" target=\"_blank\">coach du <strong>PSG<\/strong><\/a>. \u00ab\u00a0Pour moi, il<br \/>\nest le meilleur.\u00a0Je suis tr\u00e8s heureux pour lui. C\u2019est<br \/>\nlui qui m\u2019a fait faire mes d\u00e9buts en \u00e9quipe nationale, face \u00e0<br \/>\nl\u2019<strong>Italie<\/strong>, championne d\u2019<strong>Europe<\/strong>, \u00e0<br \/>\n<strong>San Siro<\/strong>.\u00a0Je n\u2019oublierai jamais ce<br \/>\njour-l\u00e0. Et il a eu les couilles de me mettre, parce que tous les<br \/>\ngens se sont jet\u00e9s sur lui. Je suis tr\u00e8s heureux pour lui et il<br \/>\nm\u00e9rite tout.\u00a0\u00bb Dans cette interview, il a aussi \u00e9t\u00e9<br \/>\nquestionn\u00e9 sur l\u2019int\u00e9r\u00eat du <strong>PSG<\/strong> \u00e0 son \u00e9gard.<br \/>\n\u00ab\u00a0Mon ambition et ma mentalit\u00e9 sont de faire toute ma<br \/>\ncarri\u00e8re au <strong>Bar\u00e7a<\/strong>.\u00a0C\u2019est le club de<br \/>\nma vie et o\u00f9 je veux r\u00e9ussir. Je n\u2019en veux pas d\u2019autre, et je<br \/>\ndonnerai tout ce que je pourrai.\u00ab\u00a0<\/p>\n<p>A voir aussi : <a href=\"https:\/\/canal-supporters.com\/luis-enrique-jai-ressenti-une-connexion-avec-les-joueurs-et-les-supporters\/\" title=\"\" rel=\"nofollow noopener\" target=\"_blank\">Luis Enrique : \u00ab\u00a0J\u2019ai ressenti une connexion avec les<br \/>\njoueurs et les supporters\u00a0\u00bb<\/a><\/p>\n<p><a href=\"https:\/\/x.com\/CanalSupporters\" target=\"_blank\" rel=\"noopener nofollow\" title=\"\">canalsupporters.com<\/a><\/p>\n<p>\u00ab\u00a0Il a<br \/>\nr\u00e9ussi \u00e0 marquer l\u2019histoire\u00a0\u00bb<\/p>\n<p>De son c\u00f4t\u00e9, <strong>Dani Olmo<\/strong>, dans une interview<br \/>\naccord\u00e9e \u00e0 <a href=\"https:\/\/www.lequipe.fr\/Football\/Article\/-luis-enrique-te-fait-croire-que-tu-es-le-meilleur-du-monde-style-de-jeu-heritage-roja-equipe-de-france-les-confidences-de-dani-olmo\/1567337\" target=\"_blank\" rel=\"noopener nofollow\" title=\"\">L\u2019Equipe<\/a> a aussi<br \/>\nencens\u00e9 <strong>Luis Enrique<\/strong>. \u00ab\u00a0Ses id\u00e9es de jeu<br \/>\nsont tr\u00e8s claires et il sait te les transmettre \u00e0 la perfection. Il<br \/>\nl\u2019avait d\u00e9j\u00e0 fait avec nous en <strong>Seleccion<\/strong> o\u00f9 il a<br \/>\ncr\u00e9\u00e9 une base et une id\u00e9e de jeu incroyables. Gr\u00e2ce \u00e0 lui, on a<br \/>\ngagn\u00e9 tout ce que nous avons gagn\u00e9 et au <strong>PSG<\/strong>, en<br \/>\nseulement deux ans, il a r\u00e9ussi \u00e0 marquer l\u2019histoire. Je suis tr\u00e8s<br \/>\nheureux pour lui, pour tout son staff et pour <strong><a href=\"https:\/\/canal-supporters.com\/ruiz-lun-des-meilleurs-moments-de-ma-carriere\/\" title=\"\" rel=\"nofollow noopener\" target=\"_blank\">Fabian Ruiz<\/a><\/strong>. Comment il arrive \u00e0<br \/>\ntransmettre son g\u00e8ne de gagnant\u00a0? Il te fait croire que tu<br \/>\nes le meilleur du monde, et tu finis par le croire. On l\u2019avait \u00e9t\u00e9<br \/>\n\u00e0 l\u2019Euro 2021, \u00e9galement \u00e0 la Coupe du monde 2022 : on n\u2019avait pas<br \/>\neu les r\u00e9sultats, mais on m\u00e9ritait mieux. Le jeu produit et la<br \/>\nmani\u00e8re dont on dominait l\u2019adversaire \u00e9taient clairement influenc\u00e9s<br \/>\npar l\u2019attitude et la confiance qu\u2019il nous<br \/>\ntransmettait.\u00a0\u00bb<\/p><\/p>\n","protected":false},"excerpt":{"rendered":"Image : psg.fr Arriv\u00e9 au PSG durant l\u2019\u00e9t\u00e9 2023, Luis Enrique a r\u00e9volutionn\u00e9 le club de la capitale&hellip;\n","protected":false},"author":2,"featured_media":151340,"comment_status":"","ping_status":"","sticky":false,"template":"","format":"standard","meta":{"footnotes":""},"categories":[9],"tags":[786,81,448,787,28070,4479,1011,27,28071,789,447,921,28072,626,91,92,93,60,796,96],"class_list":{"0":"post-151339","1":"post","2":"type-post","3":"status-publish","4":"format-standard","5":"has-post-thumbnail","7":"category-sports","8":"tag-c1","9":"tag-canal-supporters","10":"tag-champions-league","11":"tag-cs","12":"tag-dani-olmo","13":"tag-enrique","14":"tag-fr","15":"tag-france","16":"tag-gavi","17":"tag-ldc","18":"tag-ligue-des-champions","19":"tag-luis-enrique","20":"tag-olmo","21":"tag-paris","22":"tag-paris-saint-germain","23":"tag-paris-sg","24":"tag-psg","25":"tag-sports","26":"tag-uefa-champions-league","27":"tag-une"},"share_on_mastodon":{"url":"https:\/\/pubeurope.com\/@fr\/114624933713057968","error":""},"_links":{"self":[{"href":"https:\/\/www.europesays.com\/fr\/wp-json\/wp\/v2\/posts\/151339","targetHints":{"allow":["GET"]}}],"collection":[{"href":"https:\/\/www.europesays.com\/fr\/wp-json\/wp\/v2\/posts"}],"about":[{"href":"https:\/\/www.europesays.com\/fr\/wp-json\/wp\/v2\/types\/post"}],"author":[{"embeddable":true,"href":"https:\/\/www.europesays.com\/fr\/wp-json\/wp\/v2\/users\/2"}],"replies":[{"embeddable":true,"href":"https:\/\/www.europesays.com\/fr\/wp-json\/wp\/v2\/comments?post=151339"}],"version-history":[{"count":0,"href":"https:\/\/www.europesays.com\/fr\/wp-json\/wp\/v2\/posts\/151339\/revisions"}],"wp:featuredmedia":[{"embeddable":true,"href":"https:\/\/www.europesays.com\/fr\/wp-json\/wp\/v2\/media\/151340"}],"wp:attachment":[{"href":"https:\/\/www.europesays.com\/fr\/wp-json\/wp\/v2\/media?parent=151339"}],"wp:term":[{"taxonomy":"category","embeddable":true,"href":"https:\/\/www.europesays.com\/fr\/wp-json\/wp\/v2\/categories?post=151339"},{"taxonomy":"post_tag","embeddable":true,"href":"https:\/\/www.europesays.com\/fr\/wp-json\/wp\/v2\/tags?post=151339"}],"curies":[{"name":"wp","href":"https:\/\/api.w.org\/{rel}","templated":true}]}}