{"id":151345,"date":"2025-06-04T11:49:09","date_gmt":"2025-06-04T11:49:09","guid":{"rendered":"https:\/\/www.europesays.com\/fr\/151345\/"},"modified":"2025-06-04T11:49:09","modified_gmt":"2025-06-04T11:49:09","slug":"edouard-philippe-propose-dintroduire-15-de-capitalisation-dans-le-systeme","status":"publish","type":"post","link":"https:\/\/www.europesays.com\/fr\/151345\/","title":{"rendered":"\u00c9douard Philippe propose d\u2019introduire 15% de capitalisation dans le syst\u00e8me"},"content":{"rendered":"<p>Invit\u00e9 sur France Inter, l\u2019ancien premier ministre a mis en garde contre le vieillissement d\u00e9mographique et d\u00e9fendu l\u2019id\u00e9e d\u2019un syst\u00e8me mixte combinant r\u00e9partition et \u00e9pargne individuelle.<\/p>\n<p class=\"fig-paragraph\"><a href=\"http:\/\/www.lefigaro.fr\/politique\/pas-de-grand-projet-pas-de-grand-souffle-edouard-philippe-etrille-le-second-mandat-d-emmanuel-macron-20250604\" target=\"_blank\" data-fig-type=\"NewsFlash\" rel=\"noopener\" data-gtm-custom-categorie=\"navigation\" data-gtm-custom-action=\"crossclick\" data-gtm-custom-label=\"Contextuel\" data-gtm-event=\"customEventSPE\" data-fig-domain=\"LEFIGARO\">\u00c9douard Philippe<\/a>\u00a0a \u00e9voqu\u00e9 mercredi 15% de part de capitalisation \u00e0 introduire dans le syst\u00e8me des retraites, jugeant par ailleurs, interrog\u00e9 sur l&rsquo;immigration, que la France devait \u00abassumer\u00bb de \u00abfaire venir des comp\u00e9tences de l&rsquo;\u00e9tranger\u00bb. \u00abLa France est en train d&rsquo;entrer dans un pi\u00e8ge d\u00e9mographique\u00bb: \u00abnotre soci\u00e9t\u00e9 vieillit\u00bb; \u00abdeuxi\u00e8me \u00e9l\u00e9ment du pi\u00e8ge: la d\u00e9natalit\u00e9\u00bb, a expos\u00e9 sur France Inter l&rsquo;ancien premier ministre et candidat d\u00e9clar\u00e9 \u00e0 la prochaine \u00e9lection pr\u00e9sidentielle, qui publie mercredi un livre (\u00abLe prix de nos mensonges\u00bb, JC Latt\u00e8s).<\/p>\n<p class=\"fig-paragraph\">Relever l&rsquo;\u00e2ge de d\u00e9part \u00e0 la retraite et amplifier la part de capitalisation dans le syst\u00e8me\u00a0? \u00abC&rsquo;est tr\u00e8s exactement ce que je dis. Et je dis m\u00eame que toutes celles et ceux qui racontent que l&rsquo;on peut baisser l&rsquo;\u00e2ge de d\u00e9part \u00e0 la retraite, que l&rsquo;on peut ne pas tenir compte de ce qui est en train de se passer dans notre d\u00e9mographie, ils sont dans le d\u00e9ni du r\u00e9el\u00bb, a-t-il r\u00e9pondu. \u00abL&rsquo;exemple italien, l&rsquo;exemple espagnol, l&rsquo;exemple allemand, que ce soit pour des gens qui sont tr\u00e8s \u00e0 droite ou tr\u00e8s \u00e0 gauche, devraient leur ouvrir les yeux\u00bb. \u00abPour sauver la partie de leur syst\u00e8me de pension qui repose sur la r\u00e9partition, ils ont accept\u00e9 de travailler plus longtemps\u00bb, a argument\u00e9 \u00c9douard Philippe.<\/p>\n<p class=\"fig-paragraph\">\u00abLa deuxi\u00e8me chose, c&rsquo;est mettre en place un syst\u00e8me de capitalisation qui n&rsquo;a pas vocation \u00e0 remplacer compl\u00e8tement la r\u00e9partition, mais qui doit venir compl\u00e9ter le syst\u00e8me de r\u00e9partition\u00bb (&#8230;) \u00ab10, 15, 20%. En Allemagne, c&rsquo;est environ 15%. Donc (en France) on peut aller plus loin. On peut arriver mon avis \u00e0 15%\u00bb, a-t-il pr\u00e9cis\u00e9. \u00ab\u00c7a prendra du temps mais c&rsquo;est indispensable, \u00e7a redonnera un peu de libert\u00e9 individuelle \u00e0 ceux qui veulent partir \u00e0 la retraite, et \u00e7a c&rsquo;est pr\u00e9cieux, et \u00e7a permettra de garantir le financement des retraites\u00bb, a ajout\u00e9 \u00c9douard Philippe.<\/p>\n<p class=\"fig-body-link\">\n            \u00c0 lire aussi<br \/>\n        <a class=\"fig-body-link__link fig-premium-mark\" href=\"http:\/\/www.lefigaro.fr\/conjoncture\/marylise-leon-sur-la-retraite-par-capitalisation-nous-n-avons-pas-de-tabou-20250521\" data-fig-type=\"Article\" data-gtm-custom-categorie=\"navigation\" data-gtm-custom-action=\"crossclick\" data-gtm-custom-label=\"Contextuel\" data-gtm-event=\"customEventSPE\" data-fig-domain=\"LEFIGARO\" target=\"_blank\" rel=\"noopener\">Marylise L\u00e9on\u00a0(CFDT) au Figaro: \u00abSur la retraite par capitalisation, nous n\u2019avons pas de tabou\u00bb<br \/>\n    <\/a>\n<\/p>\n<p class=\"fig-paragraph\">\u00abSi nous voulons faire face \u00e0 cette future diminution de la population active, nous aurons besoin, et nous devons l&rsquo;assumer, de faire venir des comp\u00e9tences de l&rsquo;\u00e9tranger\u00bb, a par ailleurs jug\u00e9 le pr\u00e9sident du parti Horizons, interrog\u00e9 sur l&rsquo;immigration. \u00abNous aurons besoin d&rsquo;\u00e9tudiants \u00e9trangers dans les universit\u00e9s fran\u00e7aises, nous aurons, comme c&rsquo;est le cas aujourd&rsquo;hui, besoin de m\u00e9decins \u00e9trangers\u00bb. \u00abJe n&rsquo;ai jamais vu personne, y compris dans les d\u00e9magogues obsessionnels du grand remplacement, expliquer (&#8230;) qu&rsquo;il faudrait qu&rsquo;ils se barrent\u00bb, a-t-il affirm\u00e9.<\/p>\n","protected":false},"excerpt":{"rendered":"Invit\u00e9 sur France Inter, l\u2019ancien premier ministre a mis en garde contre le vieillissement d\u00e9mographique et d\u00e9fendu l\u2019id\u00e9e&hellip;\n","protected":false},"author":2,"featured_media":151346,"comment_status":"","ping_status":"","sticky":false,"template":"","format":"standard","meta":{"footnotes":""},"categories":[6],"tags":[339,340,35,343,28073,345,350,130,344,352,349,33,34,3080,341,313,1011,27,346,342,353,351,347,348,137,354],"class_list":{"0":"post-151345","1":"post","2":"type-post","3":"status-publish","4":"format-standard","5":"has-post-thumbnail","7":"category-economie","8":"tag-actualite-economique","9":"tag-bourse","10":"tag-business","11":"tag-cac-40","12":"tag-capitalisation","13":"tag-chef-dentreprise","14":"tag-concurrence","15":"tag-consommation","16":"tag-creation-dentreprise","17":"tag-crise","18":"tag-delocalisations","19":"tag-economie","20":"tag-economy","21":"tag-edouard-philippe","22":"tag-emploi","23":"tag-entreprises","24":"tag-fr","25":"tag-france","26":"tag-grands-patrons","27":"tag-impots","28":"tag-licenciements","29":"tag-monopole","30":"tag-multinationales","31":"tag-privatisation","32":"tag-retraite","33":"tag-unio"},"share_on_mastodon":{"url":"https:\/\/pubeurope.com\/@fr\/114624945465088225","error":""},"_links":{"self":[{"href":"https:\/\/www.europesays.com\/fr\/wp-json\/wp\/v2\/posts\/151345","targetHints":{"allow":["GET"]}}],"collection":[{"href":"https:\/\/www.europesays.com\/fr\/wp-json\/wp\/v2\/posts"}],"about":[{"href":"https:\/\/www.europesays.com\/fr\/wp-json\/wp\/v2\/types\/post"}],"author":[{"embeddable":true,"href":"https:\/\/www.europesays.com\/fr\/wp-json\/wp\/v2\/users\/2"}],"replies":[{"embeddable":true,"href":"https:\/\/www.europesays.com\/fr\/wp-json\/wp\/v2\/comments?post=151345"}],"version-history":[{"count":0,"href":"https:\/\/www.europesays.com\/fr\/wp-json\/wp\/v2\/posts\/151345\/revisions"}],"wp:featuredmedia":[{"embeddable":true,"href":"https:\/\/www.europesays.com\/fr\/wp-json\/wp\/v2\/media\/151346"}],"wp:attachment":[{"href":"https:\/\/www.europesays.com\/fr\/wp-json\/wp\/v2\/media?parent=151345"}],"wp:term":[{"taxonomy":"category","embeddable":true,"href":"https:\/\/www.europesays.com\/fr\/wp-json\/wp\/v2\/categories?post=151345"},{"taxonomy":"post_tag","embeddable":true,"href":"https:\/\/www.europesays.com\/fr\/wp-json\/wp\/v2\/tags?post=151345"}],"curies":[{"name":"wp","href":"https:\/\/api.w.org\/{rel}","templated":true}]}}