{"id":151349,"date":"2025-06-04T11:51:09","date_gmt":"2025-06-04T11:51:09","guid":{"rendered":"https:\/\/www.europesays.com\/fr\/151349\/"},"modified":"2025-06-04T11:51:09","modified_gmt":"2025-06-04T11:51:09","slug":"un-commanditaire-presume-interpelle-au-maroc","status":"publish","type":"post","link":"https:\/\/www.europesays.com\/fr\/151349\/","title":{"rendered":"un commanditaire pr\u00e9sum\u00e9 interpell\u00e9 au Maroc"},"content":{"rendered":"<p>Badiss Mohammed Bajjou, 24 ans, a \u00e9t\u00e9 arr\u00eat\u00e9 \u00e0 Tanger mardi 3 juin. Il est suspect\u00e9 d\u2019avoir orchestr\u00e9 des s\u00e9ries de rapts dans la cryptomonnaie, notamment celle de David Balland.<\/p>\n<p class=\"fig-paragraph\">Il \u00e9tait vis\u00e9 par une\u00a0<a href=\"http:\/\/www.lefigaro.fr\/actualite-france\/un-francais-en-course-pour-la-presidence-d-interpol-20250528\" target=\"_blank\" data-fig-type=\"Article\" rel=\"noopener\" data-gtm-custom-categorie=\"navigation\" data-gtm-custom-action=\"crossclick\" data-gtm-custom-label=\"Contextuel\" data-gtm-event=\"customEventSPE\" data-fig-domain=\"LEFIGARO\">fiche rouge Interpol<\/a>\u00a0et vis\u00e9 par plusieurs mandats d\u2019arr\u00eats internationaux. La traque de Badiss Mohammed Bajjou s\u2019est achev\u00e9e mardi 3 juin au\u00a0<a href=\"http:\/\/www.lefigaro.fr\/international\/sahara-occidental-que-contient-le-plan-d-autonomie-du-maroc-desormais-soutenu-par-le-royaume-uni-20250602\" data-fig-type=\"Article\" data-gtm-custom-categorie=\"navigation\" data-gtm-custom-action=\"crossclick\" data-gtm-custom-label=\"Contextuel\" data-gtm-event=\"customEventSPE\" data-fig-domain=\"LEFIGARO\" target=\"_blank\" rel=\"noopener\">Maroc<\/a>. L\u2019homme de 24 ans a \u00e9t\u00e9 interpell\u00e9 \u00e0 Tanger, a appris Le Figaro de source proche du dossier confirmant les r\u00e9v\u00e9lations du\u00a0<a href=\"https:\/\/www.leparisien.fr\/faits-divers\/le-commanditaire-presume-des-cryptorapts-en-france-interpelle-au-maroc-04-06-2025-CGLNY4SCBZFQNC4RQMEU24PMH4.php\" target=\"_blank\" rel=\"nofollow noopener\" data-gtm-custom-categorie=\"navigation\" data-gtm-custom-action=\"crossclick\" data-gtm-custom-label=\"Contextuel\" data-gtm-event=\"customEventSPE\">Parisien<\/a> . \u00abLes ministres de l\u2019Int\u00e9rieur (fran\u00e7ais et marocain, NDLR) \u00e9taient en contact tr\u00e8s serr\u00e9s sur le sujet\u00bb, souligne notre source. Et pour cause, le natif du Chesnay, dans les Yvelines, est soup\u00e7onn\u00e9 d\u2019avoir commandit\u00e9 une s\u00e9rie de rapts violents dans le\u00a0<a href=\"http:\/\/www.lefigaro.fr\/faits-divers\/les-affaires-pourraient-etre-liees-la-piste-d-une-fuite-sur-le-darkweb-apres-les-tentatives-d-enlevement-dans-les-cryptomonnaies-20250516\" target=\"_blank\" data-fig-type=\"Article\" rel=\"noopener\" data-gtm-custom-categorie=\"navigation\" data-gtm-custom-action=\"crossclick\" data-gtm-custom-label=\"Contextuel\" data-gtm-event=\"customEventSPE\" data-fig-domain=\"LEFIGARO\">milieu de la cryptomonnaie<\/a>, dont celui du cofondateur de Ledger,\u00a0<a href=\"http:\/\/www.lefigaro.fr\/faits-divers\/doigt-sectionne-yeux-scotches-david-balland-raconte-l-enfer-de-son-enlevement-20250318\" target=\"_blank\" data-fig-type=\"NewsFlash\" rel=\"noopener\" data-gtm-custom-categorie=\"navigation\" data-gtm-custom-action=\"crossclick\" data-gtm-custom-label=\"Contextuel\" data-gtm-event=\"customEventSPE\" data-fig-domain=\"LEFIGARO\">David Balland<\/a>.<\/p>\n<p class=\"fig-paragraph\">Plus d\u2019informations \u00e0 venir sur Lefigaro.fr &#8230;<\/p>\n","protected":false},"excerpt":{"rendered":"Badiss Mohammed Bajjou, 24 ans, a \u00e9t\u00e9 arr\u00eat\u00e9 \u00e0 Tanger mardi 3 juin. Il est suspect\u00e9 d\u2019avoir orchestr\u00e9&hellip;\n","protected":false},"author":2,"featured_media":151350,"comment_status":"","ping_status":"","sticky":false,"template":"","format":"standard","meta":{"footnotes":""},"categories":[4],"tags":[119,11,3694,271,2951,9049,2716,1067,3695,3696,118,1011,27,2825,1253,303,2223,12,1072,2694,25,2949],"class_list":{"0":"post-151349","1":"post","2":"type-post","3":"status-publish","4":"format-standard","5":"has-post-thumbnail","7":"category-france","8":"tag-accident","9":"tag-actualites","10":"tag-affaires","11":"tag-crime","12":"tag-criminalite","13":"tag-cryptomonnaie","14":"tag-enlevement","15":"tag-enquete","16":"tag-enquetes","17":"tag-evenements","18":"tag-faits-divers","19":"tag-fr","20":"tag-france","21":"tag-insecurite","22":"tag-islamisme","23":"tag-justice","24":"tag-maroc","25":"tag-news","26":"tag-police","27":"tag-proces","28":"tag-republique-francaise","29":"tag-violences"},"share_on_mastodon":{"url":"https:\/\/pubeurope.com\/@fr\/114624953323790493","error":""},"_links":{"self":[{"href":"https:\/\/www.europesays.com\/fr\/wp-json\/wp\/v2\/posts\/151349","targetHints":{"allow":["GET"]}}],"collection":[{"href":"https:\/\/www.europesays.com\/fr\/wp-json\/wp\/v2\/posts"}],"about":[{"href":"https:\/\/www.europesays.com\/fr\/wp-json\/wp\/v2\/types\/post"}],"author":[{"embeddable":true,"href":"https:\/\/www.europesays.com\/fr\/wp-json\/wp\/v2\/users\/2"}],"replies":[{"embeddable":true,"href":"https:\/\/www.europesays.com\/fr\/wp-json\/wp\/v2\/comments?post=151349"}],"version-history":[{"count":0,"href":"https:\/\/www.europesays.com\/fr\/wp-json\/wp\/v2\/posts\/151349\/revisions"}],"wp:featuredmedia":[{"embeddable":true,"href":"https:\/\/www.europesays.com\/fr\/wp-json\/wp\/v2\/media\/151350"}],"wp:attachment":[{"href":"https:\/\/www.europesays.com\/fr\/wp-json\/wp\/v2\/media?parent=151349"}],"wp:term":[{"taxonomy":"category","embeddable":true,"href":"https:\/\/www.europesays.com\/fr\/wp-json\/wp\/v2\/categories?post=151349"},{"taxonomy":"post_tag","embeddable":true,"href":"https:\/\/www.europesays.com\/fr\/wp-json\/wp\/v2\/tags?post=151349"}],"curies":[{"name":"wp","href":"https:\/\/api.w.org\/{rel}","templated":true}]}}