{"id":151353,"date":"2025-06-04T11:53:21","date_gmt":"2025-06-04T11:53:21","guid":{"rendered":"https:\/\/www.europesays.com\/fr\/151353\/"},"modified":"2025-06-04T11:53:21","modified_gmt":"2025-06-04T11:53:21","slug":"quand-le-raisin-rencontre-la-cumbia-un-salon-du-vin-pas-comme-les-autres-au-fil-de-saint-etienne","status":"publish","type":"post","link":"https:\/\/www.europesays.com\/fr\/151353\/","title":{"rendered":"QUAND LE RAISIN RENCONTRE LA CUMBIA : UN SALON DU VIN PAS COMME LES AUTRES AU FIL DE SAINT-ETIENNE"},"content":{"rendered":"<p>                <a href=\"https:\/\/42info.fr\/gagnez-vos-airpods-pro\/\" target=\"_blank\" aria-label=\"Gagnez Airpod\" rel=\"nofollow noopener\"><img loading=\"lazy\" decoding=\"async\" src=\"https:\/\/www.europesays.com\/fr\/wp-content\/uploads\/2025\/05\/Gagnez-Airpod-scaled.jpg\" alt=\"\"   width=\"2560\" height=\"960\"\/><\/a><\/p>\n<p>Le 14 juin prochain, les passionn\u00e9s de viticulture biologique ont rendez-vous pour une journ\u00e9e exceptionnelle dans la r\u00e9gion lig\u00e9rienne. Cette manifestation unique en son genre rassemble exclusivement les producteurs de vins sans artifices, cr\u00e9ant un v\u00e9ritable \u00e9cosyst\u00e8me autour de l\u2019agriculture respectueuse.<\/p>\n<p>Une rencontre directe avec les artisans du terroir<\/p>\n<p>D\u00e8s l\u2019ouverture des portes \u00e0 10 heures du matin, les visiteurs pourront d\u00e9ambuler librement dans un espace d\u00e9di\u00e9 aux \u00e9changes authentiques. L\u2019\u00e9quipe du c\u00e9l\u00e8bre \u00e9tablissement associatif Chez Lulu orchestre cette rencontre entre consommateurs curieux et producteurs passionn\u00e9s, venus des quatre coins de l\u2019Hexagone.<\/p>\n<p>Cette approche permet aux amateurs d\u2019\u00e9changer directement avec ceux qui cultivent leurs vignes selon des m\u00e9thodes ancestrales revisit\u00e9es, offrant une transparence totale sur les processus de fabrication.<\/p>\n<p>Quand la musique s\u2019invite \u00e0 la f\u00eate<\/p>\n<p>Mais l\u2019aventure ne s\u2019arr\u00eate pas aux derni\u00e8res d\u00e9gustations ! Une fois le soleil couch\u00e9, l\u2019atmosph\u00e8re bascule vers une ambiance festive totalement diff\u00e9rente. Sur sc\u00e8ne, sept artistes aux influences multiples transforment l\u2019espace en v\u00e9ritable laboratoire sonore.<\/p>\n<p>Ce collectif musical unique fusionne les rythmes latins avec l\u2019\u00e9nergie brute du rock alternatif, cr\u00e9ant une alchimie sonore captivante. Entre percussions envo\u00fbtantes et riffs \u00e9lectriques, ils transportent le public dans un voyage musical aux accents carib\u00e9ens teint\u00e9s de modernit\u00e9 urbaine.<\/p>\n<p>Informations pratiques pour ne rien manquer<\/p>\n<p><strong>Quand ?<\/strong>\u00a0Samedi 14 juin 2025, de 10h \u00e0 18h30 pour le salon<\/p>\n<p><strong>O\u00f9 ?<\/strong>\u00a0Grande salle du fil<\/p>\n<p><strong>Combien ?<\/strong><\/p>\n<ul class=\"wp-block-list\">\n<li>Acc\u00e8s salon uniquement : 10\u20ac<\/li>\n<li>Formule compl\u00e8te (salon + spectacle musical) : 15\u20ac<\/li>\n<\/ul>\n<p>Les r\u00e9servations sont d\u2019ores et d\u00e9j\u00e0 ouvertes pour cet \u00e9v\u00e9nement qui promet de marier d\u00e9couvertes gustatives et plaisirs auditifs dans une ambiance conviviale et d\u00e9contract\u00e9e.<\/p>\n","protected":false},"excerpt":{"rendered":"Le 14 juin prochain, les passionn\u00e9s de viticulture biologique ont rendez-vous pour une journ\u00e9e exceptionnelle dans la r\u00e9gion&hellip;\n","protected":false},"author":2,"featured_media":151354,"comment_status":"","ping_status":"","sticky":false,"template":"","format":"standard","meta":{"footnotes":""},"categories":[9653],"tags":[1111,11,2430,1777,674,1011,27,28074,28075,3367,12,25,4001,28076],"class_list":{"0":"post-151353","1":"post","2":"type-post","3":"status-publish","4":"format-standard","5":"has-post-thumbnail","7":"category-saint-etienne","8":"tag-actu","9":"tag-actualites","10":"tag-auvergne-rhone-alpes","11":"tag-eu","12":"tag-europe","13":"tag-fr","14":"tag-france","15":"tag-la-fuchine","16":"tag-le-fil","17":"tag-loire","18":"tag-news","19":"tag-republique-francaise","20":"tag-saint-etienne","21":"tag-salon-du-vin"},"share_on_mastodon":{"url":"https:\/\/pubeurope.com\/@fr\/114624961283181891","error":""},"_links":{"self":[{"href":"https:\/\/www.europesays.com\/fr\/wp-json\/wp\/v2\/posts\/151353","targetHints":{"allow":["GET"]}}],"collection":[{"href":"https:\/\/www.europesays.com\/fr\/wp-json\/wp\/v2\/posts"}],"about":[{"href":"https:\/\/www.europesays.com\/fr\/wp-json\/wp\/v2\/types\/post"}],"author":[{"embeddable":true,"href":"https:\/\/www.europesays.com\/fr\/wp-json\/wp\/v2\/users\/2"}],"replies":[{"embeddable":true,"href":"https:\/\/www.europesays.com\/fr\/wp-json\/wp\/v2\/comments?post=151353"}],"version-history":[{"count":0,"href":"https:\/\/www.europesays.com\/fr\/wp-json\/wp\/v2\/posts\/151353\/revisions"}],"wp:featuredmedia":[{"embeddable":true,"href":"https:\/\/www.europesays.com\/fr\/wp-json\/wp\/v2\/media\/151354"}],"wp:attachment":[{"href":"https:\/\/www.europesays.com\/fr\/wp-json\/wp\/v2\/media?parent=151353"}],"wp:term":[{"taxonomy":"category","embeddable":true,"href":"https:\/\/www.europesays.com\/fr\/wp-json\/wp\/v2\/categories?post=151353"},{"taxonomy":"post_tag","embeddable":true,"href":"https:\/\/www.europesays.com\/fr\/wp-json\/wp\/v2\/tags?post=151353"}],"curies":[{"name":"wp","href":"https:\/\/api.w.org\/{rel}","templated":true}]}}