{"id":151357,"date":"2025-06-04T11:55:14","date_gmt":"2025-06-04T11:55:14","guid":{"rendered":"https:\/\/www.europesays.com\/fr\/151357\/"},"modified":"2025-06-04T11:55:14","modified_gmt":"2025-06-04T11:55:14","slug":"sa-fille-en-visite-au-chru-de-nancy-ce-jeudi-voici-pourquoi","status":"publish","type":"post","link":"https:\/\/www.europesays.com\/fr\/151357\/","title":{"rendered":"sa fille en visite au CHRU de Nancy ce jeudi, voici pourquoi"},"content":{"rendered":"<p>            Par<br \/>\n        <strong><br \/>\n            <a href=\"https:\/\/actu.fr\/auteur\/pierre-emile-bouchy-actu-fr\" title=\"Consulter tous les articles de Paul-Emile Bouchy\" target=\"_blank\" rel=\"noopener\">Paul-Emile Bouchy<\/a><br \/>\n        <\/strong><\/p>\n<p>        Publi\u00e9 le<\/p>\n<p>            4 juin 2025 \u00e0 13h09        <\/p>\n<p>Ce jeudi, <a href=\"https:\/\/actu.fr\/ile-de-france\/versailles_78646\/a-versailles-la-fille-de-gisele-pelicot-porte-plainte-pour-viol-contre-son-pere-dominique-pelicot_62340184.html\" target=\"_blank\" rel=\"noopener\">la fille de Gis\u00e8le Pelicot<\/a>,<strong> Caroline Darian<\/strong>, sera pr\u00e9sente au <a href=\"https:\/\/actu.fr\/tag\/chru-de-nancy\" target=\"_blank\" rel=\"noopener\">CHRU de Nancy<\/a> (Meurthe-et-Moselle).<\/p>\n<p class=\" wall-content\">Fondatrice de l\u2019association M\u2019endors Pas, elle se rendra la <a href=\"https:\/\/actu.fr\/grand-est\/nancy_54395\/violences-sexuelles-c-est-quoi-la-maison-de-la-resilience-qui-a-ouvert-a-nancy_62611340.html\" target=\"_blank\" rel=\"noopener\">Maison de la R\u00e9silience<\/a> \u00e0 l\u2019occasion de la venue d\u2019un membre du gouvernement.<\/p>\n<p>Une visite de l\u2019\u00e9tablissement avec la ministre Aurore Berg\u00e9<\/p>\n<p class=\" wall-content\">La pr\u00e9sence de Caroline Darian s\u2019inscrit dans le cadre du d\u00e9placement \u00e0 Nancy d\u2019<a href=\"https:\/\/actu.fr\/tag\/aurore-berge\" target=\"_blank\" rel=\"noopener\">Aurore Berg\u00e9<\/a>, <strong>ministre de l\u2019\u00c9galit\u00e9 entre les femmes et les hommes et de la lutte contre les discriminations<\/strong>.<\/p>\n<p class=\" wall-content\">Ensemble, elles visiteront la Maison de la R\u00e9silience qui accompagne les victimes de violences sexuelles. La ministre y lancera <strong>un dispositif qui permet de d\u00e9poser une plainte directement depuis cet \u00e9tablissement de sant\u00e9<\/strong>.<\/p>\n<p>Le programme d\u2019Aurore Berg\u00e9 \u00e0 Nancy<\/p>\n<p class=\" wall-content\">Outre ce d\u00e9placement au CHRU de Nancy, la ministre va <strong>rencontrer des associations et des acteurs locaux<\/strong> dans plusieurs quartiers de la m\u00e9tropole du Grand Nancy. Voici son programme\u2009:<\/p>\n<ul class=\" wall-content\">\n<li>11h10\u2009: table ronde et pr\u00e9sentation d\u2019actions de lutte contre les discriminations avec les associations et les services publics du Plateau de Haye<\/li>\n<li>12h45\u2009: d\u00e9jeuner \u00e0 la pr\u00e9fecture avec des femmes engag\u00e9es du d\u00e9partement et des acteurs impliqu\u00e9s pour l\u2019\u00e9galit\u00e9 des chances<\/li>\n<li>14h10\u2009: inauguration du 3e salon \u00ab\u2009Talents au f\u00e9minin\u2009\u00bb \u00e0 l\u2019h\u00f4tel de ville de Nancy<\/li>\n<li>15h\u2009: entretien avec Mathieu Klein, maire de Nancy et pr\u00e9sident de la M\u00e9tropole<\/li>\n<li>15h50\u2009: visite de la maison de la R\u00e9silience au CHRU de Nancy<\/li>\n<li>18h10\u2009: Ouverture du forum de Terra Nova \u00ab\u2009Place (s) de la D\u00e9mocratie\u2009\u00bb et table ronde au mus\u00e9um aquarium.<\/li>\n<\/ul>\n<p class=\" wall-content\">\u00c0 l\u2019issue de cette table ronde, Aurore Berg\u00e9 r\u00e9pondra aux questions de la salle. Pour y assister, vous pouvez vous inscrire\u00a0via <a href=\"https:\/\/places-democratie.jenparle.net\/pages\/inscriptions\" target=\"_blank\" rel=\"noopener\">ce lien<\/a>.<\/p>\n<p class=\" wall-content\">Suivez toute l\u2019actualit\u00e9 de vos villes et m\u00e9dias favoris en vous inscrivant \u00e0 <a href=\"https:\/\/moncompte.actu.fr\" title=\"D\u00e9couvez Mon Actu\" rel=\"nofollow noopener\" data-trk=\"{&quot;cta&quot;:{&quot;action&quot;:&quot;https:\\\/\\\/moncompte.actu.fr&quot;,&quot;category&quot;:&quot;mon compte&quot;,&quot;from&quot;:&quot;article footer&quot;,&quot;name&quot;:&quot;Mon actu&quot;,&quot;type&quot;:&quot;cta&quot;}}\" target=\"_blank\">Mon Actu<\/a>.<\/p>\n<ul class=\"ac-article-tag wall-content\">\n<li><a href=\"https:\/\/actu.fr\/tag\/aurore-berge\" data-trk=\"{&quot;cta&quot;:{&quot;action&quot;:&quot;Aurore Berg\\u00e9&quot;,&quot;category&quot;:&quot;tag&quot;,&quot;from&quot;:&quot;article footer&quot;,&quot;name&quot;:&quot;Aurore Berg\\u00e9&quot;,&quot;type&quot;:&quot;cta&quot;}}\" target=\"_blank\" rel=\"noopener\">#Aurore Berg\u00e9<\/a><\/li>\n<li><a href=\"https:\/\/actu.fr\/tag\/violences-sexuelles\" data-trk=\"{&quot;cta&quot;:{&quot;action&quot;:&quot;Violences sexuelles&quot;,&quot;category&quot;:&quot;tag&quot;,&quot;from&quot;:&quot;article footer&quot;,&quot;name&quot;:&quot;Violences sexuelles&quot;,&quot;type&quot;:&quot;cta&quot;}}\" target=\"_blank\" rel=\"noopener\">#Violences sexuelles<\/a><\/li>\n<\/ul>\n","protected":false},"excerpt":{"rendered":"Par Paul-Emile Bouchy Publi\u00e9 le 4 juin 2025 \u00e0 13h09 Ce jeudi, la fille de Gis\u00e8le Pelicot, Caroline&hellip;\n","protected":false},"author":2,"featured_media":151358,"comment_status":"","ping_status":"","sticky":false,"template":"","format":"standard","meta":{"footnotes":""},"categories":[9635],"tags":[1111,11,9573,1777,674,1011,27,775,1702,12,25,104,799],"class_list":{"0":"post-151357","1":"post","2":"type-post","3":"status-publish","4":"format-standard","5":"has-post-thumbnail","7":"category-nancy","8":"tag-actu","9":"tag-actualites","10":"tag-aurore-berge","11":"tag-eu","12":"tag-europe","13":"tag-fr","14":"tag-france","15":"tag-grand-est","16":"tag-nancy","17":"tag-news","18":"tag-republique-francaise","19":"tag-societe","20":"tag-violences-sexuelles"},"share_on_mastodon":{"url":"https:\/\/pubeurope.com\/@fr\/114624969009391220","error":""},"_links":{"self":[{"href":"https:\/\/www.europesays.com\/fr\/wp-json\/wp\/v2\/posts\/151357","targetHints":{"allow":["GET"]}}],"collection":[{"href":"https:\/\/www.europesays.com\/fr\/wp-json\/wp\/v2\/posts"}],"about":[{"href":"https:\/\/www.europesays.com\/fr\/wp-json\/wp\/v2\/types\/post"}],"author":[{"embeddable":true,"href":"https:\/\/www.europesays.com\/fr\/wp-json\/wp\/v2\/users\/2"}],"replies":[{"embeddable":true,"href":"https:\/\/www.europesays.com\/fr\/wp-json\/wp\/v2\/comments?post=151357"}],"version-history":[{"count":0,"href":"https:\/\/www.europesays.com\/fr\/wp-json\/wp\/v2\/posts\/151357\/revisions"}],"wp:featuredmedia":[{"embeddable":true,"href":"https:\/\/www.europesays.com\/fr\/wp-json\/wp\/v2\/media\/151358"}],"wp:attachment":[{"href":"https:\/\/www.europesays.com\/fr\/wp-json\/wp\/v2\/media?parent=151357"}],"wp:term":[{"taxonomy":"category","embeddable":true,"href":"https:\/\/www.europesays.com\/fr\/wp-json\/wp\/v2\/categories?post=151357"},{"taxonomy":"post_tag","embeddable":true,"href":"https:\/\/www.europesays.com\/fr\/wp-json\/wp\/v2\/tags?post=151357"}],"curies":[{"name":"wp","href":"https:\/\/api.w.org\/{rel}","templated":true}]}}