{"id":151359,"date":"2025-06-04T11:56:10","date_gmt":"2025-06-04T11:56:10","guid":{"rendered":"https:\/\/www.europesays.com\/fr\/151359\/"},"modified":"2025-06-04T11:56:10","modified_gmt":"2025-06-04T11:56:10","slug":"sante-la-ville-de-nancy-lance-une-mutuelle-moins-chere-pour-ses-habitants-voici-comment-ca-marche","status":"publish","type":"post","link":"https:\/\/www.europesays.com\/fr\/151359\/","title":{"rendered":"Sant\u00e9. La Ville de Nancy lance une mutuelle moins ch\u00e8re pour ses habitants : voici comment\u00a0\u00e7a\u00a0marche"},"content":{"rendered":"<p>            Par<br \/>\n        <strong><br \/>\n            <a href=\"https:\/\/actu.fr\/auteur\/amandine-mehl\" title=\"Consulter tous les articles de Amandine Mehl\" target=\"_blank\" rel=\"noopener\">Amandine Mehl<\/a><br \/>\n        <\/strong><\/p>\n<p>        Publi\u00e9 le<\/p>\n<p>            4 juin 2025 \u00e0 13h02        <\/p>\n<p>En France, tous les habitants ne sont pas \u00e9gaux lorsqu\u2019il est question de <a href=\"https:\/\/actu.fr\/tag\/sante\" target=\"_blank\" rel=\"noopener\">sant\u00e9<\/a> et plus particuli\u00e8rement d\u2019<strong>acc\u00e8s aux soins<\/strong>. En ce sens, lors du conseil municipal du 19\u00a0mai 2025, la <strong>Ville de Nancy<\/strong> a act\u00e9 la mise en place d\u2019une <strong>mutuelle communale<\/strong> pour les Nanc\u00e9iens.<\/p>\n<p class=\" wall-content\">Explications.<\/p>\n<p>Une mutuelle communale accessible \u00e0 tous les habitants de Nancy<\/p>\n<p class=\" wall-content\">\u00ab\u2009La mutuelle communale permettra de<strong> r\u00e9duire les in\u00e9galit\u00e9s<\/strong> d\u2019acc\u00e8s aux soins et d\u2019<strong>am\u00e9liorer la qualit\u00e9 de vie<\/strong> des Nanc\u00e9iens. Sa mise en place s\u2019inscrit dans une <strong>d\u00e9marche globale de soutien<\/strong> et de <a href=\"https:\/\/actu.fr\/tag\/solidarite\" target=\"_blank\" rel=\"noopener\">solidarit\u00e9<\/a>\u2009\u00bb, a d\u00e9taill\u00e9 Marc Tenenbaum, adjoint d\u00e9l\u00e9gu\u00e9 au territoire ouest et \u00e0 la sant\u00e9.<\/p>\n<p class=\" wall-content\">Cette <a href=\"https:\/\/actu.fr\/economie\/mutuelles-apres-8-1-en-2024-les-tarifs-des-complementaires-sante-augmentent-encore-en-2025_62016503.html\" target=\"_blank\" rel=\"noopener\">mutuelle<\/a> sera <strong>\u00e0 disposition de tous les habitants<\/strong>. Ils auront ainsi la possibilit\u00e9 de souscrire \u00e0 cette couverture sant\u00e9 <strong>\u00e0 des tarifs pr\u00e9f\u00e9rentiels<\/strong>, <strong>sans conditions de ressources ni d\u2019\u00e2ge<\/strong>.<\/p>\n<p>La mutuelle communale devrait \u00eatre op\u00e9rationnelle \u00e0 la fin de l\u2019\u00e9t\u00e9 2025<\/p>\n<p class=\" wall-content\">Concernant sa mise en place, la Ville de Nancy doit proc\u00e9der \u00e0 un<strong> appel \u00e0 candidatures<\/strong> sur la base d\u2019un cahier des charges \u00ab\u2009qui permettra aux organismes relevant du champ du code de la mutualit\u00e9 de d\u00e9poser une offre au plus tard le 30\u00a0juin 2025\u2009\u00bb.<\/p>\n<p class=\" wall-content\">La mutuelle communale <strong>devrait donc \u00eatre op\u00e9rationnelle \u00e0 la fin de l\u2019\u00e9t\u00e9<\/strong>.<\/p>\n<p class=\" wall-content\">Suivez toute l\u2019actualit\u00e9 de vos villes et m\u00e9dias favoris en vous inscrivant \u00e0 <a href=\"https:\/\/moncompte.actu.fr\" title=\"D\u00e9couvez Mon Actu\" rel=\"nofollow noopener\" data-trk=\"{&quot;cta&quot;:{&quot;action&quot;:&quot;https:\\\/\\\/moncompte.actu.fr&quot;,&quot;category&quot;:&quot;mon compte&quot;,&quot;from&quot;:&quot;article footer&quot;,&quot;name&quot;:&quot;Mon actu&quot;,&quot;type&quot;:&quot;cta&quot;}}\" target=\"_blank\">Mon Actu<\/a>.<\/p>\n","protected":false},"excerpt":{"rendered":"Par Amandine Mehl Publi\u00e9 le 4 juin 2025 \u00e0 13h02 En France, tous les habitants ne sont pas&hellip;\n","protected":false},"author":2,"featured_media":151360,"comment_status":"","ping_status":"","sticky":false,"template":"","format":"standard","meta":{"footnotes":""},"categories":[9635],"tags":[1111,11,1777,674,1011,27,775,1702,12,25,71,104,3400],"class_list":{"0":"post-151359","1":"post","2":"type-post","3":"status-publish","4":"format-standard","5":"has-post-thumbnail","7":"category-nancy","8":"tag-actu","9":"tag-actualites","10":"tag-eu","11":"tag-europe","12":"tag-fr","13":"tag-france","14":"tag-grand-est","15":"tag-nancy","16":"tag-news","17":"tag-republique-francaise","18":"tag-sante","19":"tag-societe","20":"tag-solidarite"},"share_on_mastodon":{"url":"https:\/\/pubeurope.com\/@fr\/114624972905601184","error":""},"_links":{"self":[{"href":"https:\/\/www.europesays.com\/fr\/wp-json\/wp\/v2\/posts\/151359","targetHints":{"allow":["GET"]}}],"collection":[{"href":"https:\/\/www.europesays.com\/fr\/wp-json\/wp\/v2\/posts"}],"about":[{"href":"https:\/\/www.europesays.com\/fr\/wp-json\/wp\/v2\/types\/post"}],"author":[{"embeddable":true,"href":"https:\/\/www.europesays.com\/fr\/wp-json\/wp\/v2\/users\/2"}],"replies":[{"embeddable":true,"href":"https:\/\/www.europesays.com\/fr\/wp-json\/wp\/v2\/comments?post=151359"}],"version-history":[{"count":0,"href":"https:\/\/www.europesays.com\/fr\/wp-json\/wp\/v2\/posts\/151359\/revisions"}],"wp:featuredmedia":[{"embeddable":true,"href":"https:\/\/www.europesays.com\/fr\/wp-json\/wp\/v2\/media\/151360"}],"wp:attachment":[{"href":"https:\/\/www.europesays.com\/fr\/wp-json\/wp\/v2\/media?parent=151359"}],"wp:term":[{"taxonomy":"category","embeddable":true,"href":"https:\/\/www.europesays.com\/fr\/wp-json\/wp\/v2\/categories?post=151359"},{"taxonomy":"post_tag","embeddable":true,"href":"https:\/\/www.europesays.com\/fr\/wp-json\/wp\/v2\/tags?post=151359"}],"curies":[{"name":"wp","href":"https:\/\/api.w.org\/{rel}","templated":true}]}}