{"id":151371,"date":"2025-06-04T12:06:21","date_gmt":"2025-06-04T12:06:21","guid":{"rendered":"https:\/\/www.europesays.com\/fr\/151371\/"},"modified":"2025-06-04T12:06:21","modified_gmt":"2025-06-04T12:06:21","slug":"cette-actrice-star-de-greys-anatomy-est-en-realite-francaise","status":"publish","type":"post","link":"https:\/\/www.europesays.com\/fr\/151371\/","title":{"rendered":"cette actrice star de Grey&rsquo;s Anatomy est en r\u00e9alit\u00e9 fran\u00e7aise !"},"content":{"rendered":"<p>\u00ab\u00a0Je vais vous raconter comment je suis pass\u00e9e de fan de Grey&rsquo;s Anatomy \u00e0 actrice dans Grey&rsquo;s Anatomy\u00a0\u00bb. Interrog\u00e9e par le m\u00e9dia Serieously, cette actrice fran\u00e7aise a partag\u00e9 son parcours. \u00ab\u00a0J&rsquo;ai grandi \u00e0 Grenoble, ma m\u00e8re est fran\u00e7aise, toute sa famille vient de Grenoble et mon p\u00e8re est Am\u00e9ricain. Je n&rsquo;ai jamais vraiment pens\u00e9 que je viendrais vivre aux \u00c9tats-Unis, et encore moins \u00e0 Los Angeles.\u00a0\u00bb Et pourtant, son r\u00eave est devenu r\u00e9alit\u00e9.<\/p>\n<p>Il s&rsquo;agit de Jaicy Elliot, elle incarne le personnage du Dr Taryn Helm depuis la saison 14. Et si elle aimait la s\u00e9rie, jamais elle n&rsquo;aurait pens\u00e9 qu&rsquo;int\u00e9grer le casting \u00e9tait possible. Jusqu&rsquo;au jour o\u00f9 ! \u00ab\u00a0J&rsquo;ai fini par faire le programme des Cours Florent sur les trois ans et \u00e0 la fin j&rsquo;\u00e9tais un peu perdue (&#8230;) il y a tellement de monde qui r\u00eave de faire ce m\u00e9tier que \u00e7a semblait un peu intimidant\u00a0\u00bb.<\/p>\n<p>Un beau jour, elle se d\u00e9cide \u00e0 partir \u00e0 Los Angeles, pour assouvir une envie de voyage. Elle loge alors dans sa famille et c&rsquo;est \u00e0 ce moment-l\u00e0 que l&rsquo;un d&rsquo;eux lui parle de l&rsquo;audition pour Taryn Helm. Quelques jours plus tard, elle s&rsquo;y rend. \u00ab\u00a0J&rsquo;ai eu des probl\u00e8mes de voiture, je suis arriv\u00e9e une heure et demie en retard \u00e0 l&rsquo;audition\u00a0\u00bb, se souvient-elle. Terriblement stress\u00e9e par ce retard, elle rel\u00e2che la pression en pleurant dans sa voiture, et estime aujourd&rsquo;hui que c&rsquo;est gr\u00e2ce \u00e0 cela qu&rsquo;elle a obtenu le r\u00f4le. \u00ab\u00a0Quand je suis arriv\u00e9e, j&rsquo;avais tellement pleur\u00e9 que j&rsquo;\u00e9tais hyper d\u00e9contract\u00e9e\u00a0\u00bb, pr\u00e9cise-t-elle \u00e0 nos confr\u00e8res.<\/p>\n<p>Elle confie se sentir proche (&#8230;)<\/p>\n<p>(&#8230;) <a href=\"https:\/\/www.femmeactuelle.fr\/actu\/news-actu\/j-ai-grandi-a-grenoble-cette-actrice-star-de-grey-s-anatomy-est-en-realite-francaise-2193904\" rel=\"nofollow noopener\" target=\"_blank\" data-ylk=\"slk:Cliquez ici pour voir la suite;elm:context_link;itc:0;sec:content-canvas\" class=\"link \">Cliquez ici pour voir la suite<\/a><\/p>\n<p><a href=\"https:\/\/www.femmeactuelle.fr\/actu\/news-actu\/cette-actrice-star-d-une-serie-culte-des-annees-2000-rejoint-le-casting-de-grey-s-anatomy-2182897\" rel=\"nofollow noopener\" target=\"_blank\" data-ylk=\"slk:Cette actrice star d&#039;une s\u00e9rie culte des ann\u00e9es 2000 rejoint le casting de &quot;Grey&#039;s Anatomy&quot; !;elm:context_link;itc:0;sec:content-canvas\" class=\"link \">Cette actrice star d&rsquo;une s\u00e9rie culte des ann\u00e9es 2000 rejoint le casting de \u00ab\u00a0Grey&rsquo;s Anatomy\u00a0\u00bb !<\/a><br \/><a href=\"https:\/\/www.femmeactuelle.fr\/actu\/news-actu\/j-ai-fait-des-trucs-dans-grey-s-anatomy-laura-felpin-en-dit-plus-sur-ses-debuts-de-carriere-2191876\" rel=\"nofollow noopener\" target=\"_blank\" data-ylk=\"slk:&quot;J&#039;ai fait des trucs dans Grey&#039;s Anatomy&quot;, Laura Felpin en dit plus sur ses d\u00e9buts de carri\u00e8re;elm:context_link;itc:0;sec:content-canvas\" class=\"link \">\u00ab\u00a0J&rsquo;ai fait des trucs dans Grey&rsquo;s Anatomy\u00a0\u00bb, Laura Felpin en dit plus sur ses d\u00e9buts de carri\u00e8re<\/a><br \/><a href=\"https:\/\/www.femmeactuelle.fr\/actu\/news-actu\/viols-en-serie-a-grenoble-un-suspect-a-ete-interpelle-2173514\" rel=\"nofollow noopener\" target=\"_blank\" data-ylk=\"slk:Viols en s\u00e9rie \u00e0 Grenoble : un suspect a \u00e9t\u00e9 interpell\u00e9;elm:context_link;itc:0;sec:content-canvas\" class=\"link \">Viols en s\u00e9rie \u00e0 Grenoble : un suspect a \u00e9t\u00e9 interpell\u00e9<\/a><br \/><a href=\"https:\/\/www.femmeactuelle.fr\/actu\/news-actu\/viols-en-serie-a-grenoble-un-homme-age-de-22-ans-mis-en-examen-2173541\" rel=\"nofollow noopener\" target=\"_blank\" data-ylk=\"slk:Viols en s\u00e9rie \u00e0 Grenoble : un homme \u00e2g\u00e9 de 22 ans mis en examen;elm:context_link;itc:0;sec:content-canvas\" class=\"link \">Viols en s\u00e9rie \u00e0 Grenoble : un homme \u00e2g\u00e9 de 22 ans mis en examen<\/a><br \/><a href=\"https:\/\/www.femmeactuelle.fr\/actu\/news-actu\/cette-ville-etudiante-francaise-est-celle-ou-la-vie-est-la-moins-chere-2180225\" rel=\"nofollow noopener\" target=\"_blank\" data-ylk=\"slk:Cette ville \u00e9tudiante fran\u00e7aise est celle o\u00f9 la vie est la moins ch\u00e8re !;elm:context_link;itc:0;sec:content-canvas\" class=\"link \">Cette ville \u00e9tudiante fran\u00e7aise est celle o\u00f9 la vie est la moins ch\u00e8re !<\/a><\/p>\n","protected":false},"excerpt":{"rendered":"\u00ab\u00a0Je vais vous raconter comment je suis pass\u00e9e de fan de Grey&rsquo;s Anatomy \u00e0 actrice dans Grey&rsquo;s Anatomy\u00a0\u00bb.&hellip;\n","protected":false},"author":2,"featured_media":151372,"comment_status":"","ping_status":"","sticky":false,"template":"","format":"standard","meta":{"footnotes":""},"categories":[9566],"tags":[1111,11,2430,28078,1777,674,1011,27,2731,6885,12,28077,25,28079],"class_list":{"0":"post-151371","1":"post","2":"type-post","3":"status-publish","4":"format-standard","5":"has-post-thumbnail","7":"category-grenoble","8":"tag-actu","9":"tag-actualites","10":"tag-auvergne-rhone-alpes","11":"tag-cest-grace","12":"tag-eu","13":"tag-europe","14":"tag-fr","15":"tag-france","16":"tag-grenoble","17":"tag-greys-anatomy","18":"tag-news","19":"tag-problemes-de-voiture","20":"tag-republique-francaise","21":"tag-taryn-helm"},"share_on_mastodon":{"url":"https:\/\/pubeurope.com\/@fr\/114625012229213609","error":""},"_links":{"self":[{"href":"https:\/\/www.europesays.com\/fr\/wp-json\/wp\/v2\/posts\/151371","targetHints":{"allow":["GET"]}}],"collection":[{"href":"https:\/\/www.europesays.com\/fr\/wp-json\/wp\/v2\/posts"}],"about":[{"href":"https:\/\/www.europesays.com\/fr\/wp-json\/wp\/v2\/types\/post"}],"author":[{"embeddable":true,"href":"https:\/\/www.europesays.com\/fr\/wp-json\/wp\/v2\/users\/2"}],"replies":[{"embeddable":true,"href":"https:\/\/www.europesays.com\/fr\/wp-json\/wp\/v2\/comments?post=151371"}],"version-history":[{"count":0,"href":"https:\/\/www.europesays.com\/fr\/wp-json\/wp\/v2\/posts\/151371\/revisions"}],"wp:featuredmedia":[{"embeddable":true,"href":"https:\/\/www.europesays.com\/fr\/wp-json\/wp\/v2\/media\/151372"}],"wp:attachment":[{"href":"https:\/\/www.europesays.com\/fr\/wp-json\/wp\/v2\/media?parent=151371"}],"wp:term":[{"taxonomy":"category","embeddable":true,"href":"https:\/\/www.europesays.com\/fr\/wp-json\/wp\/v2\/categories?post=151371"},{"taxonomy":"post_tag","embeddable":true,"href":"https:\/\/www.europesays.com\/fr\/wp-json\/wp\/v2\/tags?post=151371"}],"curies":[{"name":"wp","href":"https:\/\/api.w.org\/{rel}","templated":true}]}}