{"id":151375,"date":"2025-06-04T12:10:12","date_gmt":"2025-06-04T12:10:12","guid":{"rendered":"https:\/\/www.europesays.com\/fr\/151375\/"},"modified":"2025-06-04T12:10:12","modified_gmt":"2025-06-04T12:10:12","slug":"un-transformateur-de-panneaux-photovoltaiques-prend-feu-800-eleves-evacues","status":"publish","type":"post","link":"https:\/\/www.europesays.com\/fr\/151375\/","title":{"rendered":"un transformateur de panneaux photovolta\u00efques prend feu, 800 \u00e9l\u00e8ves \u00e9vacu\u00e9s"},"content":{"rendered":"<p>Un feu s\u2019est d\u00e9clar\u00e9 au lyc\u00e9e \u00c9mile-Mathis, \u00e0 Schiltigheim, ce mercredi 4\u00a0juin vers 10\u00a0h. Il a \u00e9t\u00e9 provoqu\u00e9 par une surchauffe d\u2019un transformateur de panneaux photovolta\u00efques, qui a pris feu sur un m\u00e8tre cube. Le feu s\u2019est ensuite propag\u00e9 au bitume et au polystyr\u00e8ne.<\/p>\n<p>Ce contenu est bloqu\u00e9 car vous n&rsquo;avez pas accept\u00e9 les cookies et autres traceurs.<\/p>\n<p>En cliquant sur \u00ab J\u2019accepte \u00bb, les cookies et autres traceurs seront d\u00e9pos\u00e9s et vous pourrez visualiser les contenus  (<a href=\"\" class=\"consentModule_policy\" target=\"_blank\" title=\"Consulter la politique de protection des donn\u00e9es du fournisseur\">plus d&rsquo;informations<\/a>).<\/p>\n<p>En cliquant sur \u00ab J\u2019accepte tous les cookies \u00bb, vous autorisez des d\u00e9p\u00f4ts de cookies et autres traceurs pour le stockage de vos donn\u00e9es sur nos sites et applications \u00e0 des fins de personnalisation et de ciblage publicitaire.<\/p>\n<p class=\"consentModule_secondaryText\">Vous gardez la possibilit\u00e9 de retirer votre consentement \u00e0 tout moment en consultant notre <a href=\"https:\/\/www.dna.fr\/protection-des-donnees\" target=\"_blank\" title=\"Consulter notre politique de protection des donn\u00e9es\" rel=\"noopener\">politique de protection des donn\u00e9es<\/a>. <br \/>&#13;<br \/>\n            <a href=\"https:\/\/www.dna.fr\/faits-divers-justice\/2025\/06\/04\/javascript:Didomi.notice.show()\" class=\"consentModule_cmp\" target=\"_blank\" rel=\"noopener\">G\u00e9rer mes choix<\/a>&#13;\n        <\/p>\n<p>&#13;<br \/>\n                        J&rsquo;accepte&#13;<br \/>\n            J&rsquo;accepte tous les cookies&#13;\n        <\/p>\n<p>Le d\u00e9but d\u2019incendie a \u00e9t\u00e9 ma\u00eetris\u00e9 par le personnel de l\u2018\u00e9tablissement, expliquent les pompiers sur place. Appel\u00e9s vers 10\u00a0h\u00a015, ces derniers ont proc\u00e9d\u00e9 \u00e0 une lev\u00e9e de doute et au d\u00e9garnissage.<\/p>\n<p>Au total, 800 \u00e9l\u00e8ves ont \u00e9t\u00e9 \u00e9vacu\u00e9s sans trouble ni intoxication. Vers 11\u00a0h\u00a015, les lyc\u00e9ens ont regagn\u00e9 l\u2019\u00e9tablissement dans le calme.<\/p>\n<p>Un temps ferm\u00e9e dans le sens sud-nord, l\u2019all\u00e9e Pierre-Mendes-France a \u00e9t\u00e9 rendue \u00e0 la circulation un peu avant midi.<\/p>\n","protected":false},"excerpt":{"rendered":"Un feu s\u2019est d\u00e9clar\u00e9 au lyc\u00e9e \u00c9mile-Mathis, \u00e0 Schiltigheim, ce mercredi 4\u00a0juin vers 10\u00a0h. Il a \u00e9t\u00e9 provoqu\u00e9&hellip;\n","protected":false},"author":2,"featured_media":151376,"comment_status":"","ping_status":"","sticky":false,"template":"","format":"standard","meta":{"footnotes":""},"categories":[2820],"tags":[1111,11,2880,1777,674,274,107,1011,27,775,1310,12,25,5512,640,3265],"class_list":{"0":"post-151375","1":"post","2":"type-post","3":"status-publish","4":"format-standard","5":"has-post-thumbnail","7":"category-strasbourg","8":"tag-actu","9":"tag-actualites","10":"tag-edition-strasbourg","11":"tag-eu","12":"tag-europe","13":"tag-faits-divers-justice","14":"tag-fil-info","15":"tag-fr","16":"tag-france","17":"tag-grand-est","18":"tag-incendie","19":"tag-news","20":"tag-republique-francaise","21":"tag-schiltigheim","22":"tag-strasbourg","23":"tag-strasbourg-nord"},"share_on_mastodon":{"url":"https:\/\/pubeurope.com\/@fr\/114625028082220670","error":""},"_links":{"self":[{"href":"https:\/\/www.europesays.com\/fr\/wp-json\/wp\/v2\/posts\/151375","targetHints":{"allow":["GET"]}}],"collection":[{"href":"https:\/\/www.europesays.com\/fr\/wp-json\/wp\/v2\/posts"}],"about":[{"href":"https:\/\/www.europesays.com\/fr\/wp-json\/wp\/v2\/types\/post"}],"author":[{"embeddable":true,"href":"https:\/\/www.europesays.com\/fr\/wp-json\/wp\/v2\/users\/2"}],"replies":[{"embeddable":true,"href":"https:\/\/www.europesays.com\/fr\/wp-json\/wp\/v2\/comments?post=151375"}],"version-history":[{"count":0,"href":"https:\/\/www.europesays.com\/fr\/wp-json\/wp\/v2\/posts\/151375\/revisions"}],"wp:featuredmedia":[{"embeddable":true,"href":"https:\/\/www.europesays.com\/fr\/wp-json\/wp\/v2\/media\/151376"}],"wp:attachment":[{"href":"https:\/\/www.europesays.com\/fr\/wp-json\/wp\/v2\/media?parent=151375"}],"wp:term":[{"taxonomy":"category","embeddable":true,"href":"https:\/\/www.europesays.com\/fr\/wp-json\/wp\/v2\/categories?post=151375"},{"taxonomy":"post_tag","embeddable":true,"href":"https:\/\/www.europesays.com\/fr\/wp-json\/wp\/v2\/tags?post=151375"}],"curies":[{"name":"wp","href":"https:\/\/api.w.org\/{rel}","templated":true}]}}