{"id":151377,"date":"2025-06-04T12:11:11","date_gmt":"2025-06-04T12:11:11","guid":{"rendered":"https:\/\/www.europesays.com\/fr\/151377\/"},"modified":"2025-06-04T12:11:11","modified_gmt":"2025-06-04T12:11:11","slug":"un-temps-nicois-a-strasbourg-le-drole-de-printemps-francais-en-2025","status":"publish","type":"post","link":"https:\/\/www.europesays.com\/fr\/151377\/","title":{"rendered":"Un temps ni\u00e7ois \u00e0 Strasbourg : le dr\u00f4le de printemps fran\u00e7ais en 2025"},"content":{"rendered":"<ul class=\"jsx-862013697 ArticleChapo__List\">\n<li class=\"jsx-862013697 ArticleChapo__List_Item flex\">Le printemps 2025 est le 3\u1d49 le plus chaud jamais enregistr\u00e9 en France.<\/li>\n<li class=\"jsx-862013697 ArticleChapo__List_Item flex\">Avec une particularit\u00e9 : les temp\u00e9ratures ont \u00e9t\u00e9 particuli\u00e8rement \u00e9lev\u00e9es dans le nord de l&rsquo;Hexagone.<\/li>\n<li class=\"jsx-862013697 ArticleChapo__List_Item flex\">Cet \u00e9t\u00e9, le mercure devrait \u00e0 nouveau \u00eatre plus haut que la normale.<\/li>\n<\/ul>\n<p data-module=\"article-paragraph\" class=\"jsx-3046738180 Paragraph Paragraph__End\">Une maximale de 18,5\u00b0C \u00e0 Strasbourg. Si cette temp\u00e9rature est normale \u00e0 Nice, elle l&rsquo;est beaucoup moins dans la ville du Bas-Rhin. Un exemple du dr\u00f4le de printemps qu&rsquo;a v\u00e9cu la France, <a href=\"https:\/\/www.tf1info.fr\/meteo\/un-debut-de-printemps-meteorologique-parmi-les-plus-chauds-depuis-le-debut-du-xxe-siecle-en-france-2368821.html\" target=\"_blank\" rel=\"noopener\">avec des temp\u00e9ratures plus chaudes que la normale sur l&rsquo;ensemble du territoire<\/a>, mais des mois de mars, avril et mai bien plus chauds et ensoleill\u00e9s au nord qu&rsquo;au sud, qui a connu une m\u00e9t\u00e9o beaucoup plus instable.\u00a0<\/p>\n<p data-module=\"article-paragraph\" class=\"jsx-3046738180 Paragraph Paragraph__End\">Dans son bilan publi\u00e9 mercredi 4 juin, M\u00e9t\u00e9o-France avance ainsi que \u00ab\u00a0le printemps 2025 se situe du 3\u1d49 rang des printemps les plus chauds\u00a0\u00bb avec une anomalie de +1,1\u00b0C par rapport \u00e0 la normale. Il se situe ex \u00e6quo avec les printemps 2022 et 2007, mais derri\u00e8re ceux de 2011 (+1,5\u00b0C) et 2020 (+1,3\u00b0C). Mars, avril et mai ont tous \u00e9t\u00e9 au-dessus des normales de saison (+0,7\u00b0C pour mars, +1,7\u00b0C pour avril et +0,8\u00b0C pour mai). Cette ann\u00e9e suit <a href=\"https:\/\/www.tf1info.fr\/environnement-ecologie\/changement-climatique-2030-2050-210-quel-climat-dans-votre-region-dans-les-annees-a-venir-2338762.html\" target=\"_blank\" rel=\"noopener\">une tendance de fond avec le changement climatique<\/a> : neuf des dix printemps les plus chauds depuis le d\u00e9but des mesures en 1900 ont \u00e9t\u00e9 enregistr\u00e9s apr\u00e8s les ann\u00e9es 2000.\u00a0<\/p>\n<p><img decoding=\"async\" src=\"https:\/\/www.europesays.com\/fr\/wp-content\/uploads\/2025\/06\/bilan-regional-des-temperatures-et-des-precipitations-printemps-2025-b3fb47-0@1x.jpeg\" alt=\"Bilan des temp\u00e9ratures et des pr\u00e9cipitations au niveau r\u00e9gional en France pour le printemps 2025 - M\u00e9t\u00e9o-France\" loading=\"lazy\" importance=\"low\" fetchpriority=\"low\" class=\"\" data-module=\"article-image\"\/>Bilan des temp\u00e9ratures et des pr\u00e9cipitations au niveau r\u00e9gional en France pour le printemps 2025 &#8211; M\u00e9t\u00e9o-France<\/p>\n<p data-module=\"article-paragraph\" class=\"jsx-3046738180 Paragraph Paragraph__End\">Les d\u00e9partements du Finist\u00e8re, des C\u00f4tes-d&rsquo;Armor et de la Manche ont m\u00eame connu leur printemps le plus chaud jamais enregistr\u00e9.\u00a0<\/p>\n<p>Moins de 15 jours de pluie dans l&rsquo;Aisne<\/p>\n<p data-module=\"article-paragraph\" class=\"jsx-3046738180 Paragraph\">La situation a \u00e9galement \u00e9t\u00e9 tr\u00e8s contrast\u00e9e au niveau de l&rsquo;ensoleillement et des pr\u00e9cipitations. La pluviom\u00e9trie a enregistr\u00e9 des d\u00e9ficits entre 20 et 60% sur les r\u00e9gions de la moiti\u00e9 nord, mais des exc\u00e9dents compris entre 5 et 45% en Occitanie, en Corse et en r\u00e9gion Provence-Alpes-C\u00f4te d&rsquo;Azur. \u00ab\u00a0Localement, au Luc (Var), Agen (Lot-et-Garonne) ou Calvi (Haute-Corse), les cumuls sur le printemps 2025 repr\u00e9sentent une fois et demie \u00e0 deux fois la normale saisonni\u00e8re\u00a0\u00bb, pointe d&rsquo;ailleurs M\u00e9t\u00e9o-France quand dans le nord, Boulogne-sur-Mer (Pas-de-Calais) et Dunkerque (Nord) ont connu un d\u00e9ficit de 70 \u00e0 75%.\u00a0<\/p>\n<p data-module=\"article-paragraph\" class=\"jsx-3046738180 Paragraph Paragraph__End\">Dans le nord, \u00ab\u00a0durant ce printemps, la fr\u00e9quence des pr\u00e9cipitations y est remarquable avec le plus souvent moins de 15 jours de pluie comme \u00e0 Saint-Quentin (Aisne, 14 jours) pour une normale saisonni\u00e8re de 30 jours\u00a0\u00bb, d\u00e9taille \u00e9galement M\u00e9t\u00e9o-France. C\u00f4t\u00e9 ensoleillement, m\u00eames constats <a href=\"https:\/\/www.tf1info.fr\/meteo\/cette-ville-du-nord-de-la-france-est-la-plus-ensoleillee-du-pays-depuis-le-debut-du-printemps-2369833.html\" target=\"_blank\" rel=\"noopener\">avec un exc\u00e9dent de plus de 20% au nord de la Loire<\/a> et de plus de 30% au nord de la Seine. Les villes de Reims (Marne), Luxeuil (Haute-Sa\u00f4ne) et Cherbourg (Manche) ont connu deux fois plus de journ\u00e9es tr\u00e8s ensoleill\u00e9es que Biarritz et Pau (Pyr\u00e9n\u00e9es-Atlantiques) ou encore Dax dans les Landes.\u00a0<\/p>\n<p><img decoding=\"async\" src=\"https:\/\/www.europesays.com\/fr\/wp-content\/uploads\/2025\/06\/ensoleillement-en-france-au-printemps-2025-ee6c42-0@1x.jpeg\" alt=\"Les anomalies d'ensoleillement en France pour le printemps 2025 - M\u00e9t\u00e9o-France\" loading=\"lazy\" importance=\"low\" fetchpriority=\"low\" class=\"\" data-module=\"article-image\"\/>Les anomalies d&rsquo;ensoleillement en France pour le printemps 2025 &#8211; M\u00e9t\u00e9o-France<\/p>\n<p data-module=\"article-paragraph\" class=\"jsx-3046738180 Paragraph Paragraph__End\">\u00ab\u00a0C&rsquo;est une situation plus inhabituelle, mais pas in\u00e9dite\u00a0\u00bb, pointe le pr\u00e9visionniste qui rappelle que \u00ab\u00a0l&rsquo;ensemble de la p\u00e9riode a \u00e9t\u00e9 marqu\u00e9e par plusieurs \u00e9pisodes anormalement chauds, en particulier fin avril\/d\u00e9but mai ou encore fin mai, v\u00e9ritable premier coup de chaud estival avant l&rsquo;heure\u00a0\u00bb. Les 29 et 30 mai, <a href=\"https:\/\/www.tf1info.fr\/meteo\/meteo-pont-de-l-ascension-plusieurs-records-de-chaleur-battus-en-france-jusqu-a-37-c-dans-les-landes-2374092.html\" target=\"_blank\" rel=\"noopener\">le cap des 30 degr\u00e9s a ainsi \u00e9t\u00e9 franchi sur plus de la moiti\u00e9 du pays<\/a>, \u00ab\u00a0valeur tr\u00e8s exceptionnelle pour un mois de mai\u00a0\u00bb, signale l&rsquo;organisme public. Et entre le 30 avril et le 3 mai, un \u00e9pisode \u00ab\u00a0inhabituellement chaud\u00a0\u00bb et pr\u00e9coce a touch\u00e9 le nord du pays, avec des \u00ab\u00a0temp\u00e9ratures sup\u00e9rieures aux normales de plus de 10 degr\u00e9s par endroit\u00a0\u00bb.<\/p>\n<p><a href=\"https:\/\/www.tf1info.fr\/environnement-ecologie\/copernicus-un-rechauffement-au-dela-de-1-5-c-en-2024-a-t-on-tue-l-objectif-de-l-accord-de-paris-2343842.html\" rel=\"noopener\" class=\"jsx-3308031228 Link flex\" target=\"_blank\"><img decoding=\"async\" src=\"https:\/\/www.europesays.com\/fr\/wp-content\/uploads\/2025\/06\/secheresse-joyeux-france-2023-fcf0a1-0@1x.jpeg\" alt=\"AFP\" loading=\"lazy\" importance=\"low\" fetchpriority=\"low\" class=\"\"\/><\/p>\n<p class=\"jsx-3657663356 ReadMoreArticle__Title\">Lire aussi<\/p>\n<p class=\"jsx-3657663356\">Un r\u00e9chauffement au-del\u00e0 de 1,5\u00b0C en 2024 : a-t-on tu\u00e9 l&rsquo;objectif de l&rsquo;Accord de Paris ?<\/p>\n<p><\/a><\/p>\n<p data-module=\"article-paragraph\" class=\"jsx-3046738180 Paragraph\">Un avertissement de ce qu&rsquo;il pourrait se passer cet \u00e9t\u00e9 ? Possible. Selon les diff\u00e9rents sc\u00e9narios, la saison estivale \u00e0 venir pourrait \u00eatre plus chaude que la normale. Une tendance devenue habituelle avec le changement climatique d\u00fb aux activit\u00e9s humaines. \u00ab\u00a0On ne peut pas pr\u00e9dire le nombre de canicules ou leur intensit\u00e9 pour cet \u00e9t\u00e9, mais dans la dynamique de changement climatique dans laquelle nous sommes, nous connaissons <a href=\"https:\/\/www.tf1info.fr\/environnement-ecologie\/video-climate-sense-christian-clot-le-systeme-cognitif-se-degrade-ce-camion-itinerant-vous-permet-de-tester-les-effets-d-une-canicule-a-50-c-2368700.html\" target=\"_blank\" rel=\"noopener\">de plus en plus de vagues de chaleur estivales<\/a>, qui survenaient auparavant tous les cinq ans et surviennent aujourd&rsquo;hui une ou plusieurs fois chaque \u00e9t\u00e9\u00a0\u00bb, a point\u00e9 lors d&rsquo;une conf\u00e9rence de presse Mathieu Sorel, pr\u00e9visionniste \u00e0 M\u00e9t\u00e9o-France.\u00a0<\/p>\n<p data-module=\"article-paragraph\" class=\"jsx-3046738180 Paragraph Paragraph__End\">Pour rappel, le climat en France est consid\u00e9r\u00e9 comme d\u00e9j\u00e0 r\u00e9chauff\u00e9 de 1,7\u00b0C depuis l&rsquo;\u00e8re pr\u00e9-industrielle et pourrait atteindre +2\u00b0C d&rsquo;ici 2030 selon les projections.<\/p>\n<p>Annick BERGER<\/p>\n","protected":false},"excerpt":{"rendered":"Le printemps 2025 est le 3\u1d49 le plus chaud jamais enregistr\u00e9 en France. Avec une particularit\u00e9 : les&hellip;\n","protected":false},"author":2,"featured_media":151378,"comment_status":"","ping_status":"","sticky":false,"template":"","format":"standard","meta":{"footnotes":""},"categories":[2820],"tags":[1111,11,1921,1777,674,1011,27,775,1922,12,11008,2119,25,640,133,11009],"class_list":{"0":"post-151377","1":"post","2":"type-post","3":"status-publish","4":"format-standard","5":"has-post-thumbnail","7":"category-strasbourg","8":"tag-actu","9":"tag-actualites","10":"tag-article-video","11":"tag-eu","12":"tag-europe","13":"tag-fr","14":"tag-france","15":"tag-grand-est","16":"tag-info","17":"tag-news","18":"tag-phenomenes-meteo","19":"tag-previsions-meteo","20":"tag-republique-francaise","21":"tag-strasbourg","22":"tag-video","23":"tag-video-meteo-et-intemperies"},"share_on_mastodon":{"url":"https:\/\/pubeurope.com\/@fr\/114625032028669001","error":""},"_links":{"self":[{"href":"https:\/\/www.europesays.com\/fr\/wp-json\/wp\/v2\/posts\/151377","targetHints":{"allow":["GET"]}}],"collection":[{"href":"https:\/\/www.europesays.com\/fr\/wp-json\/wp\/v2\/posts"}],"about":[{"href":"https:\/\/www.europesays.com\/fr\/wp-json\/wp\/v2\/types\/post"}],"author":[{"embeddable":true,"href":"https:\/\/www.europesays.com\/fr\/wp-json\/wp\/v2\/users\/2"}],"replies":[{"embeddable":true,"href":"https:\/\/www.europesays.com\/fr\/wp-json\/wp\/v2\/comments?post=151377"}],"version-history":[{"count":0,"href":"https:\/\/www.europesays.com\/fr\/wp-json\/wp\/v2\/posts\/151377\/revisions"}],"wp:featuredmedia":[{"embeddable":true,"href":"https:\/\/www.europesays.com\/fr\/wp-json\/wp\/v2\/media\/151378"}],"wp:attachment":[{"href":"https:\/\/www.europesays.com\/fr\/wp-json\/wp\/v2\/media?parent=151377"}],"wp:term":[{"taxonomy":"category","embeddable":true,"href":"https:\/\/www.europesays.com\/fr\/wp-json\/wp\/v2\/categories?post=151377"},{"taxonomy":"post_tag","embeddable":true,"href":"https:\/\/www.europesays.com\/fr\/wp-json\/wp\/v2\/tags?post=151377"}],"curies":[{"name":"wp","href":"https:\/\/api.w.org\/{rel}","templated":true}]}}