{"id":151389,"date":"2025-06-04T12:17:09","date_gmt":"2025-06-04T12:17:09","guid":{"rendered":"https:\/\/www.europesays.com\/fr\/151389\/"},"modified":"2025-06-04T12:17:09","modified_gmt":"2025-06-04T12:17:09","slug":"un-quadragenaire-meurt-electrocute-apres-avoir-emmele-sa-canne-a-peche-sur-une-ligne-a-haute-tension","status":"publish","type":"post","link":"https:\/\/www.europesays.com\/fr\/151389\/","title":{"rendered":"un quadrag\u00e9naire meurt \u00e9lectrocut\u00e9 apr\u00e8s avoir emm\u00eal\u00e9 sa canne \u00e0 p\u00eache sur une ligne \u00e0 haute tension"},"content":{"rendered":"<p>Quelques heures apr\u00e8s le drame, qui s\u2019est d\u00e9roul\u00e9 autour du lac d\u2019Anglade mardi, la mairie d\u2019Izon a pris un arr\u00eat\u00e9 pour interdire la p\u00eache dans la zone avoisinant la ligne \u00e0 haute tension.<\/p>\n<p class=\"fig-paragraph\">Le drame s\u2019est d\u00e9roul\u00e9 mardi autour du lac d\u2019Anglade, \u00e0\u00a0<a href=\"http:\/\/www.lefigaro.fr\/bordeaux\/assassinat-des-epoux-muller-le-principal-suspect-plaide-le-crime-passionnel-durant-ses-auditions-20240209\" data-fig-type=\"NewsFlash\" data-gtm-custom-categorie=\"navigation\" data-gtm-custom-action=\"crossclick\" data-gtm-custom-label=\"Contextuel\" data-gtm-event=\"customEventSPE\" data-fig-domain=\"LEFIGARO\" target=\"_blank\" rel=\"noopener\">Izon<\/a>, une commune situ\u00e9e \u00e0 26 kilom\u00e8tres de Bordeaux. Un homme, \u00e2g\u00e9 de 49 ans, p\u00eachait quand sa\u00a0<a href=\"http:\/\/www.lefigaro.fr\/bordeaux\/peche-considere-comme-un-nuisible-le-silure-est-dans-le-viseur-des-autorites-en-gironde-20240929\" data-fig-type=\"NewsFlash\" data-gtm-custom-categorie=\"navigation\" data-gtm-custom-action=\"crossclick\" data-gtm-custom-label=\"Contextuel\" data-gtm-event=\"customEventSPE\" data-fig-domain=\"LEFIGARO\" target=\"_blank\" rel=\"noopener\">canne \u00e0 p\u00eache\u00a0<\/a>s\u2019est malencontreusement emm\u00eal\u00e9e sur la<a href=\"http:\/\/www.lefigaro.fr\/marseille\/une-balafre-qui-va-saccager-les-paysages-tension-toujours-vive-autour-du-projet-de-ligne-a-tres-haute-tension-a-arles-20250603\" data-fig-type=\"NewsFlash\" data-gtm-custom-categorie=\"navigation\" data-gtm-custom-action=\"crossclick\" data-gtm-custom-label=\"Contextuel\" data-gtm-event=\"customEventSPE\" data-fig-domain=\"LEFIGARO\" target=\"_blank\" rel=\"noopener\">\u00a0ligne \u00e0 haute tension<\/a>\u00a0&#8211; qui passe \u00e0 proximit\u00e9, le long de la d\u00e9partementale D242.<\/p>\n<p class=\"fig-paragraph\">Malgr\u00e9 une intervention du\u00a0<a href=\"http:\/\/www.lefigaro.fr\/bordeaux\/au-chu-bordeaux-une-nouvelle-unite-speciale-du-samu-ameliore-le-confort-des-patients-20240417\" data-fig-type=\"NewsFlash\" data-gtm-custom-categorie=\"navigation\" data-gtm-custom-action=\"crossclick\" data-gtm-custom-label=\"Contextuel\" data-gtm-event=\"customEventSPE\" data-fig-domain=\"LEFIGARO\" target=\"_blank\" rel=\"noopener\">Samu<\/a>, le quadrag\u00e9naire est mort \u00e9lectrocut\u00e9. Une autopsie, r\u00e9alis\u00e9e dans le cadre d\u2019une enqu\u00eate ouverte par la\u00a0<a href=\"http:\/\/www.lefigaro.fr\/bordeaux\/prevention-patrouilles-formations-a-libourne-les-vignobles-mieux-securises-grace-au-plan-20-de-la-gendarmerie-20240915\" data-fig-type=\"NewsFlash\" data-gtm-custom-categorie=\"navigation\" data-gtm-custom-action=\"crossclick\" data-gtm-custom-label=\"Contextuel\" data-gtm-event=\"customEventSPE\" data-fig-domain=\"LEFIGARO\" target=\"_blank\" rel=\"noopener\">gendarmerie de Libourne<\/a>\u00a0pour \u00abrecherche des causes de la mort\u00bb, est en cours et devrait le confirmer.\u00a0Selon les premiers \u00e9l\u00e9ments de l\u2019enqu\u00eate, aucun indice ne permet de supposer qu\u2019un tiers serait intervenu pour provoquer la mort de la victime.<\/p>\n<p>Des panneaux pour pr\u00e9venir du danger<\/p>\n<p class=\"fig-paragraph\">Selon nos sources, la p\u00eache autour du lac d\u2019Anglade est autoris\u00e9e et le lieu appr\u00e9ci\u00e9 des p\u00eacheurs. Aucun accident n\u2019y avait jamais eu lieu car ces derniers s\u2019installent d\u2019ordinaire de l\u2019autre c\u00f4t\u00e9 du lac, loin de la ligne \u00e0 haute tension. La mairie d\u2019Izon, qui s\u2019attriste de ce dramatique accident et pr\u00e9sente ses condol\u00e9ances \u00e0 la famille du d\u00e9funt, a pris un arr\u00eat\u00e9 d\u00e8s mardi afin d\u2019interdire la p\u00eache dans la zone du lac avoisinant la ligne \u00e0 haute tension. Des panneaux ont \u00e9galement \u00e9t\u00e9 install\u00e9s pour pr\u00e9venir du danger.<\/p>\n","protected":false},"excerpt":{"rendered":"Quelques heures apr\u00e8s le drame, qui s\u2019est d\u00e9roul\u00e9 autour du lac d\u2019Anglade mardi, la mairie d\u2019Izon a pris&hellip;\n","protected":false},"author":2,"featured_media":151390,"comment_status":"","ping_status":"","sticky":false,"template":"","format":"standard","meta":{"footnotes":""},"categories":[2817],"tags":[119,1111,11,1997,2916,2911,2910,2915,2909,2904,2913,2912,2914,2906,2907,1777,674,1011,27,2905,2908,12,2219,4838,25],"class_list":{"0":"post-151389","1":"post","2":"type-post","3":"status-publish","4":"format-standard","5":"has-post-thumbnail","7":"category-bordeaux","8":"tag-accident","9":"tag-actu","10":"tag-actualites","11":"tag-bordeaux","12":"tag-bordeaux-cauderan","13":"tag-bordeaux-centre-ville","14":"tag-bordeaux-chartrons-grand-parc-jardin-public","15":"tag-bordeaux-la-bastide","16":"tag-bordeaux-maritime","17":"tag-bordeaux-metropole","18":"tag-bordeaux-nansouty-st-genes","19":"tag-bordeaux-st-augustin-tauzin-alphonse-dupeux","20":"tag-bordeaux-sud","21":"tag-capitale-de-gaule","22":"tag-cathedrale-gothique-de-saint-andre","23":"tag-eu","24":"tag-europe","25":"tag-fr","26":"tag-france","27":"tag-gironde","28":"tag-girondins-de-bordeaux","29":"tag-news","30":"tag-nouvelle-aquitaine","31":"tag-peche","32":"tag-republique-francaise"},"share_on_mastodon":{"url":"","error":"Validation failed: Text character limit of 500 exceeded"},"_links":{"self":[{"href":"https:\/\/www.europesays.com\/fr\/wp-json\/wp\/v2\/posts\/151389","targetHints":{"allow":["GET"]}}],"collection":[{"href":"https:\/\/www.europesays.com\/fr\/wp-json\/wp\/v2\/posts"}],"about":[{"href":"https:\/\/www.europesays.com\/fr\/wp-json\/wp\/v2\/types\/post"}],"author":[{"embeddable":true,"href":"https:\/\/www.europesays.com\/fr\/wp-json\/wp\/v2\/users\/2"}],"replies":[{"embeddable":true,"href":"https:\/\/www.europesays.com\/fr\/wp-json\/wp\/v2\/comments?post=151389"}],"version-history":[{"count":0,"href":"https:\/\/www.europesays.com\/fr\/wp-json\/wp\/v2\/posts\/151389\/revisions"}],"wp:featuredmedia":[{"embeddable":true,"href":"https:\/\/www.europesays.com\/fr\/wp-json\/wp\/v2\/media\/151390"}],"wp:attachment":[{"href":"https:\/\/www.europesays.com\/fr\/wp-json\/wp\/v2\/media?parent=151389"}],"wp:term":[{"taxonomy":"category","embeddable":true,"href":"https:\/\/www.europesays.com\/fr\/wp-json\/wp\/v2\/categories?post=151389"},{"taxonomy":"post_tag","embeddable":true,"href":"https:\/\/www.europesays.com\/fr\/wp-json\/wp\/v2\/tags?post=151389"}],"curies":[{"name":"wp","href":"https:\/\/api.w.org\/{rel}","templated":true}]}}