{"id":151397,"date":"2025-06-04T12:21:12","date_gmt":"2025-06-04T12:21:12","guid":{"rendered":"https:\/\/www.europesays.com\/fr\/151397\/"},"modified":"2025-06-04T12:21:12","modified_gmt":"2025-06-04T12:21:12","slug":"marine-le-pen-dechue-de-son-mandat-de-conseillere-departementale-par-le-tribunal-de-lille","status":"publish","type":"post","link":"https:\/\/www.europesays.com\/fr\/151397\/","title":{"rendered":"Marine Le Pen d\u00e9chue de son mandat de conseill\u00e8re d\u00e9partementale par le tribunal de Lille"},"content":{"rendered":"<p>            Par<br \/>\n        <strong><br \/>\n            <a href=\"https:\/\/actu.fr\/auteur\/redaction-pasdecalais\" title=\"Consulter tous les articles de R\u00e9daction Pas de Calais\" rel=\"nofollow noopener\" target=\"_blank\">R\u00e9daction Pas de Calais<\/a><br \/>\n        <\/strong><\/p>\n<p>        Publi\u00e9 le<\/p>\n<p>            4 juin 2025 \u00e0 13h10        <\/p>\n<p>Ce mercredi 4 juin 2025, le tribunal administratif de Lille (Nord) a confirm\u00e9 la<b> d\u00e9mission d\u2019office de Marine Le Pen <\/b>de son<b> mandat de conseill\u00e8re d\u00e9partementale<\/b> du <a href=\"https:\/\/actu.fr\/pas-de-calais\/\" rel=\"nofollow noopener\" target=\"_blank\">Pas-de-Calais<\/a>, <b>d\u00e9boutant l\u2019\u00e9lue <\/b>qui contestait cette d\u00e9ch\u00e9ance li\u00e9e \u00e0 sa <a href=\"https:\/\/actu.fr\/politique\/proces-du-rn-condamnee-marine-le-pen-sera-ineligible-pour-la-presidentielle-de-2027_62437488.html\" rel=\"nofollow noopener\" target=\"_blank\">condamnation en mars<\/a> pour<b> d\u00e9tournement de fonds publics<\/b>.<\/p>\n<p>Son avocat annonce d\u2019office qu\u2019elle fait appel<\/p>\n<p class=\" wall-content\">L\u2019avocat de la patronne des d\u00e9put\u00e9s Rassemblement National, Thomas Laval, a imm\u00e9diatement annonc\u00e9 qu\u2019elle faisait<b> appel de cette d\u00e9cision, un appel qui suspend la d\u00e9mission d\u2019office.<\/b><\/p>\n<p class=\" wall-content\">Le tribunal a jug\u00e9 que le code \u00e9lectoral impose \u00ab\u00a0au pr\u00e9fet de d\u00e9clarer d\u00e9missionnaire d\u2019office l\u2019\u00e9lu d\u00e9partemental d\u00e9clar\u00e9 in\u00e9ligible par le juge p\u00e9nal, par un jugement assorti de l\u2019ex\u00e9cution provisoire\u00a0\u00bb, explique la juridiction dans un communiqu\u00e9. Il a \u00e9galement rejet\u00e9 la question prioritaire de constitutionnalit\u00e9 (QPC) soulev\u00e9e par l\u2019avocat de la cheffe de file de l\u2019extr\u00eame droite. Celui-ci estimait que la d\u00e9mission d\u2019office pr\u00e9vue en cas de peine d\u2019in\u00e9ligibilit\u00e9 non d\u00e9finitive mais ex\u00e9cutoire provisoirement pourrait porter atteinte \u00e0 la libert\u00e9 des \u00e9lecteurs et \u00e0 d\u2019autres principes constitutionnels.<\/p>\n<p class=\" wall-content\">Le tribunal administratif a soulign\u00e9 que ces dispositions l\u00e9gislatives ont d\u00e9j\u00e0 \u00e9t\u00e9 jug\u00e9es conformes \u00e0 la Constitution par une d\u00e9cision du Conseil constitutionnel du 28 mars 2025, portant sur les conseillers municipaux, soumis aux m\u00eames r\u00e8gles que les conseillers d\u00e9partementaux.<\/p>\n<p>Une d\u00e9cision qui \u00ab\u00a0la prive de repr\u00e9senter les \u00e9lecteurs\u00a0\u00bb, estime la d\u00e9fense<\/p>\n<p class=\" wall-content\">Dans une d\u00e9claration transmise \u00e0 la presse, l\u2019avocat de Marine Le Pen d\u00e9plore une d\u00e9cision qui \u00ab\u00a0la prive de repr\u00e9senter les \u00e9lecteurs du canton d\u2019H\u00e9nin-Beaumont 2\u00a0\u00bb, alors \u00ab\u00a0m\u00eame qu\u2019elle est encore aujourd\u2019hui pr\u00e9sum\u00e9e innocente des faits qu\u2019on lui reproche\u00a0\u00bb.<\/p>\n<p>Vid\u00e9os : en ce moment sur Actu<\/p>\n<p class=\" wall-content\">Mme le Pen a fait appel de sa condamnation fin mars par le tribunal correctionnel de Paris \u00e0 quatre ans d\u2019emprisonnement, dont deux ferme, et \u00e0 une in\u00e9ligibilit\u00e9 imm\u00e9diate de cinq ans.<\/p>\n<blockquote class=\"ac-article-quote wall-content\">\n<p>\u00ab\u00a0Le m\u00e9canisme de la d\u00e9mission d\u2019office pour une peine d\u2019in\u00e9ligibilit\u00e9 non-d\u00e9finitive, viole plusieurs principes fondamentaux dans un \u00c9tat de droit, comme le principe de la contradiction, ainsi que plusieurs engagements internationaux de la France.\u00a0\u00bb<\/p>\n<p>Me Laval, avocat de Marine Le Pen.<\/p><\/blockquote>\n<p>Un montant total de 4,4 millions d\u2019euros<\/p>\n<p class=\" wall-content\">Pour rappel, Marine Le Pen a \u00e9t\u00e9 condamn\u00e9e le 31 mars \u00e0 une in\u00e9ligibilit\u00e9 imm\u00e9diate de cinq ans dans le dossier des assistants d\u2019eurod\u00e9put\u00e9s de son parti. Elle conserve selon la jurisprudence son mandat de d\u00e9put\u00e9e du Pas-de-Calais, mais a \u00e9t\u00e9 d\u00e9mise en avril de son mandat de conseill\u00e8re d\u00e9partementale.<\/p>\n<p class=\" wall-content\">Le tribunal avait estim\u00e9 qu\u2019<b>elle \u00e9tait au \u00ab\u00a0c\u0153ur\u00a0\u00bb d\u2019un syst\u00e8me de d\u00e9tournement de fonds<\/b> <b>publics<\/b> mis en place pour payer des salari\u00e9s du parti avec l\u2019argent du Parlement europ\u00e9en, entre 2004 et 2016. Le montant total des d\u00e9tournements s\u2019\u00e9l\u00e8ve \u00e0 4,4 millions d\u2019euros.<\/p>\n<p class=\" wall-content\"><b>Source : AFP<\/b><\/p>\n<p class=\" wall-content\">Suivez toute l\u2019actualit\u00e9 de vos villes et m\u00e9dias favoris en vous inscrivant \u00e0 <a href=\"https:\/\/moncompte.actu.fr\" title=\"D\u00e9couvez Mon Actu\" rel=\"nofollow noopener\" data-trk=\"{&quot;cta&quot;:{&quot;action&quot;:&quot;https:\\\/\\\/moncompte.actu.fr&quot;,&quot;category&quot;:&quot;mon compte&quot;,&quot;from&quot;:&quot;article footer&quot;,&quot;name&quot;:&quot;Mon actu&quot;,&quot;type&quot;:&quot;cta&quot;}}\" target=\"_blank\">Mon Actu<\/a>.<\/p>\n","protected":false},"excerpt":{"rendered":"Par R\u00e9daction Pas de Calais Publi\u00e9 le 4 juin 2025 \u00e0 13h10 Ce mercredi 4 juin 2025, le&hellip;\n","protected":false},"author":2,"featured_media":151398,"comment_status":"","ping_status":"","sticky":false,"template":"","format":"standard","meta":{"footnotes":""},"categories":[2815],"tags":[1111,11,1777,674,1011,27,811,303,1307,430,12,316,25],"class_list":{"0":"post-151397","1":"post","2":"type-post","3":"status-publish","4":"format-standard","5":"has-post-thumbnail","7":"category-lille","8":"tag-actu","9":"tag-actualites","10":"tag-eu","11":"tag-europe","12":"tag-fr","13":"tag-france","14":"tag-hauts-de-france","15":"tag-justice","16":"tag-lille","17":"tag-marine-le-pen","18":"tag-news","19":"tag-politique","20":"tag-republique-francaise"},"share_on_mastodon":{"url":"https:\/\/pubeurope.com\/@fr\/114625071329095626","error":""},"_links":{"self":[{"href":"https:\/\/www.europesays.com\/fr\/wp-json\/wp\/v2\/posts\/151397","targetHints":{"allow":["GET"]}}],"collection":[{"href":"https:\/\/www.europesays.com\/fr\/wp-json\/wp\/v2\/posts"}],"about":[{"href":"https:\/\/www.europesays.com\/fr\/wp-json\/wp\/v2\/types\/post"}],"author":[{"embeddable":true,"href":"https:\/\/www.europesays.com\/fr\/wp-json\/wp\/v2\/users\/2"}],"replies":[{"embeddable":true,"href":"https:\/\/www.europesays.com\/fr\/wp-json\/wp\/v2\/comments?post=151397"}],"version-history":[{"count":0,"href":"https:\/\/www.europesays.com\/fr\/wp-json\/wp\/v2\/posts\/151397\/revisions"}],"wp:featuredmedia":[{"embeddable":true,"href":"https:\/\/www.europesays.com\/fr\/wp-json\/wp\/v2\/media\/151398"}],"wp:attachment":[{"href":"https:\/\/www.europesays.com\/fr\/wp-json\/wp\/v2\/media?parent=151397"}],"wp:term":[{"taxonomy":"category","embeddable":true,"href":"https:\/\/www.europesays.com\/fr\/wp-json\/wp\/v2\/categories?post=151397"},{"taxonomy":"post_tag","embeddable":true,"href":"https:\/\/www.europesays.com\/fr\/wp-json\/wp\/v2\/tags?post=151397"}],"curies":[{"name":"wp","href":"https:\/\/api.w.org\/{rel}","templated":true}]}}