{"id":151399,"date":"2025-06-04T12:22:08","date_gmt":"2025-06-04T12:22:08","guid":{"rendered":"https:\/\/www.europesays.com\/fr\/151399\/"},"modified":"2025-06-04T12:22:08","modified_gmt":"2025-06-04T12:22:08","slug":"il-vole-une-voiture-avec-les-cles-sur-le-contact-mais-se-fait-arreter-pour-conduite-sans-permis","status":"publish","type":"post","link":"https:\/\/www.europesays.com\/fr\/151399\/","title":{"rendered":"il vole une voiture avec les cl\u00e9s sur le contact, mais se fait arr\u00eater pour conduite sans permis"},"content":{"rendered":"<p>23\u00a0heures mardi 3\u00a0juin\u00a0: un \u00e9quipage de la brigade anticriminalit\u00e9 (BAC) patrouille aux alentours du <a href=\"https:\/\/www.laprovence.com\/article\/edition-marseille\/5199094\/le-grand-port-met-le-cap-sur-janet.html\" target=\"_blank\" rel=\"noopener\">Cap Janet<\/a>, dans le 15e arrondissement de Marseille, lorsque les fonctionnaires remarquent un homme manifestement paniqu\u00e9 qui court derri\u00e8re un v\u00e9hicule en criant \u00ab\u00a0Au <a href=\"https:\/\/www.laprovence.com\/article\/faits-divers-justice\/29183514581768\/marseille-un-policier-hors-service-prend-en-chasse-un-voleur-a-la-cite-de-la-maurelette\" target=\"_blank\" rel=\"noopener\">voleur<\/a>\u00a0!\u00a0\u00bb.<\/p>\n<p>Aussit\u00f4t, les policiers rel\u00e8vent la plaque d\u2019immatriculation et la diffusent \u00e0 tous leurs coll\u00e8gues sur le terrain. Dans le v\u00e9hicule vol\u00e9, quatre occupants qu\u2019un autre \u00e9quipage ne tarde pas \u00e0 rep\u00e9rer. Se voyant confondu, le conducteur tente d\u2019\u00e9chapper aux forces de l\u2019ordre, acc\u00e9l\u00e8re et fonce m\u00eame sur le v\u00e9hicule des policiers qui parviennent in extremis \u00e0 s\u2019extirper de la trajectoire des voleurs et \u00e0 \u00e9viter le choc.<\/p>\n<p>Les clefs sur le contact le temps d\u2019aller faire des courses<\/p>\n<p>Finalement intercept\u00e9s quelques rues plus loin, le conducteur et ses trois passagers \u00e2g\u00e9s d\u2019une vingtaine d\u2019ann\u00e9es, ont \u00e9t\u00e9 interpell\u00e9s et plac\u00e9s en garde \u00e0 vue. Outre le vol du v\u00e9hicule, le <a href=\"https:\/\/www.laprovence.com\/article\/faits-divers-justice\/64136839786029\/tarascon-deux-jeunes-grievement-blesses-apres-un-refus-dobtemperer\" target=\"_blank\" rel=\"noopener\">refus d\u2019obtemp\u00e9rer<\/a> et la mise en danger pour lesquels les quatre hommes devront rendre des comptes devant la justice, le conducteur devra \u00e9galement r\u00e9pondre d\u2019une conduite en d\u00e9faut de permis.<\/p>\n<p>Quant \u00e0 la victime, elle a pu r\u00e9cup\u00e9rer son v\u00e9hicule qu\u2019elle avait &#8211; selon les explications qu\u2019elle a fournies aux policiers &#8211; bien imprudemment laiss\u00e9 non verrouill\u00e9 et les clefs sur le contact, le temps d\u2019aller faire des emplettes dans une <a href=\"https:\/\/www.laprovence.com\/article\/faits-divers-justice\/4328451381157114\/info-la-provence-un-homme-grievement-blesse-par-arme-blanche-dans-le-9e-arrondissement-a-marseille-le-suspect-interpelle\" target=\"_blank\" rel=\"noopener\">alimentation<\/a>.<\/p>\n","protected":false},"excerpt":{"rendered":"23\u00a0heures mardi 3\u00a0juin\u00a0: un \u00e9quipage de la brigade anticriminalit\u00e9 (BAC) patrouille aux alentours du Cap Janet, dans le&hellip;\n","protected":false},"author":2,"featured_media":151400,"comment_status":"","ping_status":"","sticky":false,"template":"","format":"standard","meta":{"footnotes":""},"categories":[2814],"tags":[17,1111,11,3396,6223,1777,674,274,1011,27,151,884,12,882,25,96,4752,9343],"class_list":{"0":"post-151399","1":"post","2":"type-post","3":"status-publish","4":"format-standard","5":"has-post-thumbnail","7":"category-marseille","8":"tag-17","9":"tag-actu","10":"tag-actualites","11":"tag-avec","12":"tag-cles","13":"tag-eu","14":"tag-europe","15":"tag-faits-divers-justice","16":"tag-fr","17":"tag-france","18":"tag-les","19":"tag-marseille","20":"tag-news","21":"tag-provence-alpes-cote-dazur","22":"tag-republique-francaise","23":"tag-une","24":"tag-voiture","25":"tag-vole"},"share_on_mastodon":{"url":"https:\/\/pubeurope.com\/@fr\/114625075256908391","error":""},"_links":{"self":[{"href":"https:\/\/www.europesays.com\/fr\/wp-json\/wp\/v2\/posts\/151399","targetHints":{"allow":["GET"]}}],"collection":[{"href":"https:\/\/www.europesays.com\/fr\/wp-json\/wp\/v2\/posts"}],"about":[{"href":"https:\/\/www.europesays.com\/fr\/wp-json\/wp\/v2\/types\/post"}],"author":[{"embeddable":true,"href":"https:\/\/www.europesays.com\/fr\/wp-json\/wp\/v2\/users\/2"}],"replies":[{"embeddable":true,"href":"https:\/\/www.europesays.com\/fr\/wp-json\/wp\/v2\/comments?post=151399"}],"version-history":[{"count":0,"href":"https:\/\/www.europesays.com\/fr\/wp-json\/wp\/v2\/posts\/151399\/revisions"}],"wp:featuredmedia":[{"embeddable":true,"href":"https:\/\/www.europesays.com\/fr\/wp-json\/wp\/v2\/media\/151400"}],"wp:attachment":[{"href":"https:\/\/www.europesays.com\/fr\/wp-json\/wp\/v2\/media?parent=151399"}],"wp:term":[{"taxonomy":"category","embeddable":true,"href":"https:\/\/www.europesays.com\/fr\/wp-json\/wp\/v2\/categories?post=151399"},{"taxonomy":"post_tag","embeddable":true,"href":"https:\/\/www.europesays.com\/fr\/wp-json\/wp\/v2\/tags?post=151399"}],"curies":[{"name":"wp","href":"https:\/\/api.w.org\/{rel}","templated":true}]}}